{"id":19202,"date":"2017-11-15T11:50:12","date_gmt":"2017-11-15T08:50:12","guid":{"rendered":"http:\/\/emlaktuel.com\/?p=19202"},"modified":"2018-07-05T17:32:57","modified_gmt":"2018-07-05T14:32:57","slug":"sefakoy-basaksehir-havarayi-iptal-edildi","status":"publish","type":"post","link":"https:\/\/emlaktuel.com\/?p=19202","title":{"rendered":"Sefak\u00f6y-Ba\u015fak\u015fehir havaray\u0131 iptal edildi!"},"content":{"rendered":"<div><\/div>\n<div class=\"centerAd\">\n<p><img loading=\"lazy\" class=\"size-full wp-image-19203\" src=\"http:\/\/emlaktuel.com\/wp-content\/uploads\/2017\/11\/1652697_940x531.jpg\" alt=\"\" width=\"940\" height=\"531\" \/><\/p>\n<\/div>\n<p class=\"topP\">\u0130stanbul B\u00fcy\u00fck\u015fehir Belediye Ba\u015fkan\u0131 Mevl\u00fct Uysal, Sefak\u00f6y-Ba\u015fak\u015fehir Havaray Sistemi&#8217;nin iptal edildi\u011fini, yerine metro ve hafif rayl\u0131 sistemin hayata ge\u00e7irilece\u011fini a\u00e7\u0131klad\u0131<\/p>\n<div class=\"clear\">\u00a0\u0130stanbul B\u00fcy\u00fck\u015fehir Belediye Ba\u015fkan\u0131 Mevl\u00fct Uysal, Sefak\u00f6y-Ba\u015fak\u015fehir Havaray Sistemi&#8217;nin iptal edildi\u011fini, yerine metro ve hafif rayl\u0131 sistemin hayata ge\u00e7irilece\u011fini a\u00e7\u0131klad\u0131.<\/div>\n<div>\n<h3>Metro ve hafif rayl\u0131 sistem geliyor<\/h3>\n<p>\u0130BB Ba\u015fkan\u0131 Mevl\u00fct Uysal, <strong>havaray<\/strong> insanlara \u00e7ok cazip gelse de projelendirip ihalesi yap\u0131ld\u0131ktan sonra \u00f6zellikle Sefak\u00f6y b\u00f6lgesindeki esnaf ve vatanda\u015f\u0131n \u00e7ok ciddi rahats\u0131zl\u0131\u011f\u0131 oldu\u011funu s\u00f6yledi. Ba\u015fkan Uysal, &#8220;Havaray, dar bir alandan ge\u00e7mek zorunda kalaca\u011f\u0131 i\u00e7in kamula\u015ft\u0131rma olaca\u011f\u0131, binalar\u0131n \u00f6n\u00fcnden ge\u00e7ece\u011fi i\u00e7in g\u00f6r\u00fcnt\u00fc kirlili\u011fine yol a\u00e7abilece\u011fi \u015feklinde \u015fikayetler ald\u0131k. \u0130l\u00e7e belediyesi ve B\u00fcy\u00fck\u015fehir Belediyesi olarak, vatanda\u015flar\u0131m\u0131z\u0131n bu rahats\u0131zl\u0131klar\u0131n\u0131 dikkate alarak, her ne kadar maliyet biraz artm\u0131\u015f olsa bile art\u0131k havaray\u0131 iptal ediyoruz. Onun yerine metro ve hafif rayl\u0131 sistemi hayata ge\u00e7iriyoruz. O projeyi revize edip k\u0131sa zamanda buran\u0131n yeniden ihaleye \u00e7\u0131kmas\u0131n\u0131 sa\u011flayaca\u011f\u0131z.<\/p>\n<p>Metro ve hafif rayl\u0131 sistemin \u00f6zellikle Be\u015fyol b\u00f6lgesinde metro olarak ge\u00e7mesi gerekir. Orada hem B\u00fcy\u00fck\u015fehir ad\u0131na ciddi bir kamula\u015ft\u0131rma y\u00fck\u00fc hem de vatanda\u015f\u0131m\u0131z ad\u0131na onlar\u0131 rahats\u0131z edici bir yap\u0131 vard\u0131. Gerekirse daha sonraki yerlerde i\u015fi h\u0131zl\u0131 ve \u00e7abuk bitirme ad\u0131na baz\u0131 yerlerde yol \u00fcst\u00fcnde, baz\u0131 yerlerde ise yol alt\u0131nda yap\u0131lacak. Bunun \u00f6rnekleri var. Daha \u00f6nce Aksaray-Esenler ve Vezneciler-Sultan\u00e7iftli\u011fi&#8217;nde oldu\u011fu gibi. \u0130n\u015fallah yeni bir planlama ile bunu yapaca\u011f\u0131z.&#8221; a\u00e7\u0131klamas\u0131nda bulundu.<\/p>\n<p>Alarko Holding 27 Temmuz&#8217;da, \u00a0Sefak\u00f6y-Halkal\u0131-Ba\u015fak\u015fehir Havaray projesinde revizyon ihtiyac\u0131 do\u011fmas\u0131 nedeniyle s\u00f6z konusu ihalenin iptal edildi\u011fini a\u00e7\u0131klam\u0131\u015ft\u0131.<\/p>\n<p>Holding\u00a0taraf\u0131ndan yap\u0131lan a\u00e7\u0131klama \u015f\u00f6yleydi;\u00a0 Ba\u011fl\u0131 Ortakl\u0131klar\u0131m\u0131zdan Alsim Alarko Sanayi Tesisleri ve Ticaret A.\u015e.&#8217;nin, \u0130stanbul B\u00fcy\u00fck\u015fehir Belediyesi \u00a0\/ Avrupa Yakas\u0131 Rayl\u0131 Sistem M\u00fcd\u00fcrl\u00fc\u011f\u00fc&#8217;n\u00fcn a\u00e7m\u0131\u015f oldu\u011fu &#8220;Sefak\u00f6y-Halkal\u0131-Ba\u015fak\u015fehir Havaray Hatt\u0131 \u0130n\u015faat, Elektro-Mekanik, \u0130nce \u0130\u015fler ve Ara\u00e7 Al\u0131m\u0131&#8221; ihalesinde ekonomik a\u00e7\u0131dan en avantajl\u0131 teklif veren \u015firket oldu\u011fu, \u0130hale Komisyon Karar\u0131na kar\u015f\u0131 10 g\u00fcnl\u00fck itiraz s\u00fcresi verilmi\u015f bulundu\u011fu, itiraz s\u00fcresini m\u00fcteakiben \u015eirketimizin \u0130\u015fveren \u0130dare taraf\u0131ndan s\u00f6zle\u015fme imzalanmak \u00fczere davet edilmesinin beklendi\u011fi, s\u00f6z konusu i\u015fe ili\u015fkin teklif bedelinin (KDV hari\u00e7) 1.292.000.000 TL oldu\u011fu, daha \u00f6nce kamuya duyurulmu\u015ftu. \u0130\u015fveren \u0130darenin taraf\u0131m\u0131za 26.07.2017 tarihinde tebli\u011f edilen yaz\u0131s\u0131nda, projede revizyon ihtiyac\u0131 do\u011fmas\u0131 nedeniyle s\u00f6z konusu ihalenin iptal edildi\u011fi bildirilmi\u015ftir.<\/p>\n<\/div>\n","protected":false},"excerpt":{"rendered":"<p>\u0130stanbul B\u00fcy\u00fck\u015fehir Belediye Ba\u015fkan\u0131 Mevl\u00fct Uysal, Sefak\u00f6y-Ba\u015fak\u015fehir Havaray Sistemi&#8217;nin iptal edildi\u011fini, yerine metro ve hafif rayl\u0131 sistemin hayata ge\u00e7irilece\u011fini a\u00e7\u0131klad\u0131 \u00a0\u0130stanbul B\u00fcy\u00fck\u015fehir Belediye Ba\u015fkan\u0131 Mevl\u00fct Uysal, Sefak\u00f6y-Ba\u015fak\u015fehir Havaray Sistemi&#8217;nin iptal edildi\u011fini, yerine metro ve hafif rayl\u0131 sistemin hayata ge\u00e7irilece\u011fini a\u00e7\u0131klad\u0131. Metro ve hafif rayl\u0131 sistem geliyor \u0130BB Ba\u015fkan\u0131 Mevl\u00fct Uysal, havaray insanlara \u00e7ok cazip gelse [&hellip;]<\/p>\n","protected":false},"author":1,"featured_media":19203,"comment_status":"open","ping_status":"open","sticky":false,"template":"","format":"standard","meta":{"ngg_post_thumbnail":0},"categories":[26,5217,97,5388],"tags":[4767,111,114,73,4437,441,11320,11097,112,10253],"_links":{"self":[{"href":"https:\/\/emlaktuel.com\/index.php?rest_route=\/wp\/v2\/posts\/19202"}],"collection":[{"href":"https:\/\/emlaktuel.com\/index.php?rest_route=\/wp\/v2\/posts"}],"about":[{"href":"https:\/\/emlaktuel.com\/index.php?rest_route=\/wp\/v2\/types\/post"}],"author":[{"embeddable":true,"href":"https:\/\/emlaktuel.com\/index.php?rest_route=\/wp\/v2\/users\/1"}],"replies":[{"embeddable":true,"href":"https:\/\/emlaktuel.com\/index.php?rest_route=%2Fwp%2Fv2%2Fcomments&post=19202"}],"version-history":[{"count":1,"href":"https:\/\/emlaktuel.com\/index.php?rest_route=\/wp\/v2\/posts\/19202\/revisions"}],"predecessor-version":[{"id":19204,"href":"https:\/\/emlaktuel.com\/index.php?rest_route=\/wp\/v2\/posts\/19202\/revisions\/19204"}],"wp:featuredmedia":[{"embeddable":true,"href":"https:\/\/emlaktuel.com\/index.php?rest_route=\/wp\/v2\/media\/19203"}],"wp:attachment":[{"href":"https:\/\/emlaktuel.com\/index.php?rest_route=%2Fwp%2Fv2%2Fmedia&parent=19202"}],"wp:term":[{"taxonomy":"category","embeddable":true,"href":"https:\/\/emlaktuel.com\/index.php?rest_route=%2Fwp%2Fv2%2Fcategories&post=19202"},{"taxonomy":"post_tag","embeddable":true,"href":"https:\/\/emlaktuel.com\/index.php?rest_route=%2Fwp%2Fv2%2Ftags&post=19202"}],"curies":[{"name":"wp","href":"https:\/\/api.w.org\/{rel}","templated":true}]}}