{"id":19075,"date":"2017-11-08T12:28:03","date_gmt":"2017-11-08T09:28:03","guid":{"rendered":"http:\/\/emlaktuel.com\/?p=19075"},"modified":"2018-07-05T17:31:00","modified_gmt":"2018-07-05T14:31:00","slug":"verginin-yuzde-22si-istanbuldan","status":"publish","type":"post","link":"https:\/\/emlaktuel.com\/?p=19075","title":{"rendered":"Verginin y\u00fczde 22\u2019si \u0130stanbul&#8217;dan"},"content":{"rendered":"<header><img loading=\"lazy\" class=\"size-full wp-image-12775\" src=\"http:\/\/emlaktuel.com\/wp-content\/uploads\/2017\/03\/manset306306-gelir-vergisi-beyannamelerinde-sure-doluyor-1.jpg\" alt=\"vergi emlak vergisi\" width=\"642\" height=\"355\" \/><\/p>\n<h3>\u0130stanbul B\u00fcy\u00fck M\u00fckellefler Vergi Dairesi (BMVD) Ba\u015fkan\u0131 B\u00fclent Sar\u0131g\u00fcl Galatasaray \u00dcniversitesi\u2019nde d\u00fczenlenen Vergi Su\u00e7lar\u0131 Paneli\u2019nde konu\u015fma yapt\u0131.<\/h3>\n<p>&nbsp;<\/p>\n<\/header>\n<article>\u0130stanbul B\u00fcy\u00fck M\u00fckellefler Vergi Dairesi (BMVD) Ba\u015fkan\u0131 B\u00fclent Sar\u0131g\u00fcl, \u201c<strong>T\u00fcrkiye\u2019de toplanan vergilerin y\u00fczde 22 civar\u0131nda bir rakam\u0131n\u0131 B\u00fcy\u00fck M\u00fckellefler Vergi Dairesi\u2019nin m\u00fckellefi olan 800 m\u00fckelleften al\u0131yoruz<\/strong>\u201d dedi.Sar\u0131g\u00fcl, Galatasaray \u00dcniversitesi\u2019nde d\u00fczenlenen Vergi Su\u00e7lar\u0131 Paneli\u2019nin a\u00e7\u0131l\u0131\u015f konu\u015fmas\u0131n\u0131 yaparak kurumunun faaliyet ve vergi su\u00e7lar\u0131na ili\u015fkin bilgiler verdi.<\/p>\n<p>B\u00fcy\u00fck M\u00fckellefler Vergi Dairesi\u2019nin 2007\u2019nin ba\u015f\u0131nda ihtiya\u00e7 \u00fczerine faaliyete ge\u00e7ti\u011fini hat\u0131rlatan Sar\u0131g\u00fcl, \u201c<strong>Dairemiz 500 m\u00fckellefle faaliyete ge\u00e7mi\u015fti, daha sonra 350 m\u00fckellefin de gelmesiyle \u015fu anda 800 civar\u0131nda m\u00fckellef say\u0131m\u0131z var. T\u00fcrkiye\u2019de toplanan vergilerin de y\u00fczde 22 civar\u0131nda bir rakam\u0131n\u0131 B\u00fcy\u00fck M\u00fckellefler Vergi Dairesi\u2019nin m\u00fckellefi olan 800 m\u00fckelleften al\u0131yoruz. Vergi daireleri taraf\u0131ndan toplanan vergilerle k\u0131yaslad\u0131\u011f\u0131m\u0131zda da bu y\u00fczde 25\u2019in \u00fczerine \u00e7\u0131kabiliyor<\/strong>\u201d bilgilerini verdi.<\/p>\n<p>yeniakit.com.tr<\/p>\n<\/article>\n","protected":false},"excerpt":{"rendered":"<p>\u0130stanbul B\u00fcy\u00fck M\u00fckellefler Vergi Dairesi (BMVD) Ba\u015fkan\u0131 B\u00fclent Sar\u0131g\u00fcl Galatasaray \u00dcniversitesi\u2019nde d\u00fczenlenen Vergi Su\u00e7lar\u0131 Paneli\u2019nde konu\u015fma yapt\u0131. &nbsp; \u0130stanbul B\u00fcy\u00fck M\u00fckellefler Vergi Dairesi (BMVD) Ba\u015fkan\u0131 B\u00fclent Sar\u0131g\u00fcl, \u201cT\u00fcrkiye\u2019de toplanan vergilerin y\u00fczde 22 civar\u0131nda bir rakam\u0131n\u0131 B\u00fcy\u00fck M\u00fckellefler Vergi Dairesi\u2019nin m\u00fckellefi olan 800 m\u00fckelleften al\u0131yoruz\u201d dedi.Sar\u0131g\u00fcl, Galatasaray \u00dcniversitesi\u2019nde d\u00fczenlenen Vergi Su\u00e7lar\u0131 Paneli\u2019nin a\u00e7\u0131l\u0131\u015f konu\u015fmas\u0131n\u0131 yaparak kurumunun [&hellip;]<\/p>\n","protected":false},"author":1,"featured_media":12775,"comment_status":"open","ping_status":"open","sticky":false,"template":"","format":"standard","meta":{"ngg_post_thumbnail":0},"categories":[5213],"tags":[11253,180,268,73,217],"_links":{"self":[{"href":"https:\/\/emlaktuel.com\/index.php?rest_route=\/wp\/v2\/posts\/19075"}],"collection":[{"href":"https:\/\/emlaktuel.com\/index.php?rest_route=\/wp\/v2\/posts"}],"about":[{"href":"https:\/\/emlaktuel.com\/index.php?rest_route=\/wp\/v2\/types\/post"}],"author":[{"embeddable":true,"href":"https:\/\/emlaktuel.com\/index.php?rest_route=\/wp\/v2\/users\/1"}],"replies":[{"embeddable":true,"href":"https:\/\/emlaktuel.com\/index.php?rest_route=%2Fwp%2Fv2%2Fcomments&post=19075"}],"version-history":[{"count":2,"href":"https:\/\/emlaktuel.com\/index.php?rest_route=\/wp\/v2\/posts\/19075\/revisions"}],"predecessor-version":[{"id":19077,"href":"https:\/\/emlaktuel.com\/index.php?rest_route=\/wp\/v2\/posts\/19075\/revisions\/19077"}],"wp:featuredmedia":[{"embeddable":true,"href":"https:\/\/emlaktuel.com\/index.php?rest_route=\/wp\/v2\/media\/12775"}],"wp:attachment":[{"href":"https:\/\/emlaktuel.com\/index.php?rest_route=%2Fwp%2Fv2%2Fmedia&parent=19075"}],"wp:term":[{"taxonomy":"category","embeddable":true,"href":"https:\/\/emlaktuel.com\/index.php?rest_route=%2Fwp%2Fv2%2Fcategories&post=19075"},{"taxonomy":"post_tag","embeddable":true,"href":"https:\/\/emlaktuel.com\/index.php?rest_route=%2Fwp%2Fv2%2Ftags&post=19075"}],"curies":[{"name":"wp","href":"https:\/\/api.w.org\/{rel}","templated":true}]}}