{"id":19067,"date":"2017-11-08T11:26:27","date_gmt":"2017-11-08T08:26:27","guid":{"rendered":"http:\/\/emlaktuel.com\/?p=19067"},"modified":"2018-07-05T17:30:51","modified_gmt":"2018-07-05T14:30:51","slug":"insaat-sektoru-siber-saldirilara-hazir-mi","status":"publish","type":"post","link":"https:\/\/emlaktuel.com\/?p=19067","title":{"rendered":"\u0130n\u015faat sekt\u00f6r\u00fc siber sald\u0131r\u0131lara haz\u0131r m\u0131?"},"content":{"rendered":"<p><img loading=\"lazy\" class=\"alignleft size-full wp-image-19068\" src=\"http:\/\/emlaktuel.com\/wp-content\/uploads\/2017\/11\/1509966088_Canon_EMEA_Bilgi_G__venligi_Direktoru_Quentyn_Taylor.jpeg\" alt=\"\" width=\"3425\" height=\"2784\" \/><\/p>\n<p>\u0130n\u015faat sekt\u00f6r\u00fc, ki\u015fisel bilgilere yasa d\u0131\u015f\u0131 eri\u015fimden, bir tedarik zincirinin t\u00fcm\u00fcn\u00fc imha edebilecek fidye vir\u00fcslerine kadar t\u00fcm siber sald\u0131r\u0131lara kar\u015f\u0131 \u00e7ok savunmas\u0131z durumda. Avrupa genelinde tart\u0131\u015fmaya a\u00e7\u0131lan konuya dikkat \u00e7eken Canon EMEA Bilgi G\u00fcvenli\u011fi Direkt\u00f6r\u00fc Quentyn Taylor, \u201c\u015eirketlerin \u2018olursa\u2019 yerine \u2018oldu\u2019 halini d\u00fc\u015f\u00fcnmeye ba\u015flamalar\u0131 gerekti\u011fini ve tehditlerden nas\u0131l korunacaklar\u0131n\u0131\u201d a\u00e7\u0131klad\u0131.<\/p>\n<p>Son on y\u0131lda veri g\u00fcvenli\u011fi a\u00e7\u0131s\u0131ndan \u00e7ok \u015fey de\u011fi\u015fti ve in\u015faat sekt\u00f6r\u00fc t\u00fcm verilerin do\u011fru standartlarda tutulmas\u0131 y\u00f6n\u00fcnde b\u00fcy\u00fck ad\u0131mlar att\u0131. Ancak, 25 May\u0131s 2018\u2019de Avrupa \u00fclkelerinde y\u00fcr\u00fcrl\u00fc\u011fe girecek olan General Data Protection Regulation (Genel Veri Koruma Y\u00f6netmeli\u011fi) ile \u015fimdiki kurallara k\u0131yasla hat\u0131r\u0131 say\u0131l\u0131r derecede daha y\u00fcksek cezalar uygulanacak. Bu kurallar\u0131n ihlali durumunda, kurulu\u015flar y\u0131ll\u0131k k\u00fcresel cirolar\u0131n\u0131n y\u00fczde d\u00f6rd\u00fc oran\u0131nda veya 20 milyon Euro (hangisi daha y\u00fcksekse) tutarlar\u0131nda cezalar alabilirler.<\/p>\n<p><strong>Canon \u201cBilgi g\u00fcvenli\u011fi\u201dnin \u00f6nemini a\u00e7\u0131kl\u0131yor&#8230;<\/strong><\/p>\n<p>\u0130n\u015faat sekt\u00f6r\u00fcnde ozalit kopyalar, fikri m\u00fclkiyet ve m\u00fc\u015fteri veri tabanlar\u0131 \u00e7ok de\u011ferli. Mali a\u00e7\u0131dan g\u00fcvende olmaya ve rekabet etmeye \u00e7al\u0131\u015f\u0131rken de bu t\u00fcr bilgilerin s\u0131zmas\u0131 hem firmalar\u0131 hem de sekt\u00f6r\u00fcn genelini derinden sarsabilecek durumlar do\u011furabilir. Bilgi g\u00fcvenli\u011fi ile ilgili y\u0131llard\u0131r \u00e7al\u0131\u015fan Quentyn Taylor\u2019\u0131n verdi\u011fi \u00f6rnek hen\u00fcz haf\u0131zalar\u0131m\u0131zda taze. Yak\u0131n ge\u00e7mi\u015fte \u2018Petya\u2019 ad\u0131 verilen fidye vir\u00fcs\u00fcn\u00fcn yay\u0131lmas\u0131, Avrupa ve ABD genelindeki \u015firketleri vurmas\u0131n\u0131n yaralar\u0131 hen\u00fcz sar\u0131l\u0131yor. Kurulu\u015flara b\u00fcy\u00fck zararlar veren siber sald\u0131r\u0131, do\u011fru g\u00fcvenlik protokollerine uyulmad\u0131\u011f\u0131 takdirde olabilecek hasar\u0131n \u00f6l\u00e7e\u011fini de g\u00f6zler \u00f6n\u00fcne seriyor.<\/p>\n<p>\u0130n\u015faat sekt\u00f6r\u00fc, bir ki\u015filik giri\u015fimlerden \u00e7ok uluslu \u015firketlere kadar \u00e7e\u015fitli boyutlarda kurulu\u015flar i\u00e7eriyor ve do\u011fru g\u00fcvenlik \u00f6nlemleri al\u0131nmam\u0131\u015fsa, k\u00fc\u00e7\u00fck i\u015fletmeler b\u00fcy\u00fck i\u015fletmeleri \u00f6nemli derecede etkileyebiliyor.<\/p>\n<p><strong>T\u00fcrkiye\u2019deki son durum<\/strong><\/p>\n<p>Canon \u0130\u015f \u00c7\u00f6z\u00fcmleri \u00dcr\u00fcn Geli\u015ftirme M\u00fcd\u00fcr\u00fc Bora \u015ear T\u00fcrkiye\u2019de in\u015faat sekt\u00f6r\u00fcn\u00fcn en h\u0131zl\u0131 b\u00fcy\u00fcyen sekt\u00f6rlerin ba\u015f\u0131nda yer ald\u0131\u011f\u0131na dikkat \u00e7ekiyor. Fakat in\u015faat sekt\u00f6r\u00fcnde bilgi g\u00fcvenli\u011fi ve y\u00f6netimine verilen \u00f6nemin di\u011fer sekt\u00f6rlere k\u0131yasla \u00e7ok daha yava\u015f ilerledi\u011finin alt\u0131n\u0131 \u00e7izen \u015ear, \u00fcretilen, y\u00f6netilmesi gereken ve yetkilendirilmeye ihtiyac\u0131 olan verilerin, di\u011fer sekt\u00f6rlerden \u00e7ok daha de\u011ferli ve verimlilikte de do\u011frudan etkili oldu\u011funu vurgulayarak \u015fu \u00f6rne\u011fi veriyor: 5 bin hanelik bir sitede elektrik, su ve g\u00fcvenlik altyap\u0131lar\u0131n\u0131 kategorize ederek b\u00fct\u00fcn de\u011fi\u015fiklikleri e\u015f zamanl\u0131 izlemek verimlili\u011fi ciddi bir \u015fekilde art\u0131r\u0131yor. Site y\u00f6netimine gelen soru ve \u015fikayetlerin istatistiklerini olu\u015fturmak ve bu bilgiyi sadece ilgili ki\u015filere yetkilendirilmi\u015f bir \u015fekilde onaya sunmak hem y\u00f6netim hem de site sakinlerinin hayat\u0131n\u0131 son derece kolayla\u015ft\u0131r\u0131yor.<\/p>\n<p><strong>Fidye vir\u00fcs sald\u0131r\u0131s\u0131nda iflas edenler<\/strong><\/p>\n<p>Konuyla ilgili derin ara\u015ft\u0131rmalar\u0131 bulunan Osterman Ara\u015ft\u0131rma \u015eirketi\u2019nin bir raporuna g\u00f6re ge\u00e7en y\u0131l fidye vir\u00fcs\u00fc sald\u0131r\u0131s\u0131na u\u011frayan, 1.000 ki\u015fiden az \u00e7al\u0131\u015fan\u0131 bulunan \u015firketlerin y\u00fczde 22\u2019si iflas etti, y\u00fczde 15\u2019i ise y\u00fcksek d\u00fczeyde gelir kaybetti.<\/p>\n<p>\u0130n\u015faat sekt\u00f6r\u00fc d\u00fcnya genelinde veri g\u00fcvenli\u011fi a\u00e7\u0131s\u0131ndan kendi tedarik zincirinin insaf\u0131na kalm\u0131\u015f durumda. Genelde s\u00f6zle\u015fmelerinin b\u00fcy\u00fck bir k\u0131sm\u0131n\u0131 ta\u015feronlara dayanarak imzalayan dev in\u015faat \u015firketleri, bu ta\u015feron \u015firketlerin g\u00fcvenlik altyap\u0131lar\u0131n\u0131 kontrol etmiyor. Ta\u015feronlardan birine yap\u0131lan tek bir fidye vir\u00fcs\u00fc sald\u0131r\u0131s\u0131 bile teslim s\u00fcrelerini uzatmaktan in\u015faat planlar\u0131n\u0131 kaybetmeye kadar b\u00fcy\u00fck \u00f6l\u00e7ekli hasarlar verebiliyor. Bu da ana m\u00fcteahhidi \u00e7ok ciddi mali sonu\u00e7larla kar\u015f\u0131 kar\u015f\u0131ya b\u0131rakabiliyor.<\/p>\n<p><strong>Bireysel cihazlara belge kaydetmeyin<\/strong><\/p>\n<p>G\u00fcvenlikle ilgili i\u00e7 s\u00fcre\u00e7ler y\u00fcr\u00fcrl\u00fc\u011fe sokulduktan sonraki ad\u0131m, t\u00fcm \u00e7al\u0131\u015fanlar\u0131n ve bilgi i\u015flem departman\u0131n\u0131n bu s\u00fcre\u00e7lerle ilgili e\u011fitim almalar\u0131. \u00d6ncelikli olarak \u00e7al\u0131\u015fanlar\u0131n bilgiyi \u00e7al\u0131\u015fma arkada\u015flar\u0131 ile nas\u0131l payla\u015facaklar\u0131 ve bireysel cihazlar\u0131na belge kaydetmemeleri gerekti\u011fi \u00f6\u011fretilmeli. Davran\u0131\u015flar\u0131n standartla\u015fmas\u0131 ve s\u00fcre\u00e7lerin s\u0131k\u0131 tutulmas\u0131 \u015firketlerin alaca\u011f\u0131 verimlili\u011fin de artmas\u0131 anlam\u0131na geliyor.<\/p>\n<p><strong>Soru ve sonu\u00e7<\/strong><\/p>\n<p>Bilgi i\u015flem sistemlerinize eri\u015femeden birka\u00e7 g\u00fcn bile dayanabilir misiniz? Sald\u0131r\u0131lar her g\u00fcn farkl\u0131 aral\u0131klarla olabiliyor. Haz\u0131rl\u0131kl\u0131 de\u011filseniz i\u015finizin darbe almas\u0131 an meselesi&#8230;<\/p>\n","protected":false},"excerpt":{"rendered":"<p>\u0130n\u015faat sekt\u00f6r\u00fc, ki\u015fisel bilgilere yasa d\u0131\u015f\u0131 eri\u015fimden, bir tedarik zincirinin t\u00fcm\u00fcn\u00fc imha edebilecek fidye vir\u00fcslerine kadar t\u00fcm siber sald\u0131r\u0131lara kar\u015f\u0131 \u00e7ok savunmas\u0131z durumda. Avrupa genelinde tart\u0131\u015fmaya a\u00e7\u0131lan konuya dikkat \u00e7eken Canon EMEA Bilgi G\u00fcvenli\u011fi Direkt\u00f6r\u00fc Quentyn Taylor, \u201c\u015eirketlerin \u2018olursa\u2019 yerine \u2018oldu\u2019 halini d\u00fc\u015f\u00fcnmeye ba\u015flamalar\u0131 gerekti\u011fini ve tehditlerden nas\u0131l korunacaklar\u0131n\u0131\u201d a\u00e7\u0131klad\u0131. Son on y\u0131lda veri g\u00fcvenli\u011fi [&hellip;]<\/p>\n","protected":false},"author":1,"featured_media":19068,"comment_status":"open","ping_status":"open","sticky":false,"template":"","format":"standard","meta":{"ngg_post_thumbnail":0},"categories":[26,5217,97,5225],"tags":[67,1258,11160,11447,11159,556,316],"_links":{"self":[{"href":"https:\/\/emlaktuel.com\/index.php?rest_route=\/wp\/v2\/posts\/19067"}],"collection":[{"href":"https:\/\/emlaktuel.com\/index.php?rest_route=\/wp\/v2\/posts"}],"about":[{"href":"https:\/\/emlaktuel.com\/index.php?rest_route=\/wp\/v2\/types\/post"}],"author":[{"embeddable":true,"href":"https:\/\/emlaktuel.com\/index.php?rest_route=\/wp\/v2\/users\/1"}],"replies":[{"embeddable":true,"href":"https:\/\/emlaktuel.com\/index.php?rest_route=%2Fwp%2Fv2%2Fcomments&post=19067"}],"version-history":[{"count":1,"href":"https:\/\/emlaktuel.com\/index.php?rest_route=\/wp\/v2\/posts\/19067\/revisions"}],"predecessor-version":[{"id":19069,"href":"https:\/\/emlaktuel.com\/index.php?rest_route=\/wp\/v2\/posts\/19067\/revisions\/19069"}],"wp:featuredmedia":[{"embeddable":true,"href":"https:\/\/emlaktuel.com\/index.php?rest_route=\/wp\/v2\/media\/19068"}],"wp:attachment":[{"href":"https:\/\/emlaktuel.com\/index.php?rest_route=%2Fwp%2Fv2%2Fmedia&parent=19067"}],"wp:term":[{"taxonomy":"category","embeddable":true,"href":"https:\/\/emlaktuel.com\/index.php?rest_route=%2Fwp%2Fv2%2Fcategories&post=19067"},{"taxonomy":"post_tag","embeddable":true,"href":"https:\/\/emlaktuel.com\/index.php?rest_route=%2Fwp%2Fv2%2Ftags&post=19067"}],"curies":[{"name":"wp","href":"https:\/\/api.w.org\/{rel}","templated":true}]}}