{"id":19059,"date":"2017-11-08T11:12:45","date_gmt":"2017-11-08T08:12:45","guid":{"rendered":"http:\/\/emlaktuel.com\/?p=19059"},"modified":"2018-07-05T17:30:46","modified_gmt":"2018-07-05T14:30:46","slug":"meydan-ardiclida-yuzde-80-prim-bekliyoruz-2","status":"publish","type":"post","link":"https:\/\/emlaktuel.com\/?p=19059","title":{"rendered":"\u2018Meydan Ard\u0131\u00e7l\u0131\u2019da y\u00fczde 80 prim bekliyoruz\u2019"},"content":{"rendered":"<div class=\"clear\">\u00a0<img loading=\"lazy\" class=\"size-full wp-image-4760 aligncenter\" src=\"http:\/\/emlaktuel.com\/wp-content\/uploads\/2016\/08\/NzQ2NTIwMT-devlet-katkisi-gayrimenkul-sektorune-yeni-bir-ivme-kazandiracak.jpg\" alt=\"\" width=\"468\" height=\"300\" \/><\/div>\n<div class=\"entry\">\n<p>&nbsp;<\/p>\n<p>\u0130stanbul <strong>Esenyurt<\/strong> b\u00f6lgesinde bug\u00fcn lansman\u0131 d\u00fczenlenen <a href=\"http:\/\/emlaktuel.com\/?s=meydan%20ard%C4%B1%C3%A7l\"><strong>Meydan Ard\u0131\u00e7l\u0131 Projesi<\/strong>\u2018<\/a>nin lansman sat\u0131\u015flar\u0131na ba\u015fland\u0131. Esenyurt\u2019un k\u00f6kl\u00fc dev firmalar\u0131 <a href=\"http:\/\/emlaktuel.com\/?s=meydan%20ard%C4%B1%C3%A7l\"><strong>\u00d6zyurtlar Holding<\/strong><\/a> ve <strong>Baha\u015f Holding<\/strong>\u2018in ortak giri\u015fimi ile hayata ge\u00e7en 1.683 konut\u00a0ve 121 ticari birimden olu\u015fan dev proje her ge\u00e7en g\u00fcn geli\u015fen ve b\u00fcy\u00fcyen Esenyurt\u2019a yeni bir de\u011fer katmaya haz\u0131rlan\u0131yor.<\/p>\n<p><strong><a href=\"http:\/\/emlaktuel.com\/?s=meydan%20ard%C4%B1%C3%A7l\">Meydan Ard\u0131\u00e7l\u0131 Projesi<\/a><\/strong>, lansman \u00f6ncesi \u00f6n sat\u0131\u015f d\u00f6neminde y\u00fczde 20 sat\u0131\u015fla bir rekora imza att\u0131.<\/p>\n<p><strong>\u00d6zyurtlar Holding Y\u00f6netim Kurulu Ba\u015fkan\u0131 Tamer \u00d6zyurt<\/strong> ve <strong>Baha\u015f Y\u00f6netim Kunulu Ba\u015fkan Yard\u0131mc\u0131s\u0131 Abd\u00fcssamet Bahad\u0131r<\/strong> bas\u0131n toplant\u0131s\u0131nda \u00f6n sat\u0131\u015f d\u00f6neminde ald\u0131klar\u0131 verimi do\u011fru bir proje ve m\u00fc\u015fteriye \u015fi\u015firilmemi\u015f fiyat sunmak ve ki\u015fiye \u00f6zel \u00f6deme imkanlar\u0131 ile bunun kar\u015f\u0131l\u0131\u011f\u0131n\u0131 k\u0131sa s\u00fcrede ald\u0131klar\u0131n\u0131 belirttiler.<\/p>\n<p><strong>\u2018Bu\u00e7uklu daireler talep \u00fczerine yap\u0131ld\u0131\u2019<\/strong><\/p>\n<p><strong><a href=\"http:\/\/emlaktuel.com\/?s=meydan%20ard%C4%B1%C3%A7l\">Meydan Ard\u0131\u00e7l\u0131<\/a>\u2018<\/strong>da konut tipleri olarak 1+1, 2+1 dairelerin d\u0131\u015f\u0131nda 3+1 ve 4+1 yerine 3,5+1 ve 4,5+1 bu\u00e7uklu dairelere yer verildi. Konut sahibi olmak isteyen m\u00fc\u015fterilerimizden bu y\u00f6nde talepler ald\u0131\u011f\u0131m\u0131z i\u00e7in b\u00f6yle bir daire tipi tercih ettik.<\/p>\n<p><img loading=\"lazy\" class=\"size-full wp-image-17667\" src=\"http:\/\/emlaktuel.com\/wp-content\/uploads\/2017\/09\/19.jpg\" alt=\"meydan ard\u0131\u00e7l\u0131 meydan\u0131 nerede?\" width=\"2000\" height=\"1333\" \/><\/p>\n<p><strong>\u2018Projemizde hem i\u00e7erde hem de d\u0131\u015far\u0131da 2 meydan yer alacak\u2019<\/strong><\/p>\n<p><strong>\u00d6zyurtlar Holding Y\u00f6netim Kurulu Ba\u015fkan\u0131 Tamer \u00d6zyurt<\/strong>, Esenyurt\u2019ta bu zamana kadar \u00e7ok b\u00fcy\u00fck i\u015fler yapt\u0131klar\u0131n\u0131 s\u00f6yledi. \u00d6zyurt\u00a0\u2018<a href=\"http:\/\/emlaktuel.com\/?s=meydan%20ard%C4%B1%C3%A7l\"><strong>Meydan Ard\u0131\u00e7l\u0131<\/strong><\/a>\u2018y\u0131 ise bizim gibi bu b\u00f6lgede en g\u00fc\u00e7l\u00fc isimlerden <strong>Baha\u015f Holding<\/strong>\u2018le birle\u015ferek yapt\u0131k. Bu projemizde 2 meydan yer alacak, Bu meydanlardan biri projenin ortas\u0131nda di\u011feri ise d\u0131\u015f k\u0131sm\u0131nda olacak. i\u00e7 meydan 7 bin metrekareden d\u0131\u015f meydan ise 5 bin metrekareden olu\u015fuyor.\u2019 \u015feklinde konu\u015ftu.<\/p>\n<p><strong>Yabanc\u0131lara lansman \u00f6ncesi y\u00fczde 30 sat\u0131\u015f yap\u0131ld\u0131<\/strong><\/p>\n<p><strong>Tamer \u00d6zyurt<\/strong> \u2018Hey yerli hem de yabanc\u0131lardan olduk\u00e7a yo\u011fun talep ald\u0131k, lansman \u00f6ncesi taleplerin y\u00fczde 30\u2019u yabanc\u0131lardan oldu. Yabanc\u0131lar\u0131n en yo\u011fun al\u0131mlar\u0131 genelde bu aylan y\u0131l sonuna kadar s\u00fcr\u00fcyor. Yabanc\u0131ya sat\u0131\u015flar\u0131m\u0131z\u0131n ge\u00e7en y\u0131la oranlar gdaha iyi e\u00e7ece\u011fini \u00f6ng\u00fcruyorum\u2019 dedi.<\/p>\n<p><img loading=\"lazy\" class=\"size-full wp-image-17240\" src=\"http:\/\/emlaktuel.com\/wp-content\/uploads\/2017\/09\/1.jpg\" alt=\"meydan ard\u0131\u00e7l\u0131 \u00f6zyurtlar\" width=\"1200\" height=\"800\" \/><\/p>\n<p><strong>\u2018Bug\u00fcne kadar \u00d6zyurtlardan konut al\u0131p kazanmayan yok\u2019<\/strong><\/p>\n<p><strong>Tamer \u00d6zyurt,<\/strong> \u2018Ger\u00e7ek\u00e7i fiyatlarla pazarlama yapt\u0131\u011f\u0131m\u0131z i\u00e7in tercih ediliyoruz. Fiyatlar\u0131m\u0131z metrekare olarak 3 bin TL ile 4 bin TL aras\u0131nda de\u011fi\u015fiyor. Bug\u00fcne kadar \u00d6zyurtlar olarak Esenyurt\u2019ta bir\u00e7ok konut yapt\u0131k ve bu konutlardan al\u0131p da kazanmayan yok. Y\u00fczde 100 ile 80 aras\u0131nda kazan\u00e7 sa\u011fl\u0131yoruz.\u2019 dedi.<\/p>\n<p><strong>As\u0131l i\u015fimiz in\u015faat diyen Bahad\u0131r ise \u015f\u00f6yle devam etti:<\/strong><\/p>\n<p>Uzun y\u0131llar kamu kurulu\u015flar\u0131na 100 civar\u0131nda proje \u00fcrettik, <strong>Baha\u015f Holding<\/strong> olarak projelerimiz devam ediyor. B\u00f6lgenin en b\u00fcy\u00fck hastanesini ve Esenyurt\u2019ta Cumhurba\u015fkan\u0131m\u0131z\u0131n gelip a\u00e7\u0131l\u0131\u015f\u0131n\u0131 yapt\u0131\u011f\u0131 \u0130mam Hatip K\u00fclliyesininin in\u015faat\u0131n\u0131 bitirdik. Bu b\u00f6lgede en g\u00fc\u00e7l\u00fc firman\u0131n \u00d6zyurtlar oldu\u011funu s\u00f6yleyen Bahad\u0131r o y\u00fczden \u00d6zyurtlar ile birlikte y\u00fcr\u00fcme karar\u0131 ald\u0131r\u2019 dedi.<\/p>\n<p><img loading=\"lazy\" class=\"size-full wp-image-17241\" src=\"http:\/\/emlaktuel.com\/wp-content\/uploads\/2017\/09\/3.jpg\" alt=\"meydan ard\u0131\u00e7l\u0131 \u00f6zyurtlar\" width=\"1200\" height=\"800\" \/><\/p>\n<p><strong>Metronun gelmesi projeye \u00e7ok de\u011fer katacak<\/strong><\/p>\n<p>\u2018<a href=\"http:\/\/emlaktuel.com\/?s=meydan%20ard%C4%B1%C3%A7l\"><strong>Ard\u0131\u00e7l\u0131 metrosu<\/strong><\/a> ve <strong>TEM<\/strong> otoyoluna yak\u0131nl\u0131\u011f\u0131; <strong>AVM<\/strong>, hastane ve \u00fcniversitelere olan yak\u0131nl\u0131\u011f\u0131ndan dolay\u0131 projemiz daha da de\u011fer kazan\u0131yor. \u00d6zellikle metronun kendi arazimizde olmas\u0131 \u00e7ok \u00f6nemli\u2019<\/p>\n<\/div>\n","protected":false},"excerpt":{"rendered":"<p>\u00a0 &nbsp; \u0130stanbul Esenyurt b\u00f6lgesinde bug\u00fcn lansman\u0131 d\u00fczenlenen Meydan Ard\u0131\u00e7l\u0131 Projesi\u2018nin lansman sat\u0131\u015flar\u0131na ba\u015fland\u0131. Esenyurt\u2019un k\u00f6kl\u00fc dev firmalar\u0131 \u00d6zyurtlar Holding ve Baha\u015f Holding\u2018in ortak giri\u015fimi ile hayata ge\u00e7en 1.683 konut\u00a0ve 121 ticari birimden olu\u015fan dev proje her ge\u00e7en g\u00fcn geli\u015fen ve b\u00fcy\u00fcyen Esenyurt\u2019a yeni bir de\u011fer katmaya haz\u0131rlan\u0131yor. Meydan Ard\u0131\u00e7l\u0131 Projesi, lansman \u00f6ncesi \u00f6n sat\u0131\u015f [&hellip;]<\/p>\n","protected":false},"author":1,"featured_media":19062,"comment_status":"open","ping_status":"open","sticky":false,"template":"","format":"standard","meta":{"ngg_post_thumbnail":0},"categories":[5219,26,5217,97,5388],"tags":[11652,11388,80,11100,8250,8247,9297,10207,2393,8268,2699,106,2208],"_links":{"self":[{"href":"https:\/\/emlaktuel.com\/index.php?rest_route=\/wp\/v2\/posts\/19059"}],"collection":[{"href":"https:\/\/emlaktuel.com\/index.php?rest_route=\/wp\/v2\/posts"}],"about":[{"href":"https:\/\/emlaktuel.com\/index.php?rest_route=\/wp\/v2\/types\/post"}],"author":[{"embeddable":true,"href":"https:\/\/emlaktuel.com\/index.php?rest_route=\/wp\/v2\/users\/1"}],"replies":[{"embeddable":true,"href":"https:\/\/emlaktuel.com\/index.php?rest_route=%2Fwp%2Fv2%2Fcomments&post=19059"}],"version-history":[{"count":3,"href":"https:\/\/emlaktuel.com\/index.php?rest_route=\/wp\/v2\/posts\/19059\/revisions"}],"predecessor-version":[{"id":19093,"href":"https:\/\/emlaktuel.com\/index.php?rest_route=\/wp\/v2\/posts\/19059\/revisions\/19093"}],"wp:featuredmedia":[{"embeddable":true,"href":"https:\/\/emlaktuel.com\/index.php?rest_route=\/wp\/v2\/media\/19062"}],"wp:attachment":[{"href":"https:\/\/emlaktuel.com\/index.php?rest_route=%2Fwp%2Fv2%2Fmedia&parent=19059"}],"wp:term":[{"taxonomy":"category","embeddable":true,"href":"https:\/\/emlaktuel.com\/index.php?rest_route=%2Fwp%2Fv2%2Fcategories&post=19059"},{"taxonomy":"post_tag","embeddable":true,"href":"https:\/\/emlaktuel.com\/index.php?rest_route=%2Fwp%2Fv2%2Ftags&post=19059"}],"curies":[{"name":"wp","href":"https:\/\/api.w.org\/{rel}","templated":true}]}}