{"id":18942,"date":"2017-11-04T14:51:03","date_gmt":"2017-11-04T11:51:03","guid":{"rendered":"http:\/\/emlaktuel.com\/?p=18942"},"modified":"2018-07-05T17:29:27","modified_gmt":"2018-07-05T14:29:27","slug":"cumhurbaskani-erdogan-turkerler-holdingin-alasehir-jeotermal-santralini-acti","status":"publish","type":"post","link":"https:\/\/emlaktuel.com\/?p=18942","title":{"rendered":"Cumhurba\u015fkan\u0131 Erdo\u011fan, T\u00fcrkerler Holding&#8217;in Ala\u015fehir Jeotermal Santralini a\u00e7t\u0131"},"content":{"rendered":"<p><img loading=\"lazy\" class=\"size-full wp-image-18943\" src=\"http:\/\/emlaktuel.com\/wp-content\/uploads\/2017\/11\/1509789803_Ala__ehir_a____l_____1.jpg\" alt=\"\" width=\"2538\" height=\"1686\" \/><\/p>\n<h2>Kaz\u0131m T\u00fcrker: &#8216; T\u00fcrkiye\u2019nin en b\u00fcy\u00fck yenilenebilir enerji yat\u0131r\u0131mc\u0131s\u0131 olaca\u011f\u0131z&#8217;<\/h2>\n<p><strong>T\u00fcrkerler Holding\u2019in Manisa\u2019da kurdu\u011fu Ala\u015fehir Jeotermal Santrali, Cumhurba\u015fkan\u0131 Erdo\u011fan taraf\u0131ndan resmen hizmete a\u00e7\u0131ld\u0131.<\/strong><\/p>\n<p><strong>T\u00fcrkiye\u2019nin en b\u00fcy\u00fck yenilenebilir enerji yat\u0131r\u0131mc\u0131s\u0131 olmay\u0131 hedeflediklerini vurgulayan T\u00fcrkerler Holding Y\u00f6netim Kurulu Ba\u015fkan\u0131 Kaz\u0131m T\u00fcrker, \u201cT\u00fcrkiye ekonomisindeki istikrar\u0131n devam\u0131 i\u00e7in bundan sonra da \u00e7ok daha g\u00fc\u00e7l\u00fc bir \u015fekilde \u00e7al\u0131\u015fmaya, \u00fcretmeye devam edece\u011fiz\u201d dedi.<\/strong><\/p>\n<p>T\u00fcrkiye ekonomisine y\u00f6n veren gruplardan T\u00fcrkerler Holding\u2019in enerji yat\u0131r\u0131mlar\u0131 t\u00fcm h\u0131z\u0131yla devam ediyor. A\u011fustos ay\u0131nda, R\u00fczg\u00e2r Enerjisi YEKA ihalesini kazanarak enerji sekt\u00f6r\u00fcnde t\u00fcm dikkatleri \u00fczerine \u00e7eken T\u00fcrkerler, son olarak Manisa Ala\u015fehir Jeotermal Santrali\u2019ni de tamamlayarak jeotermaldeki g\u00fcc\u00fcn\u00fc peki\u015ftirdi. T\u00fcrkerler\u2019in yeni projesi Ala\u015fehir Jeotermal Santrali, Cumhurba\u015fkan\u0131 Recep Tayyip Erdo\u011fan taraf\u0131ndan, Manisa\u2019da d\u00fczenlenen toplu a\u00e7\u0131l\u0131\u015f t\u00f6reninde ger\u00e7ekle\u015ftirilen canl\u0131 ba\u011flant\u0131yla resmen a\u00e7\u0131ld\u0131.<\/p>\n<p>T\u00fcrkiye\u2019nin her zamankinden daha h\u0131zl\u0131 ko\u015fmaya, daha fazla \u00fcretmeye ihtiyac\u0131 oldu\u011funun bilincinde olduklar\u0131n\u0131 vurgulayan T\u00fcrkerler Holding Y\u00f6netim Kurulu Ba\u015fkan\u0131 Kaz\u0131m T\u00fcrker, \u201cT\u00fcrkiye, Say\u0131n Cumhurba\u015fkan\u0131m\u0131z\u0131n liderli\u011finde ve Say\u0131n Enerji Bakan\u0131m\u0131z\u0131n destekleriyle enerjide \u00e7ok b\u00fcy\u00fck bir at\u0131l\u0131m i\u00e7inde. T\u00fcrkerler Holding olarak biz de T\u00fcrkiye\u2019nin en b\u00fcy\u00fck yenilenebilir enerji yat\u0131r\u0131mc\u0131s\u0131 olmak i\u00e7in gece g\u00fcnd\u00fcz \u00e7al\u0131\u015f\u0131yoruz. Bu hedefimize emin ad\u0131mlarla ilerliyoruz. Bug\u00fcn resmi a\u00e7\u0131l\u0131\u015f\u0131n\u0131 yapt\u0131\u011f\u0131m\u0131z Ala\u015fehirJeotermal Santrali bu kapsamda geli\u015ftirdi\u011fimiz de\u011ferli bir proje. Manisa\u2019ya ve t\u00fcm T\u00fcrkiye\u2019mize hay\u0131rl\u0131 olmas\u0131n\u0131 diliyorum\u201d dedi.<\/p>\n<h3><strong>&#8216;T\u00fcrkiye i\u00e7in 50 y\u0131ld\u0131r \u00e7al\u0131\u015f\u0131yoruz&#8217;<\/strong><\/h3>\n<p>Kaz\u0131m T\u00fcrker \u015f\u00f6yle devam etti: \u201cT\u00fcrkerler Holding olarak, T\u00fcrkiye\u2019nin refah\u0131 ve kalk\u0131nmas\u0131 i\u00e7in yakla\u015f\u0131k 50 y\u0131ld\u0131r \u00e7aba g\u00f6steriyoruz. T\u00fcrkiye\u2019nin kalk\u0131nmas\u0131, halk\u0131m\u0131z\u0131n refah\u0131 i\u00e7in bug\u00fcne kadar \u00fczerimize d\u00fc\u015fen ne g\u00f6rev varsa b\u00fcy\u00fck bir kararl\u0131l\u0131kla yerine getirdik. A\u011fustos ay\u0131nda ger\u00e7ekle\u015ftirilen D\u00fcnya devi Alman Siemens\u2019le i\u015fbirli\u011fi ile girdi\u011fimiz R\u00fczgar Enerjisi YEKA ihalesini kazanman\u0131n gururunu ya\u015f\u0131yoruz. T\u00fcrkiye ekonomisindeki istikrar\u0131n devam\u0131 i\u00e7in bundan sonra da \u00e7ok daha g\u00fc\u00e7l\u00fc bir \u015fekilde \u00e7al\u0131\u015fmaya, \u00fcretmeye devam edece\u011fiz. Bu vizyonla, faaliyetlerimizi \u00e7ok daha cesur ad\u0131mlarla, daha ileri seviyelere ta\u015f\u0131maya kararl\u0131y\u0131z.\u201d<\/p>\n<h3><strong>T\u00fcrkiye\u2019nin 16. b\u00fcy\u00fck jeotermal enerji santrali<\/strong><\/h3>\n<p>T\u00fcrkerler \u00a0Ala\u015fehirJeotermal Enerji Santralleri Manisa&#8217;n\u0131n Ala\u015fehir il\u00e7esine kuruldu. T\u00fcrkerler Holding ba\u011fl\u0131 orta\u011f\u0131 olan T\u00fcrkerler Jeotermal Enerji Arama ve \u00dcretim A.\u015e. taraf\u0131ndan i\u015fletilen santral 24+24 toplam 48 MW enerji \u00fcretmektedir.<\/p>\n<p>Ala\u015fehir 1 Santrali 24 MW kurulu g\u00fcc\u00fc ile T\u00fcrkiye&#8217;nin 409. Manisa&#8217;n\u0131n ise 17. b\u00fcy\u00fck enerji santralidir. Tesis ayr\u0131ca T\u00fcrkiye&#8217;nin 17. b\u00fcy\u00fck Jeotermal Enerji Santrali&#8217;dir. T\u00fcrkerler Ala\u015fehir 1 JES ortalama 158.416.190 kilovatsaat elektrik \u00fcretimi ile 47.860 ki\u015finin g\u00fcnl\u00fck hayat\u0131nda ihtiya\u00e7 duydu\u011fu (konut, sanayi, metro ula\u015f\u0131m\u0131, resmi daire, \u00e7evre ayd\u0131nlatmas\u0131 gibi) t\u00fcm elektrik enerjisi ihtiyac\u0131n\u0131 kar\u015f\u0131layabilir. T\u00fcrkerler Ala\u015fehir JES sadece konut elektrik t\u00fcketimi dikkate al\u0131nd\u0131\u011f\u0131nda ise 50 bin 291 konutun elektrik enerjisi ihtiyac\u0131n\u0131 kar\u015f\u0131layabilecek elektrik \u00fcretimi yapmaktad\u0131r.<\/p>\n<p>Ala\u015fehir 2 ise yine 24 MW kurulu g\u00fcc\u00fc ile T\u00fcrkiye&#8217;nin 408. Manisa&#8217;n\u0131n ise 16. b\u00fcy\u00fck enerji santralidir. TesisT\u00fcrkiye&#8217;nin 16. b\u00fcy\u00fck Jeotermal Enerji Santrali&#8217;dir. T\u00fcrkerler Ala\u015fehir 2 JES ortalama 177.840.000 kilovatsaat elektrik \u00fcretimi ile 53 bin 728 ki\u015finin g\u00fcnl\u00fck hayat\u0131nda ihtiya\u00e7 duydu\u011fu (konut, sanayi, metro ula\u015f\u0131m\u0131, resmi daire, \u00e7evre ayd\u0131nlatmas\u0131 gibi) t\u00fcm elektrik enerjisi ihtiyac\u0131n\u0131 kar\u015f\u0131layabilir. T\u00fcrkerler Ala\u015fehir 2 JES sadece konut elektrik t\u00fcketimi dikkate al\u0131nd\u0131\u011f\u0131nda ise 56 bin 457 konutun elektrik enerjisi ihtiyac\u0131n\u0131 kar\u015f\u0131layabilecek elektrik \u00fcretimi yapmaktad\u0131r.<\/p>\n<p>T\u00fcrkerler Ala\u015fehir Jeotermal Enerji Santrali\u2019nde toplam 20 kuyu, 8 tanesi \u00fcretim, 1 tanesi g\u00f6zetim ve 11 adet enjeksiyon kuyusu mevcuttur. T\u00fcrkerler\u2019in Ala\u015fehir\u2019deki yat\u0131r\u0131mlar\u0131 di\u011fer fazlar\u0131 kapsayarak devam edecek.<\/p>\n","protected":false},"excerpt":{"rendered":"<p>Kaz\u0131m T\u00fcrker: &#8216; T\u00fcrkiye\u2019nin en b\u00fcy\u00fck yenilenebilir enerji yat\u0131r\u0131mc\u0131s\u0131 olaca\u011f\u0131z&#8217; T\u00fcrkerler Holding\u2019in Manisa\u2019da kurdu\u011fu Ala\u015fehir Jeotermal Santrali, Cumhurba\u015fkan\u0131 Erdo\u011fan taraf\u0131ndan resmen hizmete a\u00e7\u0131ld\u0131. T\u00fcrkiye\u2019nin en b\u00fcy\u00fck yenilenebilir enerji yat\u0131r\u0131mc\u0131s\u0131 olmay\u0131 hedeflediklerini vurgulayan T\u00fcrkerler Holding Y\u00f6netim Kurulu Ba\u015fkan\u0131 Kaz\u0131m T\u00fcrker, \u201cT\u00fcrkiye ekonomisindeki istikrar\u0131n devam\u0131 i\u00e7in bundan sonra da \u00e7ok daha g\u00fc\u00e7l\u00fc bir \u015fekilde \u00e7al\u0131\u015fmaya, \u00fcretmeye devam [&hellip;]<\/p>\n","protected":false},"author":1,"featured_media":18944,"comment_status":"open","ping_status":"open","sticky":false,"template":"","format":"standard","meta":{"ngg_post_thumbnail":0},"categories":[26,97,5388],"tags":[11333,90,80,11424,89,3070,95,10183],"_links":{"self":[{"href":"https:\/\/emlaktuel.com\/index.php?rest_route=\/wp\/v2\/posts\/18942"}],"collection":[{"href":"https:\/\/emlaktuel.com\/index.php?rest_route=\/wp\/v2\/posts"}],"about":[{"href":"https:\/\/emlaktuel.com\/index.php?rest_route=\/wp\/v2\/types\/post"}],"author":[{"embeddable":true,"href":"https:\/\/emlaktuel.com\/index.php?rest_route=\/wp\/v2\/users\/1"}],"replies":[{"embeddable":true,"href":"https:\/\/emlaktuel.com\/index.php?rest_route=%2Fwp%2Fv2%2Fcomments&post=18942"}],"version-history":[{"count":1,"href":"https:\/\/emlaktuel.com\/index.php?rest_route=\/wp\/v2\/posts\/18942\/revisions"}],"predecessor-version":[{"id":18945,"href":"https:\/\/emlaktuel.com\/index.php?rest_route=\/wp\/v2\/posts\/18942\/revisions\/18945"}],"wp:featuredmedia":[{"embeddable":true,"href":"https:\/\/emlaktuel.com\/index.php?rest_route=\/wp\/v2\/media\/18944"}],"wp:attachment":[{"href":"https:\/\/emlaktuel.com\/index.php?rest_route=%2Fwp%2Fv2%2Fmedia&parent=18942"}],"wp:term":[{"taxonomy":"category","embeddable":true,"href":"https:\/\/emlaktuel.com\/index.php?rest_route=%2Fwp%2Fv2%2Fcategories&post=18942"},{"taxonomy":"post_tag","embeddable":true,"href":"https:\/\/emlaktuel.com\/index.php?rest_route=%2Fwp%2Fv2%2Ftags&post=18942"}],"curies":[{"name":"wp","href":"https:\/\/api.w.org\/{rel}","templated":true}]}}