{"id":18899,"date":"2017-11-02T16:28:00","date_gmt":"2017-11-02T13:28:00","guid":{"rendered":"http:\/\/emlaktuel.com\/?p=18899"},"modified":"2018-07-05T17:28:59","modified_gmt":"2018-07-05T14:28:59","slug":"tabanlioglu-imzali-selcuklu-kongre-merkezini-cumhurbaskani-erdogan-acti","status":"publish","type":"post","link":"https:\/\/emlaktuel.com\/?p=18899","title":{"rendered":"Tabanl\u0131o\u011flu imzal\u0131 Sel\u00e7uklu Kongre Merkezi\u2019ni Cumhurba\u015fkan\u0131 Erdo\u011fan a\u00e7t\u0131"},"content":{"rendered":"<p><img loading=\"lazy\" class=\"size-full wp-image-18900 aligncenter\" src=\"http:\/\/emlaktuel.com\/wp-content\/uploads\/2017\/11\/1509618461_TA_TabanliogluArchitects_SKM_1.jpg\" alt=\"\" width=\"6016\" height=\"3161\" \/><\/p>\n<p><strong>Tabanl\u0131o\u011flu Mimarl\u0131k taraf\u0131ndan tasarlanan Sel\u00e7uklu Kongre Merkezi (SKM), Cumhurba\u015fkan\u0131 Erdo\u011fan\u2019\u0131n kat\u0131ld\u0131\u011f\u0131 t\u00f6renle a\u00e7\u0131ld\u0131. <\/strong><strong>\u00c7ok ama\u00e7l\u0131 etkinliklere ev sahipli\u011fi yapacak SKM, Konyal\u0131lar\u0131n yan\u0131nda \u015fehri ziyaret edenler i\u00e7in de yeni bulu\u015fma ve cazibe merkezi olacak.<\/strong><\/p>\n<p>Tabanl\u0131o\u011flu Mimarl\u0131k taraf\u0131ndan Konya Sel\u00e7uk Belediyesi i\u00e7in tasarlanan Sel\u00e7uklu K\u00fclt\u00fcr Merkezi, Cumhurba\u015fkan\u0131 Recep Tayyip Erdo\u011fan\u2019\u0131n kat\u0131ld\u0131\u011f\u0131 t\u00f6renle a\u00e7\u0131ld\u0131. A\u00e7\u0131l\u0131\u015f t\u00f6renine, Sel\u00e7uklu Belediye Ba\u015fkan\u0131 U\u011fur \u0130brahim Altay ev sahipli\u011fi yapt\u0131.<\/p>\n<p>Tek bir \u00e7at\u0131 alt\u0131nda farkl\u0131 i\u015flevlere atanm\u0131\u015f ba\u011f\u0131ms\u0131z k\u00fctlelerin bir arada ele al\u0131nmas\u0131 yakla\u015f\u0131m\u0131yla, sosyal b\u00fct\u00fcnle\u015fme ve k\u00fclt\u00fcr\u00fcn payla\u015f\u0131m\u0131n\u0131n merkez oldu\u011fu bir sinerjiden yararlanacak bi\u00e7imde tasarlanan Sel\u00e7uklu Kongre Merkezi, \u00e7ok ama\u00e7l\u0131 etkinlik alanlar\u0131yla t\u00fcm kentli i\u00e7in oldu\u011fu gibi \u015fehri ziyaret edenler i\u00e7in de do\u011fal ev sahibi olacak.<\/p>\n<p>Sel\u00e7uklu Kongre Merkezi; a\u00e7\u0131k, yar\u0131-a\u00e7\u0131k ve kapal\u0131 fuaye mekanlar\u0131n\u0131 payla\u015fan amfi formunda \u00e7ok-balkonlu bir kongre salonu ve ayr\u0131ca tiyatro salonuna sahip. Gerekti\u011finde birle\u015febilen \u00fc\u00e7 b\u00f6l\u00fcmden olu\u015fan balo salonu da ana mek\u00e2nlar aras\u0131nda yer al\u0131yor. Bunun yan\u0131 s\u0131ra kongre merkezi, sadece bu ana mek\u00e2nlar\u0131n faaliyette oldu\u011fu zamanlarla k\u0131s\u0131tl\u0131 kalmadan, restoran-kafe, tematik d\u00fckk\u00e2nlar, cep sinemas\u0131, at\u00f6lyeler ve toplant\u0131 mek\u00e2nlar\u0131 ile kentin yo\u011fun kullan\u0131lan bulu\u015fma ve cazibe noktas\u0131 olacak. Havaliman\u0131 ile kent merkezi aras\u0131nda anayol \u00fczerinde yer alan merkez, konut b\u00f6lgesine yak\u0131nl\u0131\u011f\u0131n\u0131n sa\u011flad\u0131\u011f\u0131 yaya ula\u015f\u0131m\u0131 kolayl\u0131\u011f\u0131 ile g\u00fcndelik ya\u015fam\u0131n bir par\u00e7as\u0131 haline gelecek.<\/p>\n<p><strong>\u201c\u00c7a\u011fda\u015f mimarl\u0131\u011f\u0131n Konya\u2019daki \u00f6nc\u00fclerinden olacak\u201d<\/strong><\/p>\n<p>\u0130nsanlar\u0131n bar\u0131\u015f i\u00e7erisinde bir arada ya\u015famas\u0131nda, ho\u015fg\u00f6r\u00fc ve kar\u015f\u0131l\u0131kl\u0131 benimsemenin bir arac\u0131 olarak k\u00fclt\u00fcr yap\u0131lar\u0131n\u0131n imgesel bir anlam\u0131 oldu\u011funu vurgulayan Tabanl\u0131o\u011flu Mimarl\u0131k orta\u011f\u0131 Melkan G\u00fcrsel, \u2018\u0130nsanl\u0131k tarihinin ilk yerle\u015fimlerinden biri olan ve farkl\u0131 medeniyetlerin izlerini bar\u0131nd\u0131ran Konya\u2019n\u0131n bug\u00fcnk\u00fc kentsel dokusu, Anadolu Sel\u00e7uklular\u0131 d\u00f6nemine kadar uzanan tarihi zenginlikleri bar\u0131nd\u0131r\u0131yor\u201d dedi. G\u00fcrsel, \u201cMevlana gibi bir\u00e7ok de\u011ferli d\u00fc\u015f\u00fcn ve k\u00fclt\u00fcr hazinesinin izlerini zaman\u0131m\u0131za ta\u015f\u0131yan \u00f6zellikleriyle Konya, \u00e7a\u011fda\u015f geli\u015fimini ve k\u00fclt\u00fcr merkezi olma \u00f6zelli\u011fini bug\u00fcn de s\u00fcrd\u00fcr\u00fcyor. Kentin k\u00fclt\u00fcrel de\u011ferleriyle b\u00fct\u00fcnle\u015fen, sosyal rastla\u015fmalar ile bir araya gelmeye verilen \u00f6nemi vurgulayan, toplumun sanatsal ve k\u00fclt\u00fcrel ya\u015fant\u0131s\u0131n\u0131, miras\u0131n\u0131 simgeleyen bir kimlik ta\u015f\u0131mas\u0131 hedeflenen bu yap\u0131, \u00e7a\u011fda\u015f mimarl\u0131\u011f\u0131n Konya \u015fehrindeki \u00f6nc\u00fclerinden olacakt\u0131r\u201d diye konu\u015ftu.<\/p>\n<p><strong>\u201cSKM kentin g\u00fcndelik temposuyla b\u00fct\u00fcnle\u015fecek\u201d<\/strong><\/p>\n<p>G\u00fcn\u00fcm\u00fczde, kilitli kap\u0131lar\u0131 sadece aktiviteler oldu\u011funda a\u00e7\u0131lan bu t\u00fcr toplant\u0131 ve g\u00f6steri merkezleri kapal\u0131 kutular olarak kapasitelerinin alt\u0131nda hizmet verdi\u011fini kaydeden Murat Tabanl\u0131o\u011flu \u015f\u00f6yle konu\u015ftu: \u201cAna i\u015flevleri d\u0131\u015f\u0131nda bir\u00e7ok ikincil i\u015flevi bar\u0131nd\u0131ran yan mek\u00e2nlar\u0131yla K\u00fclt\u00fcr Merkezi g\u00fcn\u00fcn her saatinde ve t\u00fcm y\u0131l boyunca kentlinin kullan\u0131m\u0131na a\u00e7\u0131k olmal\u0131. Binay\u0131 \u00e7evreleyen meydanlardan itibaren, SKM, her katta t\u00fcm mekanlar\u0131 birle\u015ftiren lobileriyle, at\u00f6lyeler, sergi alanlar\u0131, lokanta ve kafe gibi mek\u00e2nlar\u0131yla, kamusal alan\u0131n do\u011fal uzant\u0131s\u0131 olarak kentin g\u00fcndelik temposuyla bulu\u015facak. Teraslarla elde edilen a\u00e7\u0131k hava alanlar\u0131yla birlikte, yap\u0131n\u0131n mimari organizasyonu t\u00fcm mek\u00e2nlar\u0131n ortak kullan\u0131m\u0131na a\u00e7\u0131k fuayelerin bir b\u00f6l\u00fcm\u00fcn\u00fcn yar\u0131 a\u00e7\u0131k olmas\u0131n\u0131 sa\u011fl\u0131yor. Bir kentsel bulu\u015fma meydan\u0131 olarak, binan\u0131n \u00e7evresi, a\u00e7\u0131k hava sergilerine ve aktivitelerin ger\u00e7ekle\u015fmesine olanak tan\u0131yacak \u015fekilde tasarland\u0131.\u201d<\/p>\n<p><strong>Sel\u00e7uklular\u2019\u0131n Anadolu dokusunun izleri<\/strong><\/p>\n<p>SKM\u2019nin d\u0131\u015f cephelerinde, ayn\u0131 zamanda g\u00fcne\u015f kontrol\u00fc i\u00e7in kullan\u0131lan motifler, \u0131\u015f\u0131k-g\u00f6lge oyunlar\u0131yla hareketli bir kurgu sa\u011flarken, bu geometrik form-geleneksel g\u00f6\u00e7ebe k\u00fclt\u00fcr\u00fcn\u00fcn izlerini ta\u015f\u0131yan, Sel\u00e7uklular\u2019\u0131n Anadolu dokusu ile harmanlad\u0131\u011f\u0131 mimari miras\u0131n\u0131n izlerinden yola \u00e7\u0131k\u0131larak stilize ediliyor. \u00c7at\u0131da b\u0131rak\u0131lan \u0131\u015f\u0131kl\u0131klar ise \u00f6zellikle ana hacimler aras\u0131nda konumlanan fuayelerde g\u00fcn \u0131\u015f\u0131\u011f\u0131ndan optimum yaralanmay\u0131 sa\u011fl\u0131yor.<\/p>\n<p>Bar\u0131nd\u0131rd\u0131\u011f\u0131 i\u015fleve ba\u011fl\u0131 olarak farkl\u0131la\u015fan y\u00fckseklikleriyle, ana ve yan fonksiyonlara atanan k\u00fctlelerin yan\u0131 s\u0131ra zemin alt\u0131nda fuayenin devam\u0131, prova odalar\u0131 ve dekor depolar\u0131yla birlikte mekanik hacimler yer al\u0131yor. Farkl\u0131 y\u00f6nlerden alternatif yaya giri\u015fleri sa\u011flanan binada, y\u00fcksek kapasiteli a\u00e7\u0131k ve kapal\u0131 otopark alanlar\u0131 eri\u015fimi kolayla\u015ft\u0131r\u0131yor.<\/p>\n<p><strong>Kentin tan\u0131mlay\u0131c\u0131 kamusal alan\u0131<\/strong><\/p>\n<p>\u00c7e\u015fitli sosyal ve k\u00fclt\u00fcrel etkinliklerde vakit ge\u00e7irmenin yan\u0131 s\u0131ra, kavramsal olarak kentlinin i\u00e7inden ge\u00e7mesini ama\u00e7layan SKM, ayn\u0131 zamanda \u00fczerinde bulundu\u011fu anayoldan itibaren a\u00e7\u0131k otopark olarak d\u00fczenlenen arka giri\u015fine bir pasaj olu\u015fturuyor. Alternatif yaya giri\u015fleri ve ara\u00e7 giri\u015flerinin her iki cepheden olmas\u0131na izin veren bir yakla\u015f\u0131m d\u00fczenlemesiyle eri\u015fim kolayl\u0131\u011f\u0131 artt\u0131r\u0131l\u0131yor. \u2018Kentin tan\u0131mlay\u0131c\u0131 bir kamusal alan\u0131\u2019 olarak \u00f6n\u00fcnde yer alan meydan, korunakl\u0131 ve ayn\u0131 zamanda \u2018a\u00e7\u0131k\u2019 bir tav\u0131rla insanlar\u0131 binaya yakla\u015ft\u0131rken, , cephe \u00fczerinde meydana do\u011fru konumland\u0131r\u0131lan etkinliklerin ve programlar\u0131n halka g\u00f6rsel olarak duyurulaca\u011f\u0131 elektronik bir ekran ile destekleniyor, binan\u0131n i\u00e7ine girmeye te\u015fvik ediyor.<\/p>\n","protected":false},"excerpt":{"rendered":"<p>Tabanl\u0131o\u011flu Mimarl\u0131k taraf\u0131ndan tasarlanan Sel\u00e7uklu Kongre Merkezi (SKM), Cumhurba\u015fkan\u0131 Erdo\u011fan\u2019\u0131n kat\u0131ld\u0131\u011f\u0131 t\u00f6renle a\u00e7\u0131ld\u0131. \u00c7ok ama\u00e7l\u0131 etkinliklere ev sahipli\u011fi yapacak SKM, Konyal\u0131lar\u0131n yan\u0131nda \u015fehri ziyaret edenler i\u00e7in de yeni bulu\u015fma ve cazibe merkezi olacak. Tabanl\u0131o\u011flu Mimarl\u0131k taraf\u0131ndan Konya Sel\u00e7uk Belediyesi i\u00e7in tasarlanan Sel\u00e7uklu K\u00fclt\u00fcr Merkezi, Cumhurba\u015fkan\u0131 Recep Tayyip Erdo\u011fan\u2019\u0131n kat\u0131ld\u0131\u011f\u0131 t\u00f6renle a\u00e7\u0131ld\u0131. A\u00e7\u0131l\u0131\u015f t\u00f6renine, Sel\u00e7uklu Belediye [&hellip;]<\/p>\n","protected":false},"author":1,"featured_media":0,"comment_status":"open","ping_status":"open","sticky":false,"template":"","format":"standard","meta":{"ngg_post_thumbnail":0},"categories":[26,97,5388],"tags":[90,11084,11432,11228,9977,89,9254,6985,11139],"_links":{"self":[{"href":"https:\/\/emlaktuel.com\/index.php?rest_route=\/wp\/v2\/posts\/18899"}],"collection":[{"href":"https:\/\/emlaktuel.com\/index.php?rest_route=\/wp\/v2\/posts"}],"about":[{"href":"https:\/\/emlaktuel.com\/index.php?rest_route=\/wp\/v2\/types\/post"}],"author":[{"embeddable":true,"href":"https:\/\/emlaktuel.com\/index.php?rest_route=\/wp\/v2\/users\/1"}],"replies":[{"embeddable":true,"href":"https:\/\/emlaktuel.com\/index.php?rest_route=%2Fwp%2Fv2%2Fcomments&post=18899"}],"version-history":[{"count":1,"href":"https:\/\/emlaktuel.com\/index.php?rest_route=\/wp\/v2\/posts\/18899\/revisions"}],"predecessor-version":[{"id":18901,"href":"https:\/\/emlaktuel.com\/index.php?rest_route=\/wp\/v2\/posts\/18899\/revisions\/18901"}],"wp:attachment":[{"href":"https:\/\/emlaktuel.com\/index.php?rest_route=%2Fwp%2Fv2%2Fmedia&parent=18899"}],"wp:term":[{"taxonomy":"category","embeddable":true,"href":"https:\/\/emlaktuel.com\/index.php?rest_route=%2Fwp%2Fv2%2Fcategories&post=18899"},{"taxonomy":"post_tag","embeddable":true,"href":"https:\/\/emlaktuel.com\/index.php?rest_route=%2Fwp%2Fv2%2Ftags&post=18899"}],"curies":[{"name":"wp","href":"https:\/\/api.w.org\/{rel}","templated":true}]}}