{"id":18846,"date":"2017-11-01T10:35:16","date_gmt":"2017-11-01T07:35:16","guid":{"rendered":"http:\/\/emlaktuel.com\/?p=18846"},"modified":"2018-07-05T17:28:12","modified_gmt":"2018-07-05T14:28:12","slug":"skyland-istanbulda-0-pesinat-ve-0-faizle-ofisler-hemen-teslim","status":"publish","type":"post","link":"https:\/\/emlaktuel.com\/?p=18846","title":{"rendered":"Skyland \u0130stanbul&#8217;da 0 pe\u015finat ve 0 faizle ofisler hemen teslim"},"content":{"rendered":"<p><img loading=\"lazy\" class=\"size-full wp-image-18847\" src=\"http:\/\/emlaktuel.com\/wp-content\/uploads\/2017\/11\/1508224791_Eroglu_Skyland_ofisler_Aci_03_A_Email.jpg\" alt=\"Eroglu_Skyland_ofisler\" width=\"2000\" height=\"931\" \/><\/p>\n<p><strong>Ero\u011flu Gayrimenkul taraf\u0131ndan \u0130stanbul\u2019un merkezi Seyrantepe\u2019de hayata ge\u00e7en g\u00f6zde karma projesi Skyland \u0130stanbul\u2019da ofis teslimleri ba\u015flad\u0131. Skyland merkezi konumu, teknolojik altyap\u0131s\u0131 ve mimari detaylar\u0131 ile i\u015f d\u00fcnyas\u0131n\u0131n g\u00fcnl\u00fck ihtiya\u00e7lar\u0131n\u0131 en iyi \u015fekilde kar\u015f\u0131layor. Skyland&#8217;de Tower, Loft ve Flat ofisler, \u201c0 pe\u015finat, 0 faiz, 8.500 TL taksit se\u00e7ene\u011fiyle\u201d benzersiz \u00f6deme f\u0131rsat\u0131 sunuyor.<\/strong><\/p>\n<p>Teslimlerinin ba\u015flamas\u0131yla birlikte, Skyland \u0130stanbul\u2019un yeni nesil ofis k\u00fclt\u00fcr\u00fcn\u00fcn merkezi haline gelece\u011fini belirten Ero\u011flu Gayrimenkul Pazarlama ve Kurumsal \u0130leti\u015fim Direkt\u00f6r\u00fc <strong>Yelda Alt\u00fcrk<\/strong> \u015funlar\u0131 ifade etti:<\/p>\n<p><strong>\u201cG\u00fcn\u00fcm\u00fczde ofis hayat\u0131n\u0131n \u00e7a\u011fda\u015f ihtiya\u00e7lara y\u00f6nelik de\u011fi\u015fen beklentileri, hem farkl\u0131 bir tasar\u0131m anlay\u0131\u015f\u0131, hem de farkl\u0131 bir mekan organizasyonu gerektiriyor. De\u011fi\u015fen i\u015f yapma bi\u00e7imleri, geli\u015fen teknoloji ve yeni ku\u015faklar\u0131n beklentileriyle birlikte ofis mekanlar\u0131nda tasar\u0131m a\u00e7\u0131s\u0131ndan da yeni bir anlay\u0131\u015f\u0131n h\u00fck\u00fcm s\u00fcrd\u00fc\u011f\u00fcn\u00fc s\u00f6ylemek m\u00fcmk\u00fcn. Proje b\u00fcnyesinde sundu\u011fumuz <\/strong><strong>Tower, Loft ve Flat ofisler, tam da bu anlay\u0131\u015f \u00e7er\u00e7evesinde olu\u015fturdu\u011fumuz teknolojik ve mimari detaylar\u0131 ile \u00f6n plana \u00e7\u0131kar\u0131yor.\u201d<\/strong><\/p>\n<p><strong><u>Avantajl\u0131 fiyatlar devam ediyor<\/u><\/strong><\/p>\n<p><strong>Tower, Loft<\/strong> ve <strong>Flat<\/strong> ofislerin benzersiz \u00f6deme f\u0131rsatlar\u0131 sundu\u011funu vurgulayan <strong>Yelda Alt\u00fcrk<\/strong> yapt\u0131\u011f\u0131 a\u00e7\u0131klamada <strong>\u201cOfislerimiz \u0130stanbul\u2019un merkezinde ak\u0131lc\u0131 bir yat\u0131r\u0131m f\u0131rsat\u0131 sunmaya devam ediyor. Kampanya dahilinde Tower, Loft ve Flat ofisler, \u201c0 pe\u015finat, 0 faiz, 8.500 TL taksit se\u00e7ene\u011fiyle\u201d benzersiz \u00f6deme f\u0131rsat\u0131 sunuyor.\u201d<\/strong> dedi.<\/p>\n<p><strong>\u0130stenilen b\u00fcy\u00fckl\u00fckte tasarlanan Tower Ofisler<\/strong><\/p>\n<p>Modern i\u015f d\u00fcnyas\u0131n\u0131n g\u00fcnl\u00fck ihtiya\u00e7lar\u0131n\u0131 en iyi \u015fekilde kar\u015f\u0131layacak b\u00f6l\u00fcmler ve ince detaylar i\u00e7eren, <strong>Tower Ofisler, <\/strong>y\u00fcksek yat\u0131r\u0131m de\u011feri ve 83m<sup>2\u2019<\/sup>den birle\u015ftirilerek her katta 2 bin m<sup>2<\/sup>\u2019ye kadar istenilen b\u00fcy\u00fckl\u00fckte tasarlanabilen yap\u0131s\u0131yla benzersiz f\u0131rsatlar sunuyor.<\/p>\n<p><strong>Y\u00fcksek tavanl\u0131, ferah ve ayd\u0131nl\u0131k Loft Ofisler<\/strong><\/p>\n<p>Tek katta 190 m\u00b2\u2019den 4600 m\u00b2\u2019ye kadar geni\u015flik sunan <strong>Loft Ofisler<\/strong>, 8 metre tavan y\u00fcksekli\u011fi ile ferah bir \u00e7al\u0131\u015fma alan\u0131 yarat\u0131yor. Eklenebilen asma katlarla modern loft ofis \u00f6zelliklerinin \u00e7al\u0131\u015fanlarca ya\u015fanmas\u0131na olanak tan\u0131yor. Skyland \u0130stanbul\u2019un \u00fc\u00e7 kulesini birle\u015ftiren meydana bakan <strong>Loft Ofisler<\/strong>, \u00e7al\u0131\u015fanlar\u0131n\u0131n g\u00fcn \u0131\u015f\u0131\u011f\u0131ndan da yararlanmas\u0131na da olanak sa\u011fl\u0131yor.<\/p>\n<p><strong>Ferah \u00e7al\u0131\u015fma ortam\u0131 sa\u011flayan Flat Ofisler<\/strong><\/p>\n<p><strong>Skyland \u0130stanbul<\/strong>\u2019un bir ba\u015fka ofis se\u00e7ene\u011fi olan <strong>Flat Ofisler<\/strong> Cendere Caddesi \u00fczerinden direk giri\u015f imkan\u0131yla toplamda 17.500 metrekarelik kiralanabilir alan sunuyor. 6 ba\u011f\u0131ms\u0131z b\u00f6l\u00fcmden olu\u015fan <strong>Loft ve Flat <\/strong>ofisler her bir b\u00f6l\u00fcm\u00fcnde farkl\u0131 giri\u015f, lobi, g\u00fcvenlik ve do\u011frudan Gastro Court alan\u0131na \u00e7\u0131kan asans\u00f6rler gibi detaylarla da \u00f6ne \u00e7\u0131k\u0131yor.<\/p>\n","protected":false},"excerpt":{"rendered":"<p>Ero\u011flu Gayrimenkul taraf\u0131ndan \u0130stanbul\u2019un merkezi Seyrantepe\u2019de hayata ge\u00e7en g\u00f6zde karma projesi Skyland \u0130stanbul\u2019da ofis teslimleri ba\u015flad\u0131. Skyland merkezi konumu, teknolojik altyap\u0131s\u0131 ve mimari detaylar\u0131 ile i\u015f d\u00fcnyas\u0131n\u0131n g\u00fcnl\u00fck ihtiya\u00e7lar\u0131n\u0131 en iyi \u015fekilde kar\u015f\u0131layor. Skyland&#8217;de Tower, Loft ve Flat ofisler, \u201c0 pe\u015finat, 0 faiz, 8.500 TL taksit se\u00e7ene\u011fiyle\u201d benzersiz \u00f6deme f\u0131rsat\u0131 sunuyor. Teslimlerinin ba\u015flamas\u0131yla birlikte, Skyland [&hellip;]<\/p>\n","protected":false},"author":1,"featured_media":18847,"comment_status":"open","ping_status":"open","sticky":false,"template":"","format":"standard","meta":{"ngg_post_thumbnail":0},"categories":[26,5217,97,5388],"tags":[8426,11407,11115,73,11224,269,5422,5669,5062,10153,11113],"_links":{"self":[{"href":"https:\/\/emlaktuel.com\/index.php?rest_route=\/wp\/v2\/posts\/18846"}],"collection":[{"href":"https:\/\/emlaktuel.com\/index.php?rest_route=\/wp\/v2\/posts"}],"about":[{"href":"https:\/\/emlaktuel.com\/index.php?rest_route=\/wp\/v2\/types\/post"}],"author":[{"embeddable":true,"href":"https:\/\/emlaktuel.com\/index.php?rest_route=\/wp\/v2\/users\/1"}],"replies":[{"embeddable":true,"href":"https:\/\/emlaktuel.com\/index.php?rest_route=%2Fwp%2Fv2%2Fcomments&post=18846"}],"version-history":[{"count":1,"href":"https:\/\/emlaktuel.com\/index.php?rest_route=\/wp\/v2\/posts\/18846\/revisions"}],"predecessor-version":[{"id":18848,"href":"https:\/\/emlaktuel.com\/index.php?rest_route=\/wp\/v2\/posts\/18846\/revisions\/18848"}],"wp:featuredmedia":[{"embeddable":true,"href":"https:\/\/emlaktuel.com\/index.php?rest_route=\/wp\/v2\/media\/18847"}],"wp:attachment":[{"href":"https:\/\/emlaktuel.com\/index.php?rest_route=%2Fwp%2Fv2%2Fmedia&parent=18846"}],"wp:term":[{"taxonomy":"category","embeddable":true,"href":"https:\/\/emlaktuel.com\/index.php?rest_route=%2Fwp%2Fv2%2Fcategories&post=18846"},{"taxonomy":"post_tag","embeddable":true,"href":"https:\/\/emlaktuel.com\/index.php?rest_route=%2Fwp%2Fv2%2Ftags&post=18846"}],"curies":[{"name":"wp","href":"https:\/\/api.w.org\/{rel}","templated":true}]}}