{"id":18788,"date":"2017-10-31T12:23:45","date_gmt":"2017-10-31T09:23:45","guid":{"rendered":"http:\/\/emlaktuel.com\/?p=18788"},"modified":"2018-07-05T17:27:25","modified_gmt":"2018-07-05T14:27:25","slug":"ekim-ayi-sameks-verileri-aciklandi","status":"publish","type":"post","link":"https:\/\/emlaktuel.com\/?p=18788","title":{"rendered":"Ekim Ay\u0131 SAMEKS Verileri A\u00e7\u0131kland\u0131"},"content":{"rendered":"<p><img loading=\"lazy\" class=\"size-full wp-image-18789\" src=\"http:\/\/emlaktuel.com\/wp-content\/uploads\/2017\/10\/1509439841_logo_.jpg\" alt=\"\" width=\"1554\" height=\"1038\" \/><\/p>\n<p><strong>Ekim ay\u0131 SAMEKS verileri \u0130stanbul\u2019da a\u00e7\u0131kland\u0131. SAMEKS Bile\u015fik Endeksi, bir \u00f6nceki aya g\u00f6re 0,8 puan azalarak 53,7 de\u011ferine geriledi. Endekste g\u00f6zlenen bu d\u00fc\u015f\u00fc\u015fte, sanayi endeksinin 4,7 puan azalarak 52,7 puana gerilemesi etkili olurken, hizmet endeksi de 1,8 puanl\u0131k azal\u0131\u015fla 50,3 puana geriledi. B\u00f6ylece SAMEKS, 53,7 puanl\u0131k de\u011feriyle azalan ivmeye ra\u011fmen Ekim ay\u0131nda ekonomik aktivitedeki hareketlili\u011fin s\u00fcrd\u00fc\u011f\u00fcne i\u015faret etti. M\u00dcS\u0130AD Genel Ba\u015fkan\u0131 Abdurrahman Kaan, SAMEKS\u2019in, T\u00fcrkiye ekonomisindeki olumlu g\u00f6r\u00fcn\u00fcm\u00fc teyit etti\u011fini belirtti.<\/strong><\/p>\n<p>2017 y\u0131l\u0131 Ekim ay\u0131nda mevsim ve takvim etkisinden ar\u0131nd\u0131r\u0131lm\u0131\u015f SAMEKS Bile\u015fik Endeksi, bir \u00f6nceki aya g\u00f6re 0,8 puan azalarak 53,7 de\u011ferine geriledi. Endekste g\u00f6zlenen bu d\u00fc\u015f\u00fc\u015fte, sanayi endeksinin 4,7 puan azalarak 52,7 puana gerilemesi etkili olurken, hizmet endeksi de 1,8 puanl\u0131k azal\u0131\u015fla 50,3 puana geriledi. B\u00f6ylece SAMEKS, 53,7 puanl\u0131k de\u011feriyle Ekim ay\u0131nda ekonomik aktivitedeki hareketlili\u011fin s\u00fcrd\u00fc\u011f\u00fcne i\u015faret etti.<\/p>\n<p><strong>Kaan: \u201cSAMEKS T\u00fcrkiye ekonomisindeki olumlu g\u00f6r\u00fcn\u00fcm\u00fc teyit etti\u201d<\/strong><\/p>\n<p>M\u00dcS\u0130AD Genel Ba\u015fkan\u0131 Abdurrahman Kaan, y\u0131l\u0131n \u00fc\u00e7\u00fcnc\u00fc \u00e7eyre\u011fini 56,5 puan ortalamas\u0131yla kapatan SAMEKS i\u00e7in: \u201cSon \u00e7eyre\u011fin ilk d\u00f6nemi olan Ekim ay\u0131na 53,7 seviyesiyle giri\u015f yaparak T\u00fcrkiye ekonomisindeki olumlu g\u00f6r\u00fcn\u00fcm\u00fc teyit etti. Bu d\u00f6nemde Sanayi ve Hizmet Endeksi 50 referans de\u011feri \u00fczerindeki seyrini s\u00fcrd\u00fcrerek, genel ekonomik aktivitedeki canl\u0131l\u0131\u011f\u0131n s\u00fcrd\u00fc\u011f\u00fcne i\u015faret etti.<\/p>\n<p>T.C. Merkez Bankas\u0131 taraf\u0131ndan reel sekt\u00f6re ili\u015fkin a\u00e7\u0131klanan son veriler de SAMEKS\u2019in olumlu g\u00f6r\u00fcn\u00fcm\u00fcn\u00fc destekliyor. Ekim ay\u0131nda Reel Kesim G\u00fcven Endeksi\u2019nin 8,5 puan artarak 109,5 puana y\u00fckselmesinin yan\u0131 s\u0131ra \u0130malat Sanayii Kapasite Kullan\u0131m Oran\u0131n\u0131n %79,7 ile son 9 y\u0131l\u0131n zirvesine y\u00fckselmesi; Ekim ay\u0131nda reel sekt\u00f6re y\u00f6nelik olumlu g\u00f6stergeler olarak dikkat \u00e7ekiyor.<\/p>\n<p>SAMEKS\u2019in hem sanayi hem de hizmet sekt\u00f6r\u00fcne y\u00f6nelik girdi al\u0131mlar\u0131ndaki art\u0131\u015fa i\u015faret etmesi, Endeksin \u00f6n\u00fcm\u00fczdeki d\u00f6nemde 50 referans de\u011feri \u00fczerinde seyredece\u011finin sinyalini veriyor. Bu ba\u011flamda, T\u00fcrkiye ekonomisindeki pozitif b\u00fcy\u00fcme s\u00fcrecinin y\u0131l\u0131n son \u00e7eyre\u011finde de devam etmesi bekleniyor\u201d \u015feklinde konu\u015ftu.<\/p>\n<p><strong>Sanayi Endeksi 51,9 seviyesinde<\/strong><\/p>\n<p>SAMEKS Sanayi Endeksi, 2017 y\u0131l\u0131 Ekim ay\u0131nda, bir \u00f6nceki aya g\u00f6re 4,7 puan azalarak 52,7 seviyesine geriledi. Bu geli\u015fmede firmalar\u0131n yeni sipari\u015flerinde meydana gelen 4,7 puanl\u0131k h\u0131z kayb\u0131 belirleyici olurken, buna ba\u011fl\u0131 olarak sekt\u00f6re ili\u015fkin \u00fcretim 5,8 puan azalarak 51,9 seviyesine geriledi.<\/p>\n<p><strong>Hizmet Endeksi 50,3 de\u011ferinde<\/strong><\/p>\n<p>SAMEKS Hizmet Endeksi; 2016 y\u0131l\u0131 Ekim ay\u0131nda, bir \u00f6nceki aya g\u00f6re 1,8 puan azalarak 50,3 de\u011ferine geriledi. \u0130\u015f Hacmi ve buna ba\u011fl\u0131 olarak \u0130stihdam alt endekslerinde ger\u00e7ekle\u015fen azal\u0131\u015flar, hizmet sekt\u00f6r\u00fcnde g\u00f6zlenen h\u0131z kayb\u0131n\u0131n en \u00f6nemli belirleyicileri oldu.<\/p>\n<p><strong>T\u00dcRK\u0130YE EKONOM\u0130S\u0130<\/strong><\/p>\n<p>2017 y\u0131l\u0131n\u0131n ikinci \u00e7eyre\u011finde %5,1 oran\u0131nda b\u00fcy\u00fcyen T\u00fcrkiye ekonomisine ili\u015fkin Ekim ay\u0131 i\u00e7erisinde a\u00e7\u0131klanan makroekonomik veriler, pozitif b\u00fcy\u00fcme s\u00fcrecinin y\u0131l\u0131n \u00fc\u00e7\u00fcnc\u00fc \u00e7eyre\u011finde de s\u00fcrd\u00fc\u011f\u00fcne i\u015faret ediyor.<\/p>\n<p><strong>\u0130hracat, ithalat ve d\u0131\u015f ticaret a\u00e7\u0131\u011f\u0131 artt\u0131<\/strong><\/p>\n<p>2017 y\u0131l\u0131 A\u011fustos ay\u0131nda toplam ihracat hacmi 2016 y\u0131l\u0131n\u0131n ayn\u0131 ay\u0131na g\u00f6re %12,3 artarak 13,3 milyar dolar olurken, toplam ithalat hacmi de %15,3 artarak 19,2 milyar dolar olarak ger\u00e7ekle\u015fti. B\u00f6ylece A\u011fustos ay\u0131nda d\u0131\u015f ticaret a\u00e7\u0131\u011f\u0131 %22,8 artarak 5,9 milyar dolara y\u00fckseldi.<\/p>\n<p><strong>Cari a\u00e7\u0131k 27,2 Milyar Dolar<\/strong><\/p>\n<p>2017 y\u0131l\u0131 A\u011fustos ay\u0131na ait cari i\u015flemler a\u00e7\u0131\u011f\u0131, bir \u00f6nceki y\u0131l\u0131n A\u011fustos ay\u0131na g\u00f6re 174 milyon dolar azalarak 1,2 milyar dolar olarak ger\u00e7ekle\u015fti. 2017 y\u0131l\u0131 Ocak-A\u011fustos d\u00f6neminde cari a\u00e7\u0131k ise, \u00f6nceki y\u0131l\u0131n ayn\u0131 d\u00f6nemine g\u00f6re 4,3 milyar dolar artarak 27,2 milyar dolar ger\u00e7ekle\u015fti.<\/p>\n<p><strong>Sanayi \u00fcretimi %0,1 d\u00fc\u015ft\u00fc<\/strong><\/p>\n<p>B\u00fcy\u00fcmenin \u00f6nc\u00fc g\u00f6stergelerinden sanayi \u00fcretimi, A\u011fustos ay\u0131nda, ayl\u0131k bazda %0,1 d\u00fc\u015f\u00fc\u015f g\u00f6sterirken y\u0131ll\u0131k bazda beklentilere uygun olarak %5,2 b\u00fcy\u00fcm\u00fc\u015f ve y\u0131l\u0131n \u00fc\u00e7\u00fcnc\u00fc \u00e7eyre\u011fine ili\u015fkin b\u00fcy\u00fcme rakamlar\u0131 i\u00e7in olumlu bir g\u00f6r\u00fcn\u00fcm arz etti.<\/p>\n<p><strong>\u0130\u015fsizlik rakamlar\u0131 artt\u0131<\/strong><\/p>\n<p>Haziran, Temmuz ve A\u011fustos d\u00f6nemlerinin ortalamas\u0131 al\u0131narak hesaplanan Temmuz 2017 d\u00f6nemi i\u015fsizlik rakamlar\u0131, ge\u00e7ti\u011fimiz y\u0131l\u0131n ayn\u0131 d\u00f6nemine g\u00f6re herhangi bir de\u011fi\u015fim g\u00f6stermezken, ge\u00e7ti\u011fimiz aya g\u00f6re ise 0,5 puan artarak %10,7 seviyesinde ger\u00e7ekle\u015fti.<\/p>\n<p><strong>Enflasyon 11,20 puan artt\u0131<\/strong><\/p>\n<p>2017 y\u0131l\u0131 Eyl\u00fcl ay\u0131na ili\u015fkin t\u00fcketici fiyatlar\u0131, piyasa beklentilerine uygun \u015fekilde, ayl\u0131k bazda 0,65, y\u0131ll\u0131k bazda ise 11,20 puan artt\u0131. B\u00f6ylece y\u0131ll\u0131k enflasyonda ge\u00e7ti\u011fimiz ay ba\u015flayan art\u0131\u015f e\u011filimi Eyl\u00fcl ay\u0131nda da s\u00fcrm\u00fc\u015f oldu.<\/p>\n<p><strong>D\u00dcNYA EKONOM\u0130S\u0130<\/strong><\/p>\n<p>2017 y\u0131l\u0131 Ekim ay\u0131nda k\u00fcresel ekonominin g\u00fcndemi; FED\u2019in Aral\u0131k ay\u0131nda faiz art\u0131r\u0131m\u0131na gidece\u011fine y\u00f6nelik beklentiler, Avro B\u00f6lgesi\u2019ndeki toparlanma s\u00fcreci, \u00c7in ekonomisinde g\u00f6zlenen b\u00fcy\u00fcme ve IMF K\u00fcresel Ekonomik G\u00f6r\u00fcn\u00fcm Raporu \u00fczerine yo\u011funla\u015ft\u0131.<\/p>\n<p>ABD ekonomisinde y\u0131l\u0131n ikinci \u00e7eyre\u011fine ili\u015fkin b\u00fcy\u00fcme oran\u0131 %3,1 olarak a\u00e7\u0131klan\u0131rken, Eyl\u00fcl ay\u0131na ili\u015fkin t\u00fcketici fiyatlar\u0131n\u0131n son 8 ay\u0131n en h\u0131zl\u0131 art\u0131\u015f\u0131n\u0131 sergileyerek %2,2 seviyesinde ger\u00e7ekle\u015fmesi; FED\u2019in Aral\u0131k ay\u0131nda faiz art\u0131r\u0131m\u0131na gidece\u011fine y\u00f6nelik beklentileri art\u0131rd\u0131. Yine Eyl\u00fcl ay\u0131na ili\u015fkin ISM imalat sanayi ve hizmetler endekslerinin beklentileri a\u015fmas\u0131 da faiz art\u0131r\u0131m\u0131 beklentilerini destekledi.<\/p>\n<p>Avro B\u00f6lgesi\u2019nde ise \u00f6nc\u00fc enflasyon verisinin Eyl\u00fcl ay\u0131nda %1,5 seviyesinde ger\u00e7ekle\u015fmesinin yan\u0131 s\u0131ra son 10 y\u0131l\u0131n en y\u00fcksek seviyesine y\u00fckselen t\u00fcketici g\u00fcven endeksi, B\u00f6lge ekonomisine ili\u015fkin olumlu sinyal verdi. \u0130malat sanayi PMI endeksinde art\u0131\u015f\u0131n s\u00fcrmesi ve %9,1 ile yakla\u015f\u0131k 8 y\u0131l\u0131n en d\u00fc\u015f\u00fck d\u00fczeyine inen i\u015fsizlik oranlar\u0131 da Avro B\u00f6lgesi\u2019ndeki toparlanma s\u00fcrecinin s\u00fcrd\u00fc\u011f\u00fcne i\u015faret etti.<\/p>\n<p>\u00c7in ekonomisinde 2017 y\u0131l\u0131n\u0131n 3. \u00e7eyre\u011fine ili\u015fkin b\u00fcy\u00fcme oran\u0131, beklentilere uygun \u015fekilde %6,8 d\u00fczeyinde olurken; hizmetler sekt\u00f6r\u00fcndeki h\u0131zl\u0131 iyile\u015fmenin korundu\u011fu g\u00f6zlendi. \u00dclkede Eyl\u00fcl ay\u0131na ili\u015fkin sanayi \u00fcretiminin y\u0131ll\u0131k bazda %6,6, perakende sat\u0131\u015flar\u0131n ise %10,3 oran\u0131nda artarak beklentileri a\u015fmas\u0131 da di\u011fer olumlu geli\u015fmeler oldu.<\/p>\n","protected":false},"excerpt":{"rendered":"<p>Ekim ay\u0131 SAMEKS verileri \u0130stanbul\u2019da a\u00e7\u0131kland\u0131. SAMEKS Bile\u015fik Endeksi, bir \u00f6nceki aya g\u00f6re 0,8 puan azalarak 53,7 de\u011ferine geriledi. Endekste g\u00f6zlenen bu d\u00fc\u015f\u00fc\u015fte, sanayi endeksinin 4,7 puan azalarak 52,7 puana gerilemesi etkili olurken, hizmet endeksi de 1,8 puanl\u0131k azal\u0131\u015fla 50,3 puana geriledi. B\u00f6ylece SAMEKS, 53,7 puanl\u0131k de\u011feriyle azalan ivmeye ra\u011fmen Ekim ay\u0131nda ekonomik aktivitedeki hareketlili\u011fin [&hellip;]<\/p>\n","protected":false},"author":1,"featured_media":18789,"comment_status":"open","ping_status":"open","sticky":false,"template":"","format":"standard","meta":{"ngg_post_thumbnail":0},"categories":[5213,26,97,5388],"tags":[11366,11195,9274,2731,2659,316],"_links":{"self":[{"href":"https:\/\/emlaktuel.com\/index.php?rest_route=\/wp\/v2\/posts\/18788"}],"collection":[{"href":"https:\/\/emlaktuel.com\/index.php?rest_route=\/wp\/v2\/posts"}],"about":[{"href":"https:\/\/emlaktuel.com\/index.php?rest_route=\/wp\/v2\/types\/post"}],"author":[{"embeddable":true,"href":"https:\/\/emlaktuel.com\/index.php?rest_route=\/wp\/v2\/users\/1"}],"replies":[{"embeddable":true,"href":"https:\/\/emlaktuel.com\/index.php?rest_route=%2Fwp%2Fv2%2Fcomments&post=18788"}],"version-history":[{"count":1,"href":"https:\/\/emlaktuel.com\/index.php?rest_route=\/wp\/v2\/posts\/18788\/revisions"}],"predecessor-version":[{"id":18790,"href":"https:\/\/emlaktuel.com\/index.php?rest_route=\/wp\/v2\/posts\/18788\/revisions\/18790"}],"wp:featuredmedia":[{"embeddable":true,"href":"https:\/\/emlaktuel.com\/index.php?rest_route=\/wp\/v2\/media\/18789"}],"wp:attachment":[{"href":"https:\/\/emlaktuel.com\/index.php?rest_route=%2Fwp%2Fv2%2Fmedia&parent=18788"}],"wp:term":[{"taxonomy":"category","embeddable":true,"href":"https:\/\/emlaktuel.com\/index.php?rest_route=%2Fwp%2Fv2%2Fcategories&post=18788"},{"taxonomy":"post_tag","embeddable":true,"href":"https:\/\/emlaktuel.com\/index.php?rest_route=%2Fwp%2Fv2%2Ftags&post=18788"}],"curies":[{"name":"wp","href":"https:\/\/api.w.org\/{rel}","templated":true}]}}