{"id":18605,"date":"2017-10-27T11:46:45","date_gmt":"2017-10-27T08:46:45","guid":{"rendered":"http:\/\/emlaktuel.com\/?p=18605"},"modified":"2018-07-05T17:25:24","modified_gmt":"2018-07-05T14:25:24","slug":"dky-ada-kartala-farkli-br-deger-katacak","status":"publish","type":"post","link":"https:\/\/emlaktuel.com\/?p=18605","title":{"rendered":"DKY Ada Kartal&#8217;a farkl\u0131 br de\u011fer katacak"},"content":{"rendered":"<p><img loading=\"lazy\" class=\"alignleft size-full wp-image-15993\" src=\"http:\/\/emlaktuel.com\/wp-content\/uploads\/2017\/07\/dkykartal-1.jpg\" alt=\"\" width=\"660\" height=\"380\" \/><\/p>\n<p><a href=\"http:\/\/emlaktuel.com\/?s=dky+ada\"><strong>DKY \u0130n\u015faat<\/strong><\/a> taraf\u0131ndan 29 Eyl\u00fcl&#8217;de yap\u0131lan bas\u0131n toplant\u0131s\u0131 ile ya\u015fama sunulan ve sat\u0131\u015f\u0131 ba\u015flayan DKY Ada projesi 600 milyon liral\u0131k yat\u0131r\u0131m bedeliyle y\u00fckselmeye ba\u015flad\u0131. Bas\u0131n toplant\u0131s\u0131 sonras\u0131 lansman sat\u0131\u015flar\u0131na ba\u015flanan proje Kartal b\u00f6lgesi&#8217;nde sundu\u011fu farkl\u0131 ya\u015fam tarz\u0131 ile b\u00f6lgeye de\u011fer katmaya aday bir proje.<\/p>\n<p><a href=\"http:\/\/emlaktuel.com\/?s=dky+ada\"><strong>DKY Ada Kartal<\/strong> <\/a>b\u00f6lgesinin en b\u00fcy\u00fck kentsel d\u00f6n\u00fc\u015f\u00fcm projesi olarak haya ge\u00e7ti. <a href=\"http:\/\/emlaktuel.com\/?s=dky+ada\"><strong>DKY Ada<\/strong><\/a>&#8216;da konut fiyatlar\u0131 395 bin TL&#8217;den ba\u015flayan fiyatlarla lansman sat\u0131\u015flar\u0131na ba\u015flad\u0131.<\/p>\n<p><a href=\"http:\/\/emlaktuel.com\/?s=dky+ada\"><strong>DKY Ada projesi<\/strong><\/a>nde konut sahibi olmak isteyen yat\u0131r\u0131mc\u0131 ve oturum i\u00e7in konut almaya gelen m\u00fc\u015fterilerine farkl\u0131 konutu ald\u0131ktan sonra \u00f6deme i\u00e7in m\u00fc\u015fterinin durumuna ve d\u00fc\u015f\u00fcnd\u00fc\u011f\u00fc \u00f6deme olanaklar\u0131na g\u00f6re bir progam \u00e7\u0131karabilmek i\u00e7in geli\u015ftirilen bir bilgisayar yaz\u0131l\u0131m\u0131 ile m\u00fc\u015fterinin durumuna ve d\u00fc\u015f\u00fcnd\u00fc\u011f\u00fc \u00f6deme plan\u0131na g\u00f6re kolayl\u0131klar sunuyor. Haz\u0131rlanan yaz\u0131l\u0131m Ekopratik olarak adland\u0131r\u0131lm\u0131\u015f. Ekopratik sistemle ilgili a\u00e7\u0131klama yapan<strong> DKY \u0130n\u015faat Y\u00f6netim Kurulu Ba\u015fkan\u0131 Ali Dumankaya<\/strong>, &#8216;Biz yapm\u0131\u015f oldu\u011fumuz kendi \u00f6deme sistemi i\u00e7erisinde m\u00fc\u015fteriye \u00f6zel olarak \u00f6deme plan\u0131 \u00e7\u0131kar\u0131yoruz. Bunun i\u00e7in \u00f6zel bir yaz\u0131l\u0131m olu\u015fturduk. Bu yaz\u0131l\u0131m <strong>Ekopratik sistem<\/strong>. <strong>Ekopratik<\/strong> sistemle ki\u015fiye \u00f6zel \u00f6deme ko\u015fullar\u0131n\u0131 dahada kolayla\u015ft\u0131rd\u0131k. Fiyatlar\u0131m\u0131z 2+1 daireler i\u00e7in 395 bin TL&#8217;den ba\u015fl\u0131yor. M\u00fc\u015fteri gelip sistemi g\u00f6recek ve fiyat\u0131 g\u00f6recek ve ona g\u00f6re bir \u00f6deme plan\u0131 olu\u015fturaca\u011f\u0131z. 120 aya kadar vadelendirme imkan\u0131 sunuyoruz.&#8217; \u015feklinde konu\u015ftu.<\/p>\n<p><a href=\"http:\/\/emlaktuel.com\/?s=dky+ada\"><strong>DKY Ada<\/strong><\/a> toplam 4 bloktan olu\u015fuyor. Konut b\u00fcy\u00fckl\u00fckleri ise 94 ile 211 metrekare aras\u0131nda de\u011fi\u015fiyor. 2+1&#8217;den 4+1&#8217;e kadar balkonlu yeni nesil ev k\u00f6nseptiyle +1,5 olarak planlanan 2+1,5 ve 3+1,5 dairel almak izere toplam 792 konut ve 4 ticari birim ve birde kre\u015f olu\u015fturulacak.<\/p>\n<p>Ali Dumankaya, projenin Kad\u0131k\u00f6y-Tuzla E-5 hatt\u0131\u00a0Kad\u0131k\u00f6y \u2013 Kartal \u2013 Tav\u015fantepe Metro Hatt\u0131 ve Marmaray gibi toplu ta\u015f\u0131ma ara\u00e7lar\u0131na rahatl\u0131kla ula\u015f\u0131labilen bir lokasyonda oldu\u011funu s\u00f6yleyerek\u00a0\u201cDKY ADA, b\u00f6lgeye kataca\u011f\u0131 de\u011fer ve \u015fehrin merkezinde sundu\u011fu premium ya\u015fam standard\u0131 ile Kartal\u2019\u0131n ikonik (simge) projelerinden biri olacak\u201d dedi.<\/p>\n<p>&nbsp;<\/p>\n","protected":false},"excerpt":{"rendered":"<p>DKY \u0130n\u015faat taraf\u0131ndan 29 Eyl\u00fcl&#8217;de yap\u0131lan bas\u0131n toplant\u0131s\u0131 ile ya\u015fama sunulan ve sat\u0131\u015f\u0131 ba\u015flayan DKY Ada projesi 600 milyon liral\u0131k yat\u0131r\u0131m bedeliyle y\u00fckselmeye ba\u015flad\u0131. Bas\u0131n toplant\u0131s\u0131 sonras\u0131 lansman sat\u0131\u015flar\u0131na ba\u015flanan proje Kartal b\u00f6lgesi&#8217;nde sundu\u011fu farkl\u0131 ya\u015fam tarz\u0131 ile b\u00f6lgeye de\u011fer katmaya aday bir proje. DKY Ada Kartal b\u00f6lgesinin en b\u00fcy\u00fck kentsel d\u00f6n\u00fc\u015f\u00fcm projesi olarak haya [&hellip;]<\/p>\n","protected":false},"author":1,"featured_media":0,"comment_status":"open","ping_status":"open","sticky":false,"template":"","format":"standard","meta":{"ngg_post_thumbnail":0},"categories":[221,5218,5219,26,5217,97,5388],"tags":[2091,11394,11219,1389,8861,10043,10042,11254,109,88,6829,80,11120,11298],"_links":{"self":[{"href":"https:\/\/emlaktuel.com\/index.php?rest_route=\/wp\/v2\/posts\/18605"}],"collection":[{"href":"https:\/\/emlaktuel.com\/index.php?rest_route=\/wp\/v2\/posts"}],"about":[{"href":"https:\/\/emlaktuel.com\/index.php?rest_route=\/wp\/v2\/types\/post"}],"author":[{"embeddable":true,"href":"https:\/\/emlaktuel.com\/index.php?rest_route=\/wp\/v2\/users\/1"}],"replies":[{"embeddable":true,"href":"https:\/\/emlaktuel.com\/index.php?rest_route=%2Fwp%2Fv2%2Fcomments&post=18605"}],"version-history":[{"count":2,"href":"https:\/\/emlaktuel.com\/index.php?rest_route=\/wp\/v2\/posts\/18605\/revisions"}],"predecessor-version":[{"id":18607,"href":"https:\/\/emlaktuel.com\/index.php?rest_route=\/wp\/v2\/posts\/18605\/revisions\/18607"}],"wp:attachment":[{"href":"https:\/\/emlaktuel.com\/index.php?rest_route=%2Fwp%2Fv2%2Fmedia&parent=18605"}],"wp:term":[{"taxonomy":"category","embeddable":true,"href":"https:\/\/emlaktuel.com\/index.php?rest_route=%2Fwp%2Fv2%2Fcategories&post=18605"},{"taxonomy":"post_tag","embeddable":true,"href":"https:\/\/emlaktuel.com\/index.php?rest_route=%2Fwp%2Fv2%2Ftags&post=18605"}],"curies":[{"name":"wp","href":"https:\/\/api.w.org\/{rel}","templated":true}]}}