{"id":18592,"date":"2017-10-27T11:05:38","date_gmt":"2017-10-27T08:05:38","guid":{"rendered":"http:\/\/emlaktuel.com\/?p=18592"},"modified":"2018-07-05T17:25:13","modified_gmt":"2018-07-05T14:25:13","slug":"avrupark-hayat-220-bin-tlden-baslayan-fiyatlarla-gorucuye-cikti","status":"publish","type":"post","link":"https:\/\/emlaktuel.com\/?p=18592","title":{"rendered":"Avrupark Hayat 220 bin TL&#8217;den ba\u015flayan fiyatlarla g\u00f6r\u00fcc\u00fcye \u00e7\u0131kt\u0131"},"content":{"rendered":"<p><img loading=\"lazy\" class=\"size-full wp-image-18593\" src=\"http:\/\/emlaktuel.com\/wp-content\/uploads\/2017\/10\/Avrupark-Lansman-Foto.jpg\" alt=\"Avrupark hayat nerede\" width=\"1489\" height=\"711\" \/><\/p>\n<h4><em><u>Emlak Konut g\u00fcvencesi ile Cihan \u0130n\u015faat taraf\u0131ndan Ho\u015fdere taraf\u0131nda Bah\u00e7ekent&#8217;te hayata ge\u00e7irilen <a href=\"http:\/\/emlaktuel.com\/?s=avrupark%20hayat\">Avrupark Hayat <\/a>2&#8217;inci proje olarak g\u00f6r\u00fcc\u00fcye \u00e7\u0131kt\u0131.<\/u><\/em><\/h4>\n<h3><strong>\u2018<a href=\"http:\/\/emlaktuel.com\/?s=avrupark%20hayat\">Avrupark Hayat<\/a>\u2019ta\u00a0<\/strong><strong>daire fiyatlar\u0131 220 bin TL\u2019den ba\u015fl\u0131yor<\/strong><\/h3>\n<h4><strong><em>Cihan \u0130n\u015faat&amp;Konut Yap\u0131 taraf\u0131ndan\u00a0<\/em><\/strong><strong><em>Emlak Konut GYO g\u00fcvencesi ile \u00a0Bah\u00e7ekent&#8217;te hayata ge\u00e7irilen \u00a0\u2018<a href=\"http:\/\/emlaktuel.com\/?s=avrupark%20hayat\">Avrupark Hayat<\/a>&#8216; projesinde d\u00fcn lansman sonras\u0131 sat\u0131\u015flara ba\u015fland\u0131. Avrupark Hayat&#8217;ta\u00a0<\/em><\/strong><strong><em>1.095 konut ve 81 ticari \u00fcniteden olu\u015fan projede, konut fiyatlar\u0131 220 bin TL\u2019den ba\u015flang\u0131\u00e7 g\u00f6steriyor.<\/em><\/strong><\/h4>\n<h4>\u0130stanbul&#8217;un en de\u011ferli b\u00f6lgelerinden biri olmas\u0131 i\u00e7in aday <a href=\"http:\/\/emlaktuel.com\/?s=avrupark%20hayat\">Bah\u00e7ekent<\/a> Ho\u015fdere\u2019de Cihan \u0130n\u015faat\u2019\u0131n Emlak Konut GYO g\u00fcvencesiyle hayata ge\u00e7irece\u011fi yeni projesi <strong>\u2018Avrupark Hayat\u2019 <\/strong>sat\u0131\u015fa \u00e7\u0131kt\u0131.<\/h4>\n<h4><a href=\"http:\/\/www.meydanardicli.com.tr\/landing\/?utm_source=emlak_sitesi&amp;utm_medium=display&amp;utm_term=08504609097&amp;utm_campaign=meydan\"><img loading=\"lazy\" class=\"alignleft size-full wp-image-17946\" src=\"http:\/\/emlaktuel.com\/wp-content\/uploads\/2017\/09\/300x250.jpg\" alt=\"\" width=\"300\" height=\"250\" \/><\/a>Cihan \u0130n\u015faat\u2019\u0131n Emlak Konut GYO ile birlikte hayata ge\u00e7irece\u011fi 2. projesi olan <strong>\u2018Avrupark Hayat\u2019,<\/strong> yakla\u015f\u0131k 42 bin metrekare alan \u00fczerinde in\u015fa edilecek. Projede toplam 1.095 konut ve 81 ticari \u00fcnite yer alacak. Projede daire fiyatlar\u0131 ise 220 bin TL\u2019den ba\u015fl\u0131yor. \u2018Avrupark Hayat\u2019 projesinin sat\u0131\u015fa \u00e7\u0131kmas\u0131 dolay\u0131s\u0131yla d\u00fczenlenen bas\u0131n toplant\u0131s\u0131nda konu\u015fan <strong>Cihan \u0130n\u015faat Y\u00f6netim Kurulu Ba\u015fkan\u0131 Ertu\u011frul Yavuz Pala, <\/strong>Emlak Konut\u2019un Ho\u015fdere 5.Etap ihalesini 156 milyon 500 bin TL has\u0131lat taahh\u00fcd\u00fcyle kazand\u0131klar\u0131n\u0131 hat\u0131rlatarak, <strong>\u2018Avrupark Hayat\u2019<\/strong> projesinde sat\u0131\u015flara ba\u015flad\u0131klar\u0131n\u0131 s\u00f6yledi. B\u00f6lgeye inand\u0131klar\u0131n\u0131 ve o nedenle Bah\u00e7ekent\u2019te ikinci bir projeye start verdiklerini belirten Pala, b\u00f6lgedeki ilk projeleri \u2018Avrupark Bah\u00e7ekent\u2019ten ev alanlar\u0131n 2015 y\u0131l\u0131ndan bu yana y\u00fcksek \u00f6l\u00e7\u00fcde kar elde ettiklerinikaydetti. Pala, <strong>\u2018Avrupark Hayat\u2019<\/strong>ta da benzer bir ba\u015far\u0131 yakalamay\u0131 hedeflediklerini ifade etti.<\/h4>\n<h3><strong>Avrupark Hayat projesi \u00a0yakla\u015f\u0131k 700 milyon TL yat\u0131r\u0131m de\u011ferine sahip<\/strong><\/h3>\n<h4>Yeni projenin yakla\u015f\u0131k 700 milyon TL\u2019lik yat\u0131r\u0131m de\u011ferine sahip oldu\u011funu belirten Ertu\u011frul Yavuz Pala,&#8221;Ho\u015fdere 5.Etap projemiz; kalitesi, sosyal donat\u0131lar\u0131 ve \u00e7ocuk oyun alanlar\u0131yla \u00f6rnek bir proje olacak. Altta ticari alanlar, \u00fcstte rezidanslar\u0131n olaca\u011f\u0131 bir proje planl\u0131yoruz.<\/h4>\n<h4>12 konut blo\u011funun bulundu\u011fu projede; b\u00fcy\u00fckl\u00fckleri 63 metrekare ile 174 metrekare aras\u0131nda de\u011fi\u015fen 21 daire tipi yer al\u0131yor. 1+1 den 4+1\u2019e kadar tiplerin oldu\u011fu dairelerin metrekare fiyatlar\u0131 3 bin 675 TL&#8217;den ba\u015flarken, 1+1 dairelerin ba\u015flang\u0131\u00e7 fiyatlar\u0131 da 220 bin TL olarak a\u00e7\u0131kland\u0131.<\/h4>\n<h4>Projemiz, ba\u011flant\u0131 yollar\u0131n\u0131n yeni havaliman\u0131na ula\u015f\u0131m\u0131 kolayla\u015ft\u0131rmas\u0131 nedeniyle havaalan\u0131 personellerinden de b\u00fcy\u00fck ilgi g\u00f6r\u00fcyor, hedef kitlemiz ise daha \u00e7ok yat\u0131r\u0131mc\u0131 kesimden olu\u015fuyor\u201d diye konu\u015ftu. Kampanya ve \u00f6deme ko\u015fullar\u0131yla ilgili bilgi veren Pala, pe\u015fin al\u0131mlarda y\u00fczde 5 indirim yapt\u0131klar\u0131na dikkat \u00e7ekti. Pala, \u201cSat\u0131\u015flar\u0131m\u0131za <strong>&#8216;Biz bize yeteriz&#8217; <\/strong>\u00f6deme kampanyas\u0131yla devam ediyoruz, bu kampanyay\u0131 30 Kas\u0131m tarihine dek s\u00fcrd\u00fcrmeyi planl\u0131yoruz. 42 ay firma b\u00fcnyesinde vade farks\u0131z taksitlendirme yap\u0131yoruz. Ayr\u0131ca pe\u015fin al\u0131mlarda yat\u0131r\u0131mc\u0131lar\u0131m\u0131za y\u00fczde 5 indirim imk\u00e2n\u0131 da sunuyoruz. \u00d6te yandan; aidatlar\u0131n d\u00fc\u015f\u00fck tutulmas\u0131 i\u00e7in \u00e7al\u0131\u015fmalar y\u00fcr\u00fct\u00fcyoruz, aidatlar\u0131 ortalama 200-250 TL band\u0131nda tutmaya \u00e7al\u0131\u015f\u0131yoruz\u201d dedi. <strong>\u2018Avrupark Hayat\u2019<\/strong> projesinin 36 ay i\u00e7inde teslim edilmesi planlan\u0131yor\u201d dedi.<\/h4>\n<h4><strong>Avrupark Hayat projemizin oldu\u011fu Bah\u00e7ekent b\u00f6lgesi \u0130stanbul\u2019un y\u00fckselen de\u011feri<\/strong><\/h4>\n<h4><a href=\"http:\/\/www.vadikoru.com\/?utm_source=emlaktuel&amp;utm_medium=Standart&amp;utm_campaign=Lansman&amp;utm_term=Eylul1\"><img loading=\"lazy\" class=\"alignleft size-full wp-image-17977\" src=\"http:\/\/emlaktuel.com\/wp-content\/uploads\/2017\/09\/VADIKORU_BANNER_300x250.gif\" alt=\"\" width=\"300\" height=\"250\" \/><\/a><a href=\"http:\/\/emlaktuel.com\/?s=avrupark%20hayat\">Avrupark Hayat projesi<\/a>nin toplant\u0131s\u0131nda konu\u015fan <strong>Emlak Konut GYO Genel M\u00fcd\u00fcr\u00fc Murat Kurum<\/strong>: \u201cGeli\u015fen b\u00fcy\u00fcyen ekonomimiz ve artan refah seviyesi ile birlikte d\u00fczenli \u015fehirle\u015fme ihtiyac\u0131n\u0131n da artt\u0131\u011f\u0131n\u0131 g\u00f6r\u00fcyoruz. Bu \u00e7er\u00e7evede \u0130stanbul, yeni ula\u015f\u0131m hedefleri, kentsel d\u00f6n\u00fc\u015f\u00fcm projeleri ile yat\u0131r\u0131mc\u0131lar taraf\u0131ndan her ge\u00e7en g\u00fcn \u00f6nemini artan bir \u015fehir haline gelmi\u015f durumdad\u0131r. Do\u011fu-Bat\u0131 aks\u0131nda b\u00fcy\u00fcyen \u0130stanbul, son d\u00f6nemde yap\u0131lan \u00fc\u00e7\u00fcnc\u00fc havaliman\u0131, \u00fc\u00e7\u00fcnc\u00fc k\u00f6pr\u00fc, Kanal \u0130stanbul ve kentsel d\u00f6n\u00fc\u015f\u00fcm projeleri ile kuzeye do\u011fru b\u00fcy\u00fcme g\u00f6steriyor. Bu \u00e7er\u00e7evede Emlak Konut olarak\u00a0geli\u015fim akslar\u0131nda yeni projeler \u00fcretilmesinde b\u00fcy\u00fck rol oynuyoruz. Bu akslardan biri olan \u0130stanbul\u2019un y\u00fckselen de\u011feri planl\u0131 alt yap\u0131s\u0131, kentsel hizmetleri ile \u00f6n plana \u00e7\u0131kan Bah\u00e7ekent b\u00f6lgesinde Cihan \u0130n\u015f.ve Konut Yap\u0131 \u0130\u015f Ortakl\u0131\u011f\u0131 ile ger\u00e7ekle\u015ftirece\u011fimiz \u201cAvrupark Hayat\u201d 3. Havaliman\u0131, TEM otoyolu ve Hayatpark gibi \u00f6nemli projelere kom\u015fu olan 42.000 m2 alan \u00fczerine kurulacak ve projemizde, 1.095 adedi konut olmak \u00fczere toplam 1.184 ba\u011f\u0131ms\u0131z b\u00f6l\u00fcm yer alacakt\u0131r. \u201cAvrupark Hayat\u201d ile b\u00f6lgenin daha modern bir \u00e7ehreye kavu\u015faca\u011f\u0131na inan\u0131yorum. Bu b\u00f6lgede Avrupark Hayat da dahil olmak \u00fczere geli\u015ftirdi\u011fimiz projelerde bug\u00fcne kadar 976\u2019s\u0131 ticari \u00fcnite olmak \u00fczere 8.634 ba\u011f\u0131ms\u0131z b\u00f6l\u00fcm \u00fcrettik. Yine bu projelerimiz kapsam\u0131nda 2 lise 5 ilk \/ orta okul, 5 kre\u015f 3 sa\u011fl\u0131k tesisi ve 3 de cami tamamlam\u0131\u015f olaca\u011f\u0131z.\u201d dedi.<\/h4>\n<h3><strong>Emlak Konut 8 milyar TL sat\u0131\u015f hedefine ula\u015facak <\/strong><\/h3>\n<h4>\u00dclke ekonomisi ve sekt\u00f6re y\u00f6nelik de\u011ferlendirmelerde de bulunan <strong>Emlak Konut GYO Genel M\u00fcd\u00fcr\u00fc Murat Kurum<\/strong> zorlu ge\u00e7en 2016 y\u0131l\u0131n\u0131n olumsuz etkilerinin 2017 y\u0131l\u0131nda \u00f6nemli \u00f6l\u00e7\u00fcde arka planda kald\u0131\u011f\u0131n\u0131n alt\u0131n\u0131 \u00e7izdi. S\u00f6zlerini s\u00fcrd\u00fcren Kurum: \u00dclke olarak d\u00fcnyadaki geli\u015fmeleri de g\u00f6z \u00f6n\u00fcne ald\u0131\u011f\u0131m\u0131zda \u00f6nemli bir geli\u015fim kaydetti\u011fimizi d\u00fc\u015f\u00fcn\u00fcyorum. Bunun en somut g\u00f6stergesi de ikinci \u00e7eyrekte y\u00fczde 5,1 b\u00fcy\u00fcyen \u00fclke ekonomimiz ve ge\u00e7ti\u011fimiz g\u00fcnlerde a\u00e7\u0131klanan konut sat\u0131\u015f rakamlar\u0131 oldu. 2017 Eyl\u00fcl ay\u0131nda bir \u00f6nceki y\u0131l\u0131n ayn\u0131 ay\u0131na g\u00f6re %28,8 oran\u0131nda\u00a0artarak 140.298 oldu. Emlak Konut olarak 2003\u2019ten bu yana 128 bin ba\u011f\u0131ms\u0131z b\u00f6l\u00fcme ula\u015ft\u0131k. Her projemizi bir \u00fcste nas\u0131l ta\u015f\u0131r\u0131z onun gayretinde insan odakl\u0131 projeler ger\u00e7ekle\u015ftirdik ve bu \u015fekilde \u00e7al\u0131\u015ft\u0131k. Avrupark Hayat projesinin y\u00fczde 25\u2019i daha lansman \u00f6ncesinde sat\u0131ld\u0131. Bug\u00fcn\u00fcn ko\u015fullar\u0131nda \u00e7ok iyi bir sat\u0131\u015f oran\u0131na eri\u015fildi. Emlak Konut olarak y\u0131l sonu hedefimiz olan 10 bin ba\u011f\u0131ms\u0131z b\u00f6l\u00fcm 8 milyar TL ciro 2 milyar TL kar hedefimiz vard\u0131. Bu hedefimizi yakalayaca\u011f\u0131m\u0131z\u0131 d\u00fc\u015f\u00fcn\u00fcyoruz. T\u00fcm d\u00fcnyan\u0131n s\u0131k\u0131nt\u0131 ya\u015fad\u0131\u011f\u0131 bir ortamda %5 b\u00fcy\u00fcme ger\u00e7ekle\u015ftiriyorsunuz. \u00dclke olarak bu b\u00fcy\u00fcmeyi s\u00fcrd\u00fcr\u00fclebilir k\u0131lmak ad\u0131na sekt\u00f6r\u00fcm\u00fcz\u00fcn ve piyasalar\u0131n daha rahat ko\u015fullara eri\u015fmesi gerekiyor. Sekt\u00f6r\u00fcn \u00f6nc\u00fc kurulu\u015fu olarak bu kapsamda \u00e7al\u0131\u015fmalar\u0131m\u0131z s\u00fcr\u00fcyor.\u00a0 G\u00fcn\u00fcm\u00fcz ko\u015fullar\u0131nda mortgage ile ticari kredinin aras\u0131nda \u00e7ok fark\u0131 yok devletimiz ile s\u00fcrecin iyile\u015ftirilmesine dair g\u00f6r\u00fc\u015fmeler yap\u0131yoruz. Farkl\u0131 finansal enstr\u00fcmanlar\u0131 nas\u0131l kazand\u0131r\u0131r\u0131z? Yurtd\u0131\u015f\u0131ndan d\u00fc\u015f\u00fck faizli kredi mi olur? Kira sertifikas\u0131 m\u0131 olur? alternatif mortgage \u00e7\u00f6z\u00fcmleri getirme ad\u0131na faaliyetlerde bulunuyoruz.<\/h4>\n<h3><strong>Dev \u015fehir park\u0131na kom\u015fu<\/strong><\/h3>\n<h4><strong><a href=\"http:\/\/cnremlakfuari.com\/index.aspx\"><img loading=\"lazy\" class=\"alignleft size-full wp-image-17782\" src=\"http:\/\/emlaktuel.com\/wp-content\/uploads\/2017\/09\/300x250.gif\" alt=\"\" width=\"300\" height=\"250\" \/><\/a>\u2018<a href=\"http:\/\/emlaktuel.com\/?s=avrupark%20hayat\">Avrupark Hayat<\/a>\u2019<\/strong> projesinin konumland\u0131\u011f\u0131 Bah\u00e7ekent b\u00f6lgesi ise; 20 bin konutluk ya\u015fam alan\u0131, ticari alanlar\u0131, sa\u011fl\u0131k kompleksleri, e\u011fitim kurumlar\u0131 ve geni\u015f sosyal donat\u0131lar\u0131yla kendi kendine yeten bir uydukent olarak \u00f6n plana \u00e7\u0131k\u0131yor.<\/h4>\n<h4>Bir yandan ya\u015fam\u0131n ba\u015flad\u0131\u011f\u0131, bir yandan tamamlanan projelerde teslimlerin devam etti\u011fi b\u00f6lgede, toplu ta\u015f\u0131ma faaliyetlerine de start verildi. Hastanesiyle, e\u011fitim kurumlar\u0131yla ve camisiyle kendi ba\u015f\u0131na bir uydu kent olan b\u00f6lge, TEM otoyoluna yak\u0131nl\u0131\u011f\u0131 ve Bah\u00e7e\u015fehir\u2019e 5 dakikal\u0131k mesafede olmas\u0131yla dikkat \u00e7ekiyor.<\/h4>\n<h4>B\u00f6lgenin ve <strong>\u2018<a href=\"http:\/\/emlaktuel.com\/?s=avrupark%20hayat\">Avrupark Hayat<\/a>\u2019<\/strong> projesinin; Silivri banliy\u00f6 tren hatt\u0131, metro, \u00fc\u00e7\u00fcnc\u00fc k\u00f6pr\u00fc ba\u011flant\u0131 yolu ve \u00fc\u00e7\u00fcnc\u00fc havaliman\u0131 gibi planlanan dev projeler tamamland\u0131\u011f\u0131nda daha da de\u011ferli hale gelmesi bekleniyor. B\u00f6lge; Emlak Konut GYO taraf\u0131ndan yap\u0131larak hizmete a\u00e7\u0131lan g\u00f6letler, piknik yerleri, y\u00fcr\u00fcme ve spor alanlar\u0131n\u0131 i\u00e7inde bar\u0131nd\u0131ran 160 bin metrekarelik dev \u015fehir park\u0131 \u2018Hayat Park\u2019a da ev sahipli\u011fi yap\u0131yor.<\/h4>\n","protected":false},"excerpt":{"rendered":"<p>Emlak Konut g\u00fcvencesi ile Cihan \u0130n\u015faat taraf\u0131ndan Ho\u015fdere taraf\u0131nda Bah\u00e7ekent&#8217;te hayata ge\u00e7irilen Avrupark Hayat 2&#8217;inci proje olarak g\u00f6r\u00fcc\u00fcye \u00e7\u0131kt\u0131. \u2018Avrupark Hayat\u2019ta\u00a0daire fiyatlar\u0131 220 bin TL\u2019den ba\u015fl\u0131yor Cihan \u0130n\u015faat&amp;Konut Yap\u0131 taraf\u0131ndan\u00a0Emlak Konut GYO g\u00fcvencesi ile \u00a0Bah\u00e7ekent&#8217;te hayata ge\u00e7irilen \u00a0\u2018Avrupark Hayat&#8216; projesinde d\u00fcn lansman sonras\u0131 sat\u0131\u015flara ba\u015fland\u0131. Avrupark Hayat&#8217;ta\u00a01.095 konut ve 81 ticari \u00fcniteden olu\u015fan projede, konut [&hellip;]<\/p>\n","protected":false},"author":1,"featured_media":18593,"comment_status":"open","ping_status":"open","sticky":false,"template":"","format":"standard","meta":{"ngg_post_thumbnail":0},"categories":[221,5218,26,5217,219,97,5388],"tags":[325,10030,10028,10029,10027,11315,459,88,6352,80,11415,106,11299],"_links":{"self":[{"href":"https:\/\/emlaktuel.com\/index.php?rest_route=\/wp\/v2\/posts\/18592"}],"collection":[{"href":"https:\/\/emlaktuel.com\/index.php?rest_route=\/wp\/v2\/posts"}],"about":[{"href":"https:\/\/emlaktuel.com\/index.php?rest_route=\/wp\/v2\/types\/post"}],"author":[{"embeddable":true,"href":"https:\/\/emlaktuel.com\/index.php?rest_route=\/wp\/v2\/users\/1"}],"replies":[{"embeddable":true,"href":"https:\/\/emlaktuel.com\/index.php?rest_route=%2Fwp%2Fv2%2Fcomments&post=18592"}],"version-history":[{"count":3,"href":"https:\/\/emlaktuel.com\/index.php?rest_route=\/wp\/v2\/posts\/18592\/revisions"}],"predecessor-version":[{"id":18638,"href":"https:\/\/emlaktuel.com\/index.php?rest_route=\/wp\/v2\/posts\/18592\/revisions\/18638"}],"wp:featuredmedia":[{"embeddable":true,"href":"https:\/\/emlaktuel.com\/index.php?rest_route=\/wp\/v2\/media\/18593"}],"wp:attachment":[{"href":"https:\/\/emlaktuel.com\/index.php?rest_route=%2Fwp%2Fv2%2Fmedia&parent=18592"}],"wp:term":[{"taxonomy":"category","embeddable":true,"href":"https:\/\/emlaktuel.com\/index.php?rest_route=%2Fwp%2Fv2%2Fcategories&post=18592"},{"taxonomy":"post_tag","embeddable":true,"href":"https:\/\/emlaktuel.com\/index.php?rest_route=%2Fwp%2Fv2%2Ftags&post=18592"}],"curies":[{"name":"wp","href":"https:\/\/api.w.org\/{rel}","templated":true}]}}