{"id":18578,"date":"2017-10-25T12:02:20","date_gmt":"2017-10-25T09:02:20","guid":{"rendered":"http:\/\/emlaktuel.com\/?p=18578"},"modified":"2018-07-05T17:25:00","modified_gmt":"2018-07-05T14:25:00","slug":"dogan-dag-gayrimenkul-her-donem-eni-iyi-yatirim-araci-olmaya-devam-edecek","status":"publish","type":"post","link":"https:\/\/emlaktuel.com\/?p=18578","title":{"rendered":"Do\u011fan Da\u011f: Gayrimenkul her d\u00f6nem eni iyi yat\u0131r\u0131m arac\u0131 olmaya devam edecek"},"content":{"rendered":"<p><img loading=\"lazy\" class=\"size-full wp-image-18579\" src=\"http:\/\/emlaktuel.com\/wp-content\/uploads\/2017\/10\/1508920943_Do__an_Da__1.jpg\" alt=\"\" width=\"1123\" height=\"917\" \/><\/p>\n<p><strong>T\u00fcrkiye \u0130statistik Kurumu (T\u00dc\u0130K), 2017 y\u0131l\u0131 Eyl\u00fcl ay\u0131 konut sat\u0131\u015f istatistiklerini a\u00e7\u0131klad\u0131. Buna g\u00f6re; T\u00fcrkiye genelinde konut sat\u0131\u015flar\u0131 2017 Eyl\u00fcl ay\u0131nda bir \u00f6nceki y\u0131l\u0131n ayn\u0131 ay\u0131na g\u00f6re y\u00fczde 28.8 oran\u0131nda artarak <\/strong><strong>140.298 oldu.<\/strong><strong> Sekt\u00f6rde devam eden kampanyalar\u0131n konut sat\u0131\u015flar\u0131na doping etkisi yapt\u0131\u011f\u0131n\u0131 belirten Da\u011f M\u00fchendislik Y\u00f6netim Kurulu Ba\u015fkan Yard\u0131mc\u0131s\u0131 Do\u011fan Da\u011f, gayrimenkul\u00fcn her d\u00f6nem eni iyi getirisi olan yat\u0131r\u0131m arac\u0131 oldu\u011funa vurgu yapt\u0131.<\/strong><\/p>\n<p>T\u00fcrkiye \u0130statistik Kurumu (T\u00dc\u0130K), 2017 y\u0131l\u0131 Eyl\u00fcl ay\u0131 konut sat\u0131\u015f istatistiklerini a\u00e7\u0131klad\u0131. Buna g\u00f6re; T\u00fcrkiye genelinde konut sat\u0131\u015flar\u0131 2017 Eyl\u00fcl ay\u0131nda bir \u00f6nceki y\u0131l\u0131n ayn\u0131 ay\u0131na g\u00f6re y\u00fczde 28.8 oran\u0131nda artarak 140.298 oldu. \u0130n\u015faat sekt\u00f6r\u00fcnde 25 y\u0131ll\u0131k birikimini Konya\u2019n\u0131n ard\u0131ndan \u0130stanbul\u2019a da ta\u015f\u0131yan Da\u011f M\u00fchendislik Y\u00f6netim Kurulu Ba\u015fkan Yard\u0131mc\u0131s\u0131 Do\u011fan Da\u011f, \u201cKonut sat\u0131\u015f rakamlar\u0131n\u0131n bir \u00f6nceki y\u0131l\u0131n ayn\u0131 ay\u0131na g\u00f6re y\u00fczde 28.8 oranda artmas\u0131n\u0131n sekt\u00f6rdeki b\u00fcy\u00fcme ivmesinin en \u00f6nemli g\u00f6stergesi oldu\u011funu belirtti. \u015eu anda sekt\u00f6rde devam eden kampanyalar\u0131n sat\u0131\u015flar\u0131 da olumlu y\u00f6nde etkiledi\u011fine i\u015faret eden Da\u011f, \u201cSekt\u00f6r, \u00f6n\u00fcm\u00fczdeki kas\u0131m ay\u0131 i\u00e7erisinde b\u00fcy\u00fcmesini s\u00fcrd\u00fcrecek. Emlak Konut g\u00fcvencesi ve Da\u011f M\u00fchendislik kalitesiyle y\u00fcr\u00fctt\u00fc\u011f\u00fcm\u00fcz Tual Adalar ve Tual Bah\u00e7ekent projelerimiz \u00f6zelinde ev alacaklar i\u00e7in \u2018\u015eimdi Al, Ocak 2019\u2019da \u00d6de\u2019 slogan\u0131 ile yeni bir kampanya ba\u015flatt\u0131k. Bu kampanya 14 Eyl\u00fcl-31 Ekim tarihleri aras\u0131nda ge\u00e7erli olacak\u201d dedi.<\/p>\n<p><strong><a href=\"http:\/\/www.meydanardicli.com.tr\/landing\/?utm_source=emlak_sitesi&amp;utm_medium=display&amp;utm_term=08504609097&amp;utm_campaign=meydan\"><img loading=\"lazy\" class=\"alignleft size-full wp-image-17946\" src=\"http:\/\/emlaktuel.com\/wp-content\/uploads\/2017\/09\/300x250.jpg\" alt=\"\" width=\"300\" height=\"250\" \/><\/a>Yeni kampanyaya start verdi<\/strong><\/p>\n<p>\u00d6te yandan Da\u011f M\u00fchendisli\u011f\u2019in Emlak Konut g\u00fcvencesiyle, in\u015fa etti\u011fi Tual Adalar ve Tual Bah\u00e7ekent projeleri \u00f6zelinde ba\u015flatt\u0131\u011f\u0131 kampanya kapsam\u0131nda; daire sahibi olmak isteyenler KDV dahil sat\u0131\u015f fiyat\u0131n\u0131n %5\u2019i pe\u015fin, %15\u2019i sat\u0131\u015f tarihinden itibaren 12. ayda veya teslim tarihinde ara \u00f6demeler \u015feklinde yapabilecek, kalan %80\u2019lik k\u0131sm\u0131 i\u00e7in ise banka kredisi kullanabilecek. Kredi taksit \u00f6demeleri Ocak 2019&#8217;da ba\u015flayacak kampanya, ev sahibi olmak isteyenlerin hayalini ger\u00e7ekle\u015ftirmelerinde de b\u00fcy\u00fck avantaj sa\u011flayacak.<a name=\"m_892609260266281078__GoBack\"><\/a>Kulland\u0131r\u0131lacak konut kredisi vade oranlar\u0131nda ise kampanyaya kat\u0131lacak bankalar\u0131n baz faiz oranlar\u0131n\u0131n uygulanmas\u0131 kararla\u015ft\u0131r\u0131ld\u0131.<\/p>\n<p><strong>Adalar aya\u011f\u0131n\u0131z\u0131n alt\u0131nda<\/strong><\/p>\n<p>Anadolu Yakas\u0131\u2019n\u0131n y\u00fckselen y\u0131ld\u0131z\u0131 Kartal\u2019da 9 blok olarak in\u015fa edilmekte olan &#8216;Tual Adalar&#8217; projesi, toplam 531 konuttan olu\u015fuyor. &#8216;Tual Adalar&#8217; projesinde birinci kattan itibaren orman ve Adalar manzaras\u0131na hakim 1+1\u2019den 4+1\u2019e kadar daire se\u00e7enekleri mevcut. Y\u00fczde 85&#8217;i ye\u015fil alanlara ayr\u0131lm\u0131\u015f olan &#8216;Tual Adalar\u2019da teslimlerin 2018 y\u0131l\u0131n\u0131n ilk yar\u0131s\u0131nda ger\u00e7ekle\u015ftirilmesi hedefleniyor. &#8216;Tual Adalar\u2019da daire fiyatlar\u0131; 1+1 daireler 375 bin ile 580 bin TL, 2+1 daireler 523 bin ile 905 bin TL, 3+1 daireler 613 bin ile 1 milyon 107 bin TL, 4+1 daireler ise 1 milyon 42 bin ile 1 milyon 157 bin TL aras\u0131nda farkl\u0131l\u0131k g\u00f6steriyor.<\/p>\n<p><strong><a href=\"http:\/\/www.vadikoru.com\/?utm_source=emlaktuel&amp;utm_medium=Standart&amp;utm_campaign=Lansman&amp;utm_term=Eylul1\"><img loading=\"lazy\" class=\"alignleft size-full wp-image-17977\" src=\"http:\/\/emlaktuel.com\/wp-content\/uploads\/2017\/09\/VADIKORU_BANNER_300x250.gif\" alt=\"\" width=\"300\" height=\"250\" \/><\/a>Yen bir kent do\u011fuyor<\/strong><\/p>\n<p>\u0130stanbul\u2019un Avrupa Yakas\u0131\u2019ndaki yeni y\u00fcz\u00fc Bah\u00e7ekent\u2019in en b\u00fcy\u00fck projelerinden olan &#8216;Tual Bah\u00e7ekent\u201d, 20 blok olarak 190 bin metrekarelik alan \u00fczerinde in\u015fa ediliyor. &#8216;Tual Bah\u00e7ekent&#8217; projesinde; 1.739 konut, ticari \u00fcniteler, \u00f6zel hastane, \u00f6zel okul, \u00f6zel kre\u015f ve bir devlet okulu yer al\u0131yor.<\/p>\n<p>Bah\u00e7e\u015fehir b\u00f6lgesinin geni\u015f sosyal donat\u0131lar\u0131na sahip projesi &#8216;Tual Bah\u00e7ekent\u2019te, kapal\u0131 havuz, sauna, fitness, buhar odas\u0131, \u00e7ocuk oyun parklar\u0131, y\u00fcr\u00fcy\u00fc\u015f parkurlar\u0131, basketbol sahas\u0131 mevcut. &#8216;Tual Bah\u00e7ekent&#8217;te daire tipleri 1+1\u2019den 4+1\u2019e kadar tasarland\u0131. Projede daire fiyatlar\u0131 1+1 daireler i\u00e7in 288 bin ile 329 bin TL, 2+1 daireler i\u00e7in 382 bin ile 618 bin TL ve 3+1 daireler i\u00e7in ise 531 bin ile 1 milyon 107 bin TL ve 4+1 daireler i\u00e7in 682 bin TL ile 865 bin TL aras\u0131nda de\u011fi\u015fiyor.<\/p>\n<p>&nbsp;<\/p>\n","protected":false},"excerpt":{"rendered":"<p>T\u00fcrkiye \u0130statistik Kurumu (T\u00dc\u0130K), 2017 y\u0131l\u0131 Eyl\u00fcl ay\u0131 konut sat\u0131\u015f istatistiklerini a\u00e7\u0131klad\u0131. Buna g\u00f6re; T\u00fcrkiye genelinde konut sat\u0131\u015flar\u0131 2017 Eyl\u00fcl ay\u0131nda bir \u00f6nceki y\u0131l\u0131n ayn\u0131 ay\u0131na g\u00f6re y\u00fczde 28.8 oran\u0131nda artarak 140.298 oldu. Sekt\u00f6rde devam eden kampanyalar\u0131n konut sat\u0131\u015flar\u0131na doping etkisi yapt\u0131\u011f\u0131n\u0131 belirten Da\u011f M\u00fchendislik Y\u00f6netim Kurulu Ba\u015fkan Yard\u0131mc\u0131s\u0131 Do\u011fan Da\u011f, gayrimenkul\u00fcn her d\u00f6nem eni [&hellip;]<\/p>\n","protected":false},"author":1,"featured_media":18579,"comment_status":"open","ping_status":"open","sticky":false,"template":"","format":"standard","meta":{"ngg_post_thumbnail":0},"categories":[26,5217,97],"tags":[2524,11208,11226,459,107,80,11335,11151,11102,96],"_links":{"self":[{"href":"https:\/\/emlaktuel.com\/index.php?rest_route=\/wp\/v2\/posts\/18578"}],"collection":[{"href":"https:\/\/emlaktuel.com\/index.php?rest_route=\/wp\/v2\/posts"}],"about":[{"href":"https:\/\/emlaktuel.com\/index.php?rest_route=\/wp\/v2\/types\/post"}],"author":[{"embeddable":true,"href":"https:\/\/emlaktuel.com\/index.php?rest_route=\/wp\/v2\/users\/1"}],"replies":[{"embeddable":true,"href":"https:\/\/emlaktuel.com\/index.php?rest_route=%2Fwp%2Fv2%2Fcomments&post=18578"}],"version-history":[{"count":1,"href":"https:\/\/emlaktuel.com\/index.php?rest_route=\/wp\/v2\/posts\/18578\/revisions"}],"predecessor-version":[{"id":18580,"href":"https:\/\/emlaktuel.com\/index.php?rest_route=\/wp\/v2\/posts\/18578\/revisions\/18580"}],"wp:featuredmedia":[{"embeddable":true,"href":"https:\/\/emlaktuel.com\/index.php?rest_route=\/wp\/v2\/media\/18579"}],"wp:attachment":[{"href":"https:\/\/emlaktuel.com\/index.php?rest_route=%2Fwp%2Fv2%2Fmedia&parent=18578"}],"wp:term":[{"taxonomy":"category","embeddable":true,"href":"https:\/\/emlaktuel.com\/index.php?rest_route=%2Fwp%2Fv2%2Fcategories&post=18578"},{"taxonomy":"post_tag","embeddable":true,"href":"https:\/\/emlaktuel.com\/index.php?rest_route=%2Fwp%2Fv2%2Ftags&post=18578"}],"curies":[{"name":"wp","href":"https:\/\/api.w.org\/{rel}","templated":true}]}}