{"id":18558,"date":"2017-10-25T11:18:14","date_gmt":"2017-10-25T08:18:14","guid":{"rendered":"http:\/\/emlaktuel.com\/?p=18558"},"modified":"2018-07-05T17:24:49","modified_gmt":"2018-07-05T14:24:49","slug":"2018-emlak-sektoru-icin-cok-daha-hareketli-gececek","status":"publish","type":"post","link":"https:\/\/emlaktuel.com\/?p=18558","title":{"rendered":"2018 emlak sekt\u00f6r\u00fc i\u00e7in \u00e7ok daha hareketli ge\u00e7ecek!"},"content":{"rendered":"<div class=\"centerAd\"><img loading=\"lazy\" class=\"size-full wp-image-5603 aligncenter\" src=\"http:\/\/emlaktuel.com\/wp-content\/uploads\/2016\/09\/suleyman-cetinsaya_-797888.jpg\" alt=\"\" width=\"600\" height=\"350\" \/><\/div>\n<div><\/div>\n<div class=\"soc2 nmobilw\"><\/div>\n<div>\n<p>Sabah Gazetesi&#8217;nin Kayseri&#8217;de d\u00fczenlemi\u015f oldu\u011fu Kentsel D\u00f6n\u00fc\u015f\u00fcm ve Stratejik Yakla\u015f\u0131mlar Kurultay\u0131&#8217;na <a href=\"http:\/\/emlaktuel.com\/?s=arta%C5%9F+in%C5%9Faat\"><strong>Arta\u015f \u0130n\u015faat<\/strong> <\/a>Y\u00f6netim Kurulu Ba\u015fkan\u0131 S\u00fcleyman \u00c7etinsaya&#8217;da kat\u0131l\u0131m g\u00f6sterdi. Zirve&#8217;ye kat\u0131lan \u00c7etinsaya hem sekt\u00f6r ad\u0131na hemde kendi \u015firketi ad\u0131na a\u00e7\u0131klamalarda bulundu.<\/p>\n<p>Sabah Gazetesi&#8217;nin haberine g\u00f6re, daha sa\u011fl\u0131kl\u0131, planl\u0131 ve ya\u015fanabilir kentler i\u00e7in kentsel d\u00f6n\u00fc\u015f\u00fcm projelerinin h\u0131z kazand\u0131\u011f\u0131n\u0131 dile getiren \u00c7etinsaya, yerel y\u00f6netimlerin ve \u00f6zel sekt\u00f6r i\u015fbirli\u011fiyle b\u00fcy\u00fck bir d\u00f6n\u00fc\u015f\u00fcm hareketinin ba\u015flat\u0131lmas\u0131 gerekti\u011fini de dikkat \u00e7ekti.<\/p>\n<p><a href=\"http:\/\/www.vadikoru.com\/?utm_source=emlaktuel&amp;utm_medium=Standart&amp;utm_campaign=Lansman&amp;utm_term=Eylul1\"><img loading=\"lazy\" class=\"alignleft size-full wp-image-17977\" src=\"http:\/\/emlaktuel.com\/wp-content\/uploads\/2017\/09\/VADIKORU_BANNER_300x250.gif\" alt=\"\" width=\"300\" height=\"250\" \/><\/a>S\u00fcleyman \u00c7etinsaya, &#8220;Bu d\u00f6n\u00fc\u015f\u00fcm\u00fcn en g\u00fczel \u00f6rneklerinden biri de Kayseri&#8217;deki Sahabiye Kentsel d\u00f6n\u00fc\u015f\u00fcm projesi. \u0130\u015flevselli\u011fini kaybetmi\u015f, b\u00fcy\u00fck alt yap\u0131 sorunlar\u0131yla kar\u015f\u0131 kar\u015f\u0131ya kalman\u0131n yan\u0131 s\u0131ra deprem ve afet riski ta\u015f\u0131yan Kayseri merkezde ki bu b\u00f6lge ba\u015flat\u0131lan d\u00f6n\u00fc\u015f\u00fcmle modern ya\u015fam alanlar\u0131na d\u00f6n\u00fc\u015f\u00fcyor&#8221; dedi.<\/p>\n<p><strong>\u0130n\u015faata g\u00fcven tam<\/strong><br \/>\nYeni projeler hayata ge\u00e7irece\u011fini a\u00e7\u0131klayan \u00c7etinsaya, \u00a0&#8220;T\u00fcrkiye \u0130statistik Kurumu 1 Ocak-30 Haziran tarihleri aras\u0131nda \u00fclke genelinde sat\u0131lan konut say\u0131s\u0131n\u0131 654 bin 363 olarak a\u00e7\u0131klad\u0131. Bu y\u00fckseli\u015fin 3. ve 4. \u00e7eyrekte de devam edece\u011fini d\u00fc\u015f\u00fcn\u00fcyorum&#8221; diye konu\u015ftu.<\/p>\n<p>Vatanda\u015flar\u0131n gayrimenkul yat\u0131r\u0131mlar\u0131na g\u00fcveninin tam oldu\u011funu kaydeden \u00c7etinsaya, 2018 y\u0131l\u0131n\u0131n in\u015faat sekt\u00f6r\u00fc i\u00e7in daha da hareketli ge\u00e7ece\u011fini aktard\u0131.<\/p>\n<p><strong>Markal\u0131 konuta talep fazla\u00a0<\/strong><br \/>\n\u00c7etinsaya; &#8220;\u0130nsanlar\u0131m\u0131z sosyal donat\u0131lar\u0131yla, g\u00fcvenli\u011fiyle, kalite ve konforuyla nitelikli ve markal\u0131 konutlar\u0131 daha fazla talep ediyor. Gelecek d\u00f6nemde de bu talebin artaca\u011f\u0131 kanaatindeyim. Arta\u015f \u0130n\u015faat olarak bizler de t\u00fcm projelerimizde s\u00fcrd\u00fcr\u00fclebilir bir kalite anlay\u0131\u015f\u0131yla yat\u0131r\u0131mc\u0131lara en yeni teknolojiyi kullanarak maksimum fayday\u0131 sa\u011flayacak konutlar \u00fcretiyoruz&#8221; \u015feklinde konu\u015ftu.<\/p>\n<\/div>\n","protected":false},"excerpt":{"rendered":"<p>Sabah Gazetesi&#8217;nin Kayseri&#8217;de d\u00fczenlemi\u015f oldu\u011fu Kentsel D\u00f6n\u00fc\u015f\u00fcm ve Stratejik Yakla\u015f\u0131mlar Kurultay\u0131&#8217;na Arta\u015f \u0130n\u015faat Y\u00f6netim Kurulu Ba\u015fkan\u0131 S\u00fcleyman \u00c7etinsaya&#8217;da kat\u0131l\u0131m g\u00f6sterdi. Zirve&#8217;ye kat\u0131lan \u00c7etinsaya hem sekt\u00f6r ad\u0131na hemde kendi \u015firketi ad\u0131na a\u00e7\u0131klamalarda bulundu. Sabah Gazetesi&#8217;nin haberine g\u00f6re, daha sa\u011fl\u0131kl\u0131, planl\u0131 ve ya\u015fanabilir kentler i\u00e7in kentsel d\u00f6n\u00fc\u015f\u00fcm projelerinin h\u0131z kazand\u0131\u011f\u0131n\u0131 dile getiren \u00c7etinsaya, yerel y\u00f6netimlerin ve \u00f6zel [&hellip;]<\/p>\n","protected":false},"author":1,"featured_media":5603,"comment_status":"open","ping_status":"open","sticky":false,"template":"","format":"standard","meta":{"ngg_post_thumbnail":0},"categories":[26,5217,97,5388],"tags":[11375,2664,62,584,11105,88,6829,80,556,11179],"_links":{"self":[{"href":"https:\/\/emlaktuel.com\/index.php?rest_route=\/wp\/v2\/posts\/18558"}],"collection":[{"href":"https:\/\/emlaktuel.com\/index.php?rest_route=\/wp\/v2\/posts"}],"about":[{"href":"https:\/\/emlaktuel.com\/index.php?rest_route=\/wp\/v2\/types\/post"}],"author":[{"embeddable":true,"href":"https:\/\/emlaktuel.com\/index.php?rest_route=\/wp\/v2\/users\/1"}],"replies":[{"embeddable":true,"href":"https:\/\/emlaktuel.com\/index.php?rest_route=%2Fwp%2Fv2%2Fcomments&post=18558"}],"version-history":[{"count":2,"href":"https:\/\/emlaktuel.com\/index.php?rest_route=\/wp\/v2\/posts\/18558\/revisions"}],"predecessor-version":[{"id":18571,"href":"https:\/\/emlaktuel.com\/index.php?rest_route=\/wp\/v2\/posts\/18558\/revisions\/18571"}],"wp:featuredmedia":[{"embeddable":true,"href":"https:\/\/emlaktuel.com\/index.php?rest_route=\/wp\/v2\/media\/5603"}],"wp:attachment":[{"href":"https:\/\/emlaktuel.com\/index.php?rest_route=%2Fwp%2Fv2%2Fmedia&parent=18558"}],"wp:term":[{"taxonomy":"category","embeddable":true,"href":"https:\/\/emlaktuel.com\/index.php?rest_route=%2Fwp%2Fv2%2Fcategories&post=18558"},{"taxonomy":"post_tag","embeddable":true,"href":"https:\/\/emlaktuel.com\/index.php?rest_route=%2Fwp%2Fv2%2Ftags&post=18558"}],"curies":[{"name":"wp","href":"https:\/\/api.w.org\/{rel}","templated":true}]}}