{"id":18555,"date":"2017-10-25T11:04:47","date_gmt":"2017-10-25T08:04:47","guid":{"rendered":"http:\/\/emlaktuel.com\/?p=18555"},"modified":"2018-07-05T17:24:46","modified_gmt":"2018-07-05T14:24:46","slug":"zafer-yildirim-mali-gereksiz-is-yuku-insaat-sektorunu-yaraliyor","status":"publish","type":"post","link":"https:\/\/emlaktuel.com\/?p=18555","title":{"rendered":"Zafer Y\u0131ld\u0131r\u0131m: Mali gereksiz i\u015f y\u00fck\u00fc, in\u015faat sekt\u00f6r\u00fcn\u00fc yaral\u0131yor"},"content":{"rendered":"<p><img loading=\"lazy\" class=\"size-full wp-image-18556\" src=\"http:\/\/emlaktuel.com\/wp-content\/uploads\/2017\/10\/1508914437__AGL4545.jpeg\" alt=\"zafer y\u0131ld\u0131r\u0131m\" width=\"5760\" height=\"3840\" \/><\/p>\n<p>Y\u0131ld\u0131r\u0131m Grup \u0130cra Kurulu Ba\u015fkan\u0131 Zafer Y\u0131ld\u0131r\u0131m in\u015faat sekt\u00f6r\u00fcn\u00fc yaralayan s\u0131k\u0131nt\u0131lar\u0131 anlatt\u0131. Sat\u0131\u015f olmadan vergi al\u0131nmas\u0131n\u0131n sekt\u00f6r a\u00e7\u0131s\u0131ndan b\u00fcy\u00fck s\u0131k\u0131nt\u0131 ya\u015fatt\u0131\u011f\u0131n\u0131 kaydeden Y\u0131ld\u0131r\u0131m \u201cBu sistem maliyeye gereksiz i\u015f y\u00fck\u00fc olu\u015fturacak bir sistem\u2019\u2019 dedi.<\/p>\n<p><a href=\"http:\/\/www.vadikoru.com\/?utm_source=emlaktuel&amp;utm_medium=Standart&amp;utm_campaign=Lansman&amp;utm_term=Eylul1\"><img loading=\"lazy\" class=\"alignleft size-full wp-image-17977\" src=\"http:\/\/emlaktuel.com\/wp-content\/uploads\/2017\/09\/VADIKORU_BANNER_300x250.gif\" alt=\"\" width=\"300\" height=\"250\" \/><\/a>Piyasadaki ko\u015fullar\u0131n g\u00f6z \u00f6n\u00fcne al\u0131narak bir \u00e7al\u0131\u015fma y\u00fcr\u00fct\u00fclmesinin b\u00fcy\u00fck \u00f6nem ta\u015f\u0131d\u0131\u011f\u0131n\u0131 s\u00f6yleyen Zafer Y\u0131ld\u0131r\u0131m \u2018\u2019 Kat kar\u015f\u0131l\u0131\u011f\u0131 in\u015faat s\u00f6zle\u015fmesi ile yap\u0131lan i\u015flerdeki ana s\u0131k\u0131nt\u0131, in\u015faat bitimiyle beraber arsa sahibi ve m\u00fcteahhit aras\u0131ndaki faturala\u015fmadan kaynaklanan, sat\u0131\u015f\u0131 olmayan sadece teslimi ger\u00e7ekle\u015fen mal\u0131n vergilendirilmesine sebebiyet veren ve sekt\u00f6r a\u00e7\u0131s\u0131ndan erken maddi y\u00fck olu\u015fturmas\u0131, sat\u0131\u015f neticesinde ger\u00e7ekle\u015fmesi gereken verginin teslim s\u0131ras\u0131nda tahakkuk etmesi bir \u00e7ok zorlu\u011fu beraberinde getiriyor. Arsa sahibi \u015firketler a\u00e7\u0131s\u0131ndan kat kar\u015f\u0131l\u0131\u011f\u0131 s\u00f6zle\u015fme ile yapt\u0131r\u0131lan bir binan\u0131n ba\u011f\u0131ms\u0131z b\u00f6l\u00fcmlerinin sat\u0131\u015f\u0131 ger\u00e7ekle\u015fmeden t\u00fcm vergilerin %90\u2019\u0131na yak\u0131n\u0131 tahakkuk etmi\u015f oluyor. M\u00fcteahhit firmalar, arsa sahibi firmalarla mali ili\u015fkiler a\u00e7\u0131s\u0131ndan ya\u015fanan belirsizlikler sebebiyle sekt\u00f6r\u00fcm\u00fcz olarak s\u0131k\u0131nt\u0131lar ya\u015famaktad\u0131r.<\/p>\n<p>Bor\u00e7lar kanununa g\u00f6re kat kar\u015f\u0131l\u0131\u011f\u0131 s\u00f6zle\u015fmelerin noterden yap\u0131ld\u0131\u011f\u0131n\u0131 anlatan Y\u0131ld\u0131r\u0131m \u201cBurada konut i\u00e7in yapt\u0131\u011f\u0131m\u0131z salesmen farkl\u0131, i\u015f yeri i\u00e7in yapt\u0131\u011f\u0131m\u0131z farkl\u0131. Bunlar\u0131 teslim edip faturala\u015fmalar\u0131 ve teslimdeki basic maddelere g\u00f6re isk\u00e2n\u0131 kabul etmek gerekiyor. Baz\u0131 maddelere g\u00f6re ise fiili teslimi kabul etmek gerekiyor. Bunlar bug\u00fcne kadar s\u00fcrekli eklentiler yap\u0131larak geldi\u011fi i\u00e7in karma\u015fa g\u00fcn ge\u00e7tik\u00e7e art\u0131yor.Bir kanun ile t\u00fcm belirsizlikler ve gereksiz i\u015f y\u00fck\u00fc ortadan kald\u0131r\u0131labilir.<\/p>\n<p><strong>Maketten sat\u0131\u015f engellenmesi do\u011fru uygulama<\/strong><\/p>\n<p>Maket \u00fczerinden sat\u0131\u015f\u0131n engellenmesi \u00e7ok yerinde bir \u00f6nlemdi. Maketten sat\u0131\u015f\u0131 engellemek i\u00e7in denildi ki; kat irtifak\u0131 kurulduktan sonra sat\u0131\u015f yap\u0131labilir. Bunu etkileyecek \u00fc\u00e7 madde daha vard\u0131. Burada en az\u0131ndan kaba in\u015faat seviyesi belirtilmesi gerekirken, yine ba\u011fl\u0131 oldu\u011fumuz kat kar\u015f\u0131l\u0131\u011f\u0131 s\u00f6zle\u015fmede siz mimari projenizi onaylat\u0131p ruhsat\u0131n\u0131z\u0131 ald\u0131ktan sonra hi\u00e7 in\u015faata ba\u015flamadan da gidip kat irtifak\u0131n\u0131z\u0131 kurabiliyorsunuz. Yine sat\u0131\u015f yapabilirsiniz. Burada bir \u015fey engellenmeye \u00e7al\u0131\u015f\u0131rken bo\u015fluklar\u0131 tam kapatamam\u0131\u015f oluyoruz. Her eklenen madde karma\u015fay\u0131 biraz daha artt\u0131r\u0131yor. D\u00fczg\u00fcn bir kanun \u00e7er\u00e7evesinin \u00e7izilip netle\u015fmesi gerekiyor\u201d ifadelerini kulland\u0131.<\/p>\n<p><strong><a href=\"http:\/\/www.meydanardicli.com.tr\/landing\/?utm_source=emlak_sitesi&amp;utm_medium=display&amp;utm_term=08504609097&amp;utm_campaign=meydan\"><img loading=\"lazy\" class=\"alignleft size-full wp-image-17946\" src=\"http:\/\/emlaktuel.com\/wp-content\/uploads\/2017\/09\/300x250.jpg\" alt=\"\" width=\"300\" height=\"250\" \/><\/a>Ankara\u2019n\u0131n yeni bulu\u015fma noktas\u0131<\/strong><\/p>\n<p>8000 metre karelik cadde ma\u011faza alan\u0131na sahip olan Y\u0131ld\u0131r\u0131m Kule, Ankaral\u0131lar\u0131n yeni bulu\u015fma noktas\u0131 haline geliyor. Volvo, SsangYong, Autowax ve \u00d6zs\u00fct gibi se\u00e7kin firmalar\u0131n yer alaca\u011f\u0131 cadde ma\u011fazalar\u0131n lokasyon olarak merkezde olmas\u0131na dikkat \u00e7eken Ferta\u015f \u0130n\u015faat Y\u00f6netim Kurulu Ba\u015fkan\u0131 Zafer Y\u0131ld\u0131r\u0131m, \u201cAnkara\u2019n\u0131n ticari gelece\u011fi a\u00e7\u0131s\u0131ndan projenin \u00f6neminin b\u00fcy\u00fck oldu\u011fu kan\u0131s\u0131nday\u0131m\u2019\u2019 dedi.<\/p>\n","protected":false},"excerpt":{"rendered":"<p>Y\u0131ld\u0131r\u0131m Grup \u0130cra Kurulu Ba\u015fkan\u0131 Zafer Y\u0131ld\u0131r\u0131m in\u015faat sekt\u00f6r\u00fcn\u00fc yaralayan s\u0131k\u0131nt\u0131lar\u0131 anlatt\u0131. Sat\u0131\u015f olmadan vergi al\u0131nmas\u0131n\u0131n sekt\u00f6r a\u00e7\u0131s\u0131ndan b\u00fcy\u00fck s\u0131k\u0131nt\u0131 ya\u015fatt\u0131\u011f\u0131n\u0131 kaydeden Y\u0131ld\u0131r\u0131m \u201cBu sistem maliyeye gereksiz i\u015f y\u00fck\u00fc olu\u015fturacak bir sistem\u2019\u2019 dedi. Piyasadaki ko\u015fullar\u0131n g\u00f6z \u00f6n\u00fcne al\u0131narak bir \u00e7al\u0131\u015fma y\u00fcr\u00fct\u00fclmesinin b\u00fcy\u00fck \u00f6nem ta\u015f\u0131d\u0131\u011f\u0131n\u0131 s\u00f6yleyen Zafer Y\u0131ld\u0131r\u0131m \u2018\u2019 Kat kar\u015f\u0131l\u0131\u011f\u0131 in\u015faat s\u00f6zle\u015fmesi ile yap\u0131lan i\u015flerdeki [&hellip;]<\/p>\n","protected":false},"author":1,"featured_media":18556,"comment_status":"open","ping_status":"open","sticky":false,"template":"","format":"standard","meta":{"ngg_post_thumbnail":0},"categories":[26,5217,97,5388],"tags":[67,1258,11098,556,6398,10022,9122,1257],"_links":{"self":[{"href":"https:\/\/emlaktuel.com\/index.php?rest_route=\/wp\/v2\/posts\/18555"}],"collection":[{"href":"https:\/\/emlaktuel.com\/index.php?rest_route=\/wp\/v2\/posts"}],"about":[{"href":"https:\/\/emlaktuel.com\/index.php?rest_route=\/wp\/v2\/types\/post"}],"author":[{"embeddable":true,"href":"https:\/\/emlaktuel.com\/index.php?rest_route=\/wp\/v2\/users\/1"}],"replies":[{"embeddable":true,"href":"https:\/\/emlaktuel.com\/index.php?rest_route=%2Fwp%2Fv2%2Fcomments&post=18555"}],"version-history":[{"count":2,"href":"https:\/\/emlaktuel.com\/index.php?rest_route=\/wp\/v2\/posts\/18555\/revisions"}],"predecessor-version":[{"id":18572,"href":"https:\/\/emlaktuel.com\/index.php?rest_route=\/wp\/v2\/posts\/18555\/revisions\/18572"}],"wp:featuredmedia":[{"embeddable":true,"href":"https:\/\/emlaktuel.com\/index.php?rest_route=\/wp\/v2\/media\/18556"}],"wp:attachment":[{"href":"https:\/\/emlaktuel.com\/index.php?rest_route=%2Fwp%2Fv2%2Fmedia&parent=18555"}],"wp:term":[{"taxonomy":"category","embeddable":true,"href":"https:\/\/emlaktuel.com\/index.php?rest_route=%2Fwp%2Fv2%2Fcategories&post=18555"},{"taxonomy":"post_tag","embeddable":true,"href":"https:\/\/emlaktuel.com\/index.php?rest_route=%2Fwp%2Fv2%2Ftags&post=18555"}],"curies":[{"name":"wp","href":"https:\/\/api.w.org\/{rel}","templated":true}]}}