{"id":18501,"date":"2017-10-24T13:00:10","date_gmt":"2017-10-24T10:00:10","guid":{"rendered":"http:\/\/emlaktuel.com\/?p=18501"},"modified":"2018-07-05T17:24:01","modified_gmt":"2018-07-05T14:24:01","slug":"gayrimenkulde-kadin-liderler-mentor-menti-programi-basvurulari-basliyor","status":"publish","type":"post","link":"https:\/\/emlaktuel.com\/?p=18501","title":{"rendered":"Gayrimenkulde Kad\u0131n Liderler Mentor-Menti Program\u0131 Ba\u015fvurular\u0131 Ba\u015fl\u0131yor\u2026"},"content":{"rendered":"<h2>\u00a0<img loading=\"lazy\" class=\"alignleft size-full wp-image-18502\" src=\"http:\/\/emlaktuel.com\/wp-content\/uploads\/2017\/10\/1508836190_GKLP_Yeni_Logo.jpg\" alt=\"\" width=\"2481\" height=\"2481\" \/><\/h2>\n<p><strong><i>Gayrimenkulde Kad\u0131n Liderler Platformu<\/i><\/strong><strong><i>, gayrimenkul <\/i><\/strong><strong><i>sekt\u00f6r\u00fcnde kad\u0131n istihdam\u0131n\u0131n artt\u0131r\u0131lmas\u0131<\/i><\/strong><strong><i>na katk\u0131 sa\u011flamak \u00fczere mentor-menti program\u0131 ba\u015flat\u0131yor. Programa, sekt\u00f6rde kariyerini geli\u015ftirmek isteyen, mesle\u011fe ara verip d\u00f6nmek isteyen, i\u015f hayat\u0131nda 5-10 y\u0131l aras\u0131 tecr\u00fcbesi olan ve sekt\u00f6rde kendi i\u015fini kurmak isteyen kad\u0131n \u00e7al\u0131\u015fanlar ba\u015fvurabilecek.<\/i><\/strong><\/p>\n<p>T\u00fcrkiye\u2019de gayrimenkul sekt\u00f6r\u00fcnde \u00e7al\u0131\u015fan kad\u0131nlara y\u00f6nelik olarak ilk kez yap\u0131lan \u2018Gayrimenkulde Kad\u0131n Ara\u015ft\u0131rmas\u0131\u2019 sonu\u00e7lar\u0131, sekt\u00f6r kad\u0131nlar\u0131n\u0131n 36 ya\u015f\u0131nda gen\u00e7 bir profile sahip, y\u00fcksek d\u00fczeyde e\u011fitimli ve \u00fcst d\u00fczey y\u00f6netim kademelerinde g\u00f6rev almaya haz\u0131r olduklar\u0131n\u0131 ortaya \u00e7\u0131karm\u0131\u015ft\u0131. Sekt\u00f6r \u00e7al\u0131\u015fan\u0131 kad\u0131nlar\u0131n sesi olmak \u00fczere yola \u00e7\u0131kt\u0131klar\u0131n\u0131 ifade eden <strong>Gayrimenkulde Kad\u0131n Liderler Platformu Dan\u0131\u015fma Kurulu Ba\u015fkan\u0131 Av. P\u0131nar Ersin Kollu, <\/strong>\u2018Gayrimenkulde Kad\u0131n Ara\u015ft\u0131rmas\u0131\u2019n\u0131 yapt\u0131rmam\u0131zdaki ama\u00e7, gayrimenkul sekt\u00f6r\u00fcnde \u00e7al\u0131\u015fan kad\u0131nlar\u0131m\u0131z\u0131n profilini \u00e7izmek, sorunlar\u0131n\u0131 ve ihtiya\u00e7lar\u0131n\u0131 belirlemek ve yol haritam\u0131z\u0131 \u00e7\u0131karmakt\u0131. Art\u0131k kad\u0131nlar\u0131m\u0131z\u0131n neye ihtiya\u00e7lar\u0131 oldu\u011funu biliyoruz: Onlar sekt\u00f6re liderlik etmeye haz\u0131rlar. Biz de platform \u00fcyesi i\u015f kad\u0131nlar\u0131 olarak \u00fczerimize d\u00fc\u015fen bu sorumlulu\u011fu, onlara kendi deneyimlerimizi aktaraca\u011f\u0131m\u0131z bir Mentorluk Program\u0131 ba\u015flatarak yerine getirmeye ba\u015fl\u0131yoruz. Ayn\u0131 zamanda, sekt\u00f6r\u00fcm\u00fczde faliyet g\u00f6steren \u015firketlerin \u00fcst y\u00f6netiminde kad\u0131n say\u0131s\u0131n\u0131 ve etkinli\u011fini artt\u0131rmay\u0131 hedefleyen \u2018Y\u00f6netim Kurulunda Kad\u0131n\u2019; sekt\u00f6r\u00fcn di\u011fer payda\u015flar\u0131 ve sivil toplum kurulu\u015flar\u0131yla ortak \u00e7al\u0131\u015fmalar yapmay\u0131 hedefleyen \u2018D\u0131\u015f \u0130li\u015fkiler\u2019 gibi \u00e7al\u0131\u015fma gruplar\u0131m\u0131z da projeler \u00fcretmek i\u00e7in yo\u011fun bir haz\u0131rl\u0131k i\u00e7erisindeler. Kad\u0131nlar\u0131m\u0131z i\u015f d\u00fcnyas\u0131nda daha fazla s\u00f6z sahibi olmal\u0131. Geli\u015fen, b\u00fcy\u00fcyen T\u00fcrkiyemizde, kad\u0131n y\u00f6neticilerin say\u0131s\u0131n\u0131n \u00e7ok daha fazla olmas\u0131 gerekiyor.\u201d dedi.<\/p>\n<p><strong>Mentorluk Program\u0131, Sekt\u00f6rde Kad\u0131n \u0130stihdam\u0131n\u0131 Artt\u0131rmay\u0131 Ama\u00e7l\u0131yor\u2026<\/strong><\/p>\n<p>Gayrimenkulde Kad\u0131n Liderler Platformu, gayrimenkul sekt\u00f6r\u00fcnde kad\u0131n \u00e7al\u0131\u015fanlara y\u00f6nelik menti program\u0131 ba\u015flatt\u0131. Programa; sekt\u00f6rde kariyerini geli\u015ftirmek isteyen, mesle\u011fe ara verip d\u00f6nmek isteyen veya kendi i\u015fini kurmak isteyen kad\u0131n \u00e7al\u0131\u015fanlar ba\u015fvurabiliyor. Menti ba\u015fvurular\u0131 23 Ekim \u2013 03 Kas\u0131m 2017 tarihleri aras\u0131nda <a href=\"https:\/\/www.dijitmo.net\/form\/\" target=\"_blank\" rel=\"noopener\" data-saferedirecturl=\"https:\/\/www.google.com\/url?hl=tr&amp;q=https:\/\/www.dijitmo.net\/form\/&amp;source=gmail&amp;ust=1508924545565000&amp;usg=AFQjCNG-4Y_cYM1EinQcULzrLqb7HZmPIg\">https:\/\/www.dijitmo.net\/form\/<\/a><span class=\"m_5016853910919621184apple-converted-space\"> adresi <\/span>\u00fczerinden yap\u0131labiliyor.<\/p>\n<p>Yap\u0131lan de\u011ferlendirmeler sonras\u0131nda se\u00e7ilen menti adaylar\u0131, 6 ay s\u00fcre ile devam edecek programa kat\u0131lmaya hak kazanm\u0131\u015f olacaklar. Program,<strong> s<\/strong>ekt\u00f6rde \u00e7al\u0131\u015fan kad\u0131nlar\u0131n varl\u0131\u011f\u0131n\u0131 ve etkinli\u011fini artt\u0131rarak, i\u015f ya\u015famlar\u0131nda seslerini daha \u00e7ok duyurmalar\u0131, \u00e7e\u015fitli i\u015f ortamlar\u0131nda daha yo\u011fun temsil edilmeleri ve kendi hayatlar\u0131n\u0131n liderleri olmalar\u0131na destek olmay\u0131 ama\u00e7l\u0131yor.<\/p>\n<hr \/>\n<p><strong>Gayrimenkulde Kad\u0131n Liderler Platformu Dan\u0131\u015fma Kurulu \u00dcyeleri:<\/strong> Ayla Heyfegil (Servotel), Ay\u015fe Hasol Erktin (Has Mimarl\u0131k), Banu Varg\u0131 T\u00fcmay (MV Holding), Buket Hayretci (Aareal Bank), Bur\u00e7in Sezen (A\u015f\u00e7\u0131o\u011flu), Ceyda \u00c7arm\u0131kl\u0131 K\u0131l\u0131\u00e7aslan (Nurol GYO), Didem Erendil (Circle Real Estate Consulting), Didem Muslu (Servotel), Duygu Merzifonluo\u011flu (PwC), Elvan Oktar (ERA Research &amp; Consultancy), Eser \u00d6zbay (Bilgili Holding), Fatma \u00c7elenk (Soyak Holding), F\u00fcsun Y\u0131lmaz Phillipson(FYP), G\u00fclfem Tando\u011fan (\u0130\u015f GYO), G\u00fcniz \u00c7elen (\u00c7elen &amp; \u00c7elen), Harika Uyan\u0131k (ARUP), Melda Bayraktaro\u011flu(Servotel), Ne\u015fecan \u00c7ekici (Epos), Nil Y\u0131ld\u0131zalp (ADA PR), Av.P\u0131nar Ersin Kollu (\u0130\u015f GYO), \u015eenay Azak-Matt (Aareal Bank), Sevda Alkan (Sabanc\u0131 \u00dcniversitesi), Sira Kazanc\u0131o\u011flu (Cushman &amp; Wakefield), Sinem Tekin (GYODER). \u0130simler alfabetik olarak s\u0131ralanm\u0131\u015ft\u0131r.<\/p>\n<hr \/>\n<p><strong>Gayrimenkulde Kad\u0131n Liderler Platformu Hakk\u0131nda<\/strong><\/p>\n<p>Gayrimenkulde Kad\u0131n Liderler Platformu\u2019nun tohumlar\u0131 May\u0131s 2016\u2019da ULI T\u00fcrkiye\u2019nin d\u00fczenledi\u011fi Gayrimenkulde Kad\u0131n Giri\u015fimi etkinli\u011finde at\u0131ld\u0131. G\u00fcniz \u00c7elen ile ULI T\u00fcrkiye Ba\u015fkan\u0131 Ay\u015fe Hasol Erktin\u2019in fikir anneli\u011fiyle ivme kazanan platform, resmi olarak 08 Mart 2017 D\u00fcnya Kad\u0131nlar G\u00fcn\u00fc\u2019nde faaliyete ge\u00e7ti. Av.P\u0131nar Ersin Kollu ba\u015fkanl\u0131\u011f\u0131nda 20 ki\u015filik Dan\u0131\u015fma Kurulu\u2019ndan olu\u015fan Platform, k\u0131sa ve uzun vadede gayrimenkul sekt\u00f6r\u00fcn\u00fcn her alan\u0131ndaki kad\u0131n \u00e7al\u0131\u015fanlar\u0131n ihtiya\u00e7lar\u0131n\u0131 do\u011fru tespit edebilmek amac\u0131yla kad\u0131n \u00e7al\u0131\u015fanlara \u00f6zg\u00fc istatistiklerin olu\u015fturulmas\u0131n\u0131 ve raporlar\u0131n haz\u0131rlanmas\u0131n\u0131, alan\u0131nda deneyimli kad\u0131n y\u00f6neticilerin meslek hayat\u0131na hen\u00fcz ba\u015flayan kad\u0131n \u00e7al\u0131\u015fanlara rehber olabilecekleri bir Mentorluk Program\u0131 ba\u015flat\u0131lmas\u0131n\u0131, sekt\u00f6rde kad\u0131n g\u00f6r\u00fcn\u00fcrl\u00fc\u011f\u00fcn\u00fc art\u0131rmak \u00fczere paneller, konferanslar d\u00fczenlemek kayd\u0131yla t\u00fcm platformlarda kad\u0131nlar\u0131n temsiline yer verilmesini ve periyodik toplant\u0131larla ve genel kat\u0131l\u0131ml\u0131 \u00e7al\u0131\u015ftaylarla duyarl\u0131l\u0131\u011f\u0131n ve ortak ak\u0131l \u00e7al\u0131\u015fmalar\u0131n\u0131n g\u00fcndemde tutulmas\u0131n\u0131 hedefliyor.<\/p>\n","protected":false},"excerpt":{"rendered":"<p>\u00a0 Gayrimenkulde Kad\u0131n Liderler Platformu, gayrimenkul sekt\u00f6r\u00fcnde kad\u0131n istihdam\u0131n\u0131n artt\u0131r\u0131lmas\u0131na katk\u0131 sa\u011flamak \u00fczere mentor-menti program\u0131 ba\u015flat\u0131yor. Programa, sekt\u00f6rde kariyerini geli\u015ftirmek isteyen, mesle\u011fe ara verip d\u00f6nmek isteyen, i\u015f hayat\u0131nda 5-10 y\u0131l aras\u0131 tecr\u00fcbesi olan ve sekt\u00f6rde kendi i\u015fini kurmak isteyen kad\u0131n \u00e7al\u0131\u015fanlar ba\u015fvurabilecek. T\u00fcrkiye\u2019de gayrimenkul sekt\u00f6r\u00fcnde \u00e7al\u0131\u015fan kad\u0131nlara y\u00f6nelik olarak ilk kez yap\u0131lan \u2018Gayrimenkulde Kad\u0131n Ara\u015ft\u0131rmas\u0131\u2019 [&hellip;]<\/p>\n","protected":false},"author":1,"featured_media":18502,"comment_status":"open","ping_status":"open","sticky":false,"template":"","format":"standard","meta":{"ngg_post_thumbnail":0},"categories":[221,5217,97,5388],"tags":[11504,107,1923,8452,548,11159,11269,251],"_links":{"self":[{"href":"https:\/\/emlaktuel.com\/index.php?rest_route=\/wp\/v2\/posts\/18501"}],"collection":[{"href":"https:\/\/emlaktuel.com\/index.php?rest_route=\/wp\/v2\/posts"}],"about":[{"href":"https:\/\/emlaktuel.com\/index.php?rest_route=\/wp\/v2\/types\/post"}],"author":[{"embeddable":true,"href":"https:\/\/emlaktuel.com\/index.php?rest_route=\/wp\/v2\/users\/1"}],"replies":[{"embeddable":true,"href":"https:\/\/emlaktuel.com\/index.php?rest_route=%2Fwp%2Fv2%2Fcomments&post=18501"}],"version-history":[{"count":1,"href":"https:\/\/emlaktuel.com\/index.php?rest_route=\/wp\/v2\/posts\/18501\/revisions"}],"predecessor-version":[{"id":18503,"href":"https:\/\/emlaktuel.com\/index.php?rest_route=\/wp\/v2\/posts\/18501\/revisions\/18503"}],"wp:featuredmedia":[{"embeddable":true,"href":"https:\/\/emlaktuel.com\/index.php?rest_route=\/wp\/v2\/media\/18502"}],"wp:attachment":[{"href":"https:\/\/emlaktuel.com\/index.php?rest_route=%2Fwp%2Fv2%2Fmedia&parent=18501"}],"wp:term":[{"taxonomy":"category","embeddable":true,"href":"https:\/\/emlaktuel.com\/index.php?rest_route=%2Fwp%2Fv2%2Fcategories&post=18501"},{"taxonomy":"post_tag","embeddable":true,"href":"https:\/\/emlaktuel.com\/index.php?rest_route=%2Fwp%2Fv2%2Ftags&post=18501"}],"curies":[{"name":"wp","href":"https:\/\/api.w.org\/{rel}","templated":true}]}}