{"id":18245,"date":"2017-10-08T15:12:46","date_gmt":"2017-10-08T12:12:46","guid":{"rendered":"http:\/\/emlaktuel.com\/?p=18245"},"modified":"2018-07-05T17:20:35","modified_gmt":"2018-07-05T14:20:35","slug":"futbolun-liderleri-nef-icin-kamera-karsisina-gecti","status":"publish","type":"post","link":"https:\/\/emlaktuel.com\/?p=18245","title":{"rendered":"Futbolun liderleri, Nef i\u00e7in kamera kar\u015f\u0131s\u0131na ge\u00e7ti"},"content":{"rendered":"<p><img loading=\"lazy\" class=\"size-full wp-image-18247\" src=\"http:\/\/emlaktuel.com\/wp-content\/uploads\/2017\/10\/1507301558_Eray_Denayer.jpeg\" alt=\"nef futbol\" width=\"2067\" height=\"1162\" \/><\/p>\n<p><strong>T\u00fcrkiye\u2019nin lider gayrimenkul markas\u0131 Nef, 3 y\u0131l s\u00fcreyle ana sponsoru oldu\u011fu Galatasaray\u2019\u0131n lider futbolcular\u0131yla keyifli bir reklam kampanyas\u0131na imza att\u0131. Nef Bah\u00e7elievler projesi i\u00e7in ger\u00e7ekle\u015ftirilen reklam \u00e7ekimlerine; Gomis, Maicon, Muslera, Denayer ve Rodrigues gibi Galatasaray\u2019\u0131n y\u0131ld\u0131z isimler kat\u0131ld\u0131.<\/strong><\/p>\n<p>S\u00fcper Lig\u2019in lideri Galatasaray\u2019\u0131n \u00fcnl\u00fc oyuncular\u0131, bu kez ana sponsoru ve sekt\u00f6r lideri Nef\u2019in Bah\u00e7elievler projesinin tan\u0131t\u0131m\u0131 i\u00e7in kamera kar\u015f\u0131s\u0131na ge\u00e7ti. Gomis, Maicon, Muslera, Denayer, Rodrigues, Tar\u0131k ve Eray gibi y\u0131ld\u0131zlar\u0131n yer ald\u0131\u011f\u0131 reklam filminde oyuncular, rol yetenekleriyle ye\u015fil sahalardaki ba\u015far\u0131lar\u0131n\u0131 aratmad\u0131lar. Nef\u2019in, bu hafta yay\u0131na giren reklam filmiyle beraber, Nef Bah\u00e7elievler projesi i\u00e7in 50 daire ile s\u0131n\u0131rl\u0131 pe\u015fin \u00f6demede y\u00fczde 20 indirim f\u0131rsat\u0131 sunuluyor.<\/p>\n<p><strong>FUTBOLCULARIN B\u0130L\u0130NMEYEN D\u00dcNYALARI<\/strong><\/p>\n<p>E\u011flenceli dakikalar\u0131n ya\u015fand\u0131\u011f\u0131 \u00e7ekimlerde, sar\u0131 k\u0131rm\u0131z\u0131l\u0131 tak\u0131m\u0131n oyuncular\u0131 PlayStation oynarken, piyano \u00e7alarken ve yemek yaparken g\u00f6r\u00fcnt\u00fcleniyor. \u00c7ekimlerde, \u00fcnl\u00fc futbolcular\u0131n bir Nef inovasyonu olan patentli \u2018Foldhome\u2019un PlayStation Odas\u0131, M\u00fczik Odas\u0131 ve \u00d6zel Yemek Odas\u0131 gibi bir\u00e7ok alternatifini de\u011ferlendirdi\u011fi g\u00f6r\u00fcl\u00fcyor.<\/p>\n<p>Galatasaray\u2019\u0131n ana sponsoru Nef\u2019in Bah\u00e7elievler projesinin tan\u0131t\u0131m\u0131 i\u00e7in kamera kar\u015f\u0131s\u0131na ge\u00e7en oyuncular aras\u0131nda Bafetimbi Gomis, Fernando Muslera, Maicon Roque, Fernando, Jason Denayer, Garry Rodrigues, Tar\u0131k \u00c7amdal ve Eray \u0130\u015fcan yer al\u0131yor. Futbolcular\u0131n bu \u00f6zel sahneleri ise \u00e7ok keyifli bir \u00e7al\u0131\u015fma sonucu ortaya \u00e7\u0131kt\u0131. Her futbolcunun ilgisi ve \u00f6zellikleri dahilinde filme al\u0131nan sahnelerde, futbolcular da keyifli dakikalar ge\u00e7irdi.<\/p>\n<p><strong>\u0130LK 50 DA\u0130REDE, %20 \u0130ND\u0130R\u0130M<\/strong><\/p>\n<p>Bir Nef inovasyonu olan patentli \u2018Foldhome\u2019 ke\u015ffi ile Nef Bah\u00e7elievler\u2019de 1+1 eviniz, 24 odal\u0131 bir eve d\u00f6n\u00fc\u015f\u00fcyor. \u2018Foldhome\u2019 sisteminin yan\u0131 s\u0131ra, 30 Ekim\u2019e kadar ge\u00e7erli olacak \u00f6zel kampanyas\u0131n\u0131 da bu reklam filmiyle duyuran Nef, Bah\u00e7elievler projesinde 50 daire ile s\u0131n\u0131rl\u0131 pe\u015fin \u00f6demede %20 indirim sunuyor. Projede ayr\u0131ca 60 aya kadar vade farks\u0131z \u00f6deme planlar\u0131 da mevcut.<\/p>\n<p><strong>SOSYAL MEDYADA HIZLA YAYILDI<\/strong><\/p>\n<p>G\u00f6r\u00fcnt\u00fcs\u00fc, \u00e7ekim kalitesi ve senaryosu ile fark yaratan reklam kampanyas\u0131, t\u00fcm taraftarlardan tam not ald\u0131. Sosyal medyada ciddi bir etkile\u015fim yaratan reklam filmleri, k\u0131sa s\u00fcrede h\u0131zla yay\u0131larak viral videolar aras\u0131nda yerini \u015fimdiden ald\u0131. Taraftarlar\u0131n yaratt\u0131\u011f\u0131 alternatif videolar, ayr\u0131ca sosyal medyada b\u00fcy\u00fck ilgi g\u00f6r\u00fcyor.<\/p>\n<p><strong>SIRADA BARCELONA VAR<\/strong><\/p>\n<p>D\u00fcnyan\u0131n en fazla taraftar say\u0131s\u0131na sahip spor kul\u00fcplerinden FC Barcelona\u2019n\u0131n b\u00f6lgesel resmi sponsoru olan Nef, sponsorluk anla\u015fmas\u0131 kapsam\u0131nda; FC Barcelona\u2019n\u0131n isim ve logo kullan\u0131m haklar\u0131n\u0131n yan\u0131 s\u0131ra; reklam ve tan\u0131t\u0131m aktivitelerinde Barcelona tak\u0131m\u0131 ve oyuncular\u0131n\u0131n g\u00f6rsel kullan\u0131m haklar\u0131na sahip. Bu i\u015fbirli\u011finden ortaya \u00e7\u0131kacak reklam kampanyas\u0131 ise \u015fimdiden heyecanla bekleniyor.<\/p>\n<p><strong>Reklam Filmleri:<\/strong><\/p>\n<p>Maicon-Fernando:\u00a0<a href=\"https:\/\/www.youtube.com\/watch?v=_uGWvguYfdQ\" target=\"_blank\" rel=\"noopener\" data-saferedirecturl=\"https:\/\/www.google.com\/url?hl=tr&amp;q=https:\/\/www.youtube.com\/watch?v%3D_uGWvguYfdQ&amp;source=gmail&amp;ust=1507542205391000&amp;usg=AFQjCNF8-ZsgmmASkQm6FASkWizEfqAxpQ\">https:\/\/www.youtube.com\/watch?<wbr \/>v=_uGWvguYfdQ<\/a><\/p>\n<p>Gomis:\u00a0<a href=\"https:\/\/www.youtube.com\/watch?v=HA_guwajaMc\" target=\"_blank\" rel=\"noopener\" data-saferedirecturl=\"https:\/\/www.google.com\/url?hl=tr&amp;q=https:\/\/www.youtube.com\/watch?v%3DHA_guwajaMc&amp;source=gmail&amp;ust=1507542205391000&amp;usg=AFQjCNGe04mfwRTix3WeZtLdYsnC6tGLkA\">https:\/\/www.youtube.com\/watch?<wbr \/>v=HA_guwajaMc<\/a><\/p>\n<p>Muslera:\u00a0<a href=\"https:\/\/www.youtube.com\/watch?v=boU64MP31_k&amp;feature=youtu.be\" target=\"_blank\" rel=\"noopener\" data-saferedirecturl=\"https:\/\/www.google.com\/url?hl=tr&amp;q=https:\/\/www.youtube.com\/watch?v%3DboU64MP31_k%26feature%3Dyoutu.be&amp;source=gmail&amp;ust=1507542205391000&amp;usg=AFQjCNHbgGx9VP4SYTFBnUm8wzBe3qtcFA\">https:\/\/www.youtube.com\/watch?<wbr \/>v=boU64MP31_k&amp;feature=youtu.be<\/a><\/p>\n<p><strong>Reklamveren:<\/strong>\u00a0Nef<\/p>\n<p><strong>Reklam Ajans\u0131:<\/strong>\u00a0B\u00fcro<\/p>\n<p><strong>Prod\u00fcksiyon \u015eirketi:<\/strong>\u00a0Norr Film<\/p>\n<p><strong>Y\u00f6netmen:<\/strong>\u00a0Can Pehlivanl\u0131<\/p>\n","protected":false},"excerpt":{"rendered":"<p>T\u00fcrkiye\u2019nin lider gayrimenkul markas\u0131 Nef, 3 y\u0131l s\u00fcreyle ana sponsoru oldu\u011fu Galatasaray\u2019\u0131n lider futbolcular\u0131yla keyifli bir reklam kampanyas\u0131na imza att\u0131. Nef Bah\u00e7elievler projesi i\u00e7in ger\u00e7ekle\u015ftirilen reklam \u00e7ekimlerine; Gomis, Maicon, Muslera, Denayer ve Rodrigues gibi Galatasaray\u2019\u0131n y\u0131ld\u0131z isimler kat\u0131ld\u0131. S\u00fcper Lig\u2019in lideri Galatasaray\u2019\u0131n \u00fcnl\u00fc oyuncular\u0131, bu kez ana sponsoru ve sekt\u00f6r lideri Nef\u2019in Bah\u00e7elievler projesinin tan\u0131t\u0131m\u0131 [&hellip;]<\/p>\n","protected":false},"author":1,"featured_media":18247,"comment_status":"open","ping_status":"open","sticky":false,"template":"","format":"standard","meta":{"ngg_post_thumbnail":0},"categories":[221,5217,97,5388],"tags":[300,11579,741,98,99,9932,3325,3324,11257,106,118,11261],"_links":{"self":[{"href":"https:\/\/emlaktuel.com\/index.php?rest_route=\/wp\/v2\/posts\/18245"}],"collection":[{"href":"https:\/\/emlaktuel.com\/index.php?rest_route=\/wp\/v2\/posts"}],"about":[{"href":"https:\/\/emlaktuel.com\/index.php?rest_route=\/wp\/v2\/types\/post"}],"author":[{"embeddable":true,"href":"https:\/\/emlaktuel.com\/index.php?rest_route=\/wp\/v2\/users\/1"}],"replies":[{"embeddable":true,"href":"https:\/\/emlaktuel.com\/index.php?rest_route=%2Fwp%2Fv2%2Fcomments&post=18245"}],"version-history":[{"count":1,"href":"https:\/\/emlaktuel.com\/index.php?rest_route=\/wp\/v2\/posts\/18245\/revisions"}],"predecessor-version":[{"id":18248,"href":"https:\/\/emlaktuel.com\/index.php?rest_route=\/wp\/v2\/posts\/18245\/revisions\/18248"}],"wp:featuredmedia":[{"embeddable":true,"href":"https:\/\/emlaktuel.com\/index.php?rest_route=\/wp\/v2\/media\/18247"}],"wp:attachment":[{"href":"https:\/\/emlaktuel.com\/index.php?rest_route=%2Fwp%2Fv2%2Fmedia&parent=18245"}],"wp:term":[{"taxonomy":"category","embeddable":true,"href":"https:\/\/emlaktuel.com\/index.php?rest_route=%2Fwp%2Fv2%2Fcategories&post=18245"},{"taxonomy":"post_tag","embeddable":true,"href":"https:\/\/emlaktuel.com\/index.php?rest_route=%2Fwp%2Fv2%2Ftags&post=18245"}],"curies":[{"name":"wp","href":"https:\/\/api.w.org\/{rel}","templated":true}]}}