{"id":18205,"date":"2017-10-05T15:54:32","date_gmt":"2017-10-05T12:54:32","guid":{"rendered":"http:\/\/emlaktuel.com\/?p=18205"},"modified":"2018-07-05T17:20:07","modified_gmt":"2018-07-05T14:20:07","slug":"and-pastelde-once-yasa-sonra-ode-devri","status":"publish","type":"post","link":"https:\/\/emlaktuel.com\/?p=18205","title":{"rendered":"AND Pastel&#8217;de \u00f6nce ya\u015fa sonra \u00f6de devri"},"content":{"rendered":"<p><img loading=\"lazy\" class=\"size-full wp-image-18206\" src=\"http:\/\/emlaktuel.com\/wp-content\/uploads\/2017\/10\/and-pastel-nerede.jpg\" alt=\"and pastel nerede\" width=\"2300\" height=\"1100\" \/><\/p>\n<p><strong>Anadolu Grubu\u2019nun gayrimenkul sekt\u00f6r\u00fcnde faaliyet g\u00f6steren \u015firketi AND Gayrimenkul, \u0130stanbul Kartal\u2019da y\u00fckselen ve b\u00f6lgenin en b\u00fcy\u00fck \u00f6l\u00e7ekli projelerinden biri olan Yeni Nesil Mahalle AND Pastel\u2019in yeni ve son etab\u0131n\u0131 da sat\u0131\u015fa a\u00e7t\u0131.<\/strong><\/p>\n<p>\u0130lk etap teslimleri Haziran 2018\u2019de; son etap teslimleri ise Aral\u0131k 2018\u2019de ba\u015flayacak AND Pastel\u2019in kredi \u00f6demeleri ise Ocak 2019\u2019a ertelenebiliyor.<\/p>\n<p>Ya\u015fam ba\u015flad\u0131ktan sonra \u00f6deme yapabilme imkan\u0131 sunan AND Pastel\u2019de ayn\u0131 zamanda <strong>y\u00fczde 1 KDV<\/strong> avantaj\u0131 da sunuluyor. Projede \u201c60 aya y\u00fczde 0 faiz oran\u0131\u2019\u2019 veya \u2018\u2019120 aya y\u00fczde 0.55 faiz oran\u0131\u201d gibi bir\u00e7ok farkl\u0131 ihtiyaca cevap veren 100\u2019den fazla \u00f6deme se\u00e7ene\u011fi de bulunuyor.<\/p>\n<p><strong>\u2018\u2019T\u00fcrkiye\u2019nin En \u0130yi Konut Projesi\u2019\u2019 \u00d6d\u00fcll\u00fc Yeni Nesil Mahalle<\/strong><\/p>\n<p>AND Pastel, Adalar ve deniz manzaras\u0131na hakim, geni\u015f ye\u015fil alanlara a\u00e7\u0131lan farkl\u0131 ihtiya\u00e7lara ve isteklere cevap verebilecek evlerden olu\u015fuyor. HPP Architects taraf\u0131ndan tasarlanan AND Pastel, \u2018\u2019Yeni Nesil Mahalle\u2019\u2019 konseptiyle ge\u00e7mi\u015fin \u00f6zlem duyulan mahalle ya\u015fam\u0131n\u0131 yeni nesil bir anlay\u0131\u015fla yeniden yorumluyor.<\/p>\n<p>AND Pastel, Sign of the City Awards 2016 &#8211; \u2018\u2019T\u00fcrkiye\u2019nin En iyi Konut Projesi\u2019\u2019 (Devam Eden) ve European Property Awards 2016\u2013 \u2018\u2019Avrupa\u2019n\u0131n En iyi Peyzaj Mimarisi\u2019\u2019 de dahil olmak \u00fczere 8 farkl\u0131 uluslararas\u0131 \u00f6d\u00fcle sahip.<\/p>\n<p><strong>72 Adet Basketbol Sahas\u0131 Kadar Peyzaj Alan\u0131<\/strong><\/p>\n<p>\u0130stanbul\u2019un ana ula\u015f\u0131m akslar\u0131ndan E-5\u2019in hemen yan\u0131nda, metroya y\u00fcr\u00fcme mesafesinde yer alan konumu ile dikkat \u00e7eken AND Pastel\u2019in y\u00fczde 70\u2019i peyzaj alan\u0131ndan olu\u015fuyor.<\/p>\n<p>30.000 metrekare peyzaj alan\u0131 ile yakla\u015f\u0131k 72 adet basketbol sahas\u0131 kadar b\u00fcy\u00fck bir peyzaj alan\u0131na sahip projede, %30 oran\u0131nda do\u011fal toprak korunuyor. Do\u011fal toprak projede b\u00fcy\u00fck ve yeti\u015fkin a\u011fa\u00e7lar\u0131n yer alabilmesine olanak sa\u011fl\u0131yor.<\/p>\n<p>Projenin kendi ye\u015fil alanlar\u0131na ek olarak ayn\u0131 zamanda Kom\u015fuk\u00f6y i\u015f birli\u011fiyle de do\u011fall\u0131k AND Pastel\u2019e ta\u015f\u0131n\u0131yor. Kom\u015fuk\u00f6y\u2019deki AND Pastel tarlalar\u0131nda yeti\u015fen birbirinden sa\u011fl\u0131kl\u0131 \u00fcr\u00fcnler, tarladan topland\u0131\u011f\u0131 g\u00fcn en taze haliyle AND Pastel\u2019deki ev sahipleriyle bulu\u015fuyor. \u015eimdiden ev sahiplerine g\u00f6nderimine ba\u015flanan Kom\u015fuk\u00f6y\u2019\u00fcn do\u011fal \u00fcr\u00fcnleri, ye\u015fil bloktan daire alan ev sahiplerine her ay g\u00f6nderilmeye devam edecek.<\/p>\n<figure id=\"attachment_18207\" aria-describedby=\"caption-attachment-18207\" style=\"width: 567px\" class=\"wp-caption aligncenter\"><img loading=\"lazy\" class=\"size-full wp-image-18207\" src=\"http:\/\/emlaktuel.com\/wp-content\/uploads\/2017\/10\/1507206795_landscape.jpg\" alt=\"and pastel \" width=\"567\" height=\"331\" \/><figcaption id=\"caption-attachment-18207\" class=\"wp-caption-text\">and pastel<\/figcaption><\/figure>\n<p><strong>\u00c7ocuk Dostu Proje<\/strong><\/p>\n<p>\u00c7ocuklar\u0131n sadece b\u00fcy\u00fcklere g\u00f6re tasarlanm\u0131\u015f evlerden, \u015fehrin g\u00fcr\u00fclt\u00fcs\u00fcn\u00fcn eksik olmad\u0131\u011f\u0131 k\u00fc\u00e7\u00fck \u00e7ocuk parklar\u0131ndan \u00e7ok daha fazlas\u0131n\u0131 hak ettikleri felsefesini benimseyen AND Gayrimenkul, AND Pastel\u2019in sadece a\u00e7\u0131k alanlar\u0131n\u0131 de\u011fil, evlerin i\u00e7i ve ortak kapal\u0131 alanlar\u0131 da \u00e7ocuklar\u0131 d\u00fc\u015f\u00fcnerek planlad\u0131. \u2018<i>\u2019\u00dc<\/i><i>zerine in\u015faat yap\u0131lan her araziye gelecek nesillerden al\u0131nan toprak par\u00e7as\u0131 g\u00f6z\u00fcyle bak\u0131yoruz. Bir arsan\u0131n \u00fczerine bina in\u015fa edili\u011fi zaman asl\u0131nda art\u0131k oradaki hayalleri de \u015fekillendiriyoruz. O araziye dair hayalleri 50 y\u0131l boyunca sahipleniyoruz. <\/i><i>Bu b\u00fcy\u00fck bir sorumluluk. Bunun bilinciyle ve ara\u015ft\u0131rmalara verdi\u011fimiz \u00f6nemle AND Pastel\u2019i <\/i><i>\u2018<strong>\u2019\u00c7ocuk Dostu Proje<\/strong>\u2019\u2019olarak tasarlad\u0131k.\u2019\u2019<\/i> s\u00f6zleriyle a\u00e7\u0131klayan <strong>AND Gayrimenkul Genel M\u00fcd\u00fcr\u00fc Ali Baki Usta<\/strong>;<i> \u2018\u2019Projemizi \u00e7ocuklar\u0131n \u00f6zg\u00fcrce ko\u015fup <\/i><i>oynayabilece\u011fi bir oyun alan\u0131 gibi tasarlad\u0131k. T\u00fcm bunlar\u0131n yan\u0131 s\u0131ra \u00e7ocuklar\u0131n kendi ya\u015fad\u0131klar\u0131 \u00e7evre hakk\u0131nda al\u0131nan kararlarda etkili olmalar\u0131n\u0131 sa\u011flamak i\u00e7in site y\u00f6netiminde \u00e7ocuklar\u0131n da hak sahibi olabilece\u011fi platformlar da kuruyoruz. Projemizdeki her a\u011faca AND Pastel\u2019de ya\u015fayan \u00e7ocuklar\u0131n ad\u0131n\u0131 vermeyi planl\u0131yoruz.<\/i>\u2019\u2019 diyerek s\u00f6zlerine devam etti. Bunlar\u0131n yan\u0131 s\u0131ra projede \u00e7ocuklar\u0131n hayal g\u00fc\u00e7lerini geli\u015ftirebilecekleri teknolojik oyun odalar\u0131, boyama duvarlar\u0131 ve okul \u00f6ncesi e\u011fitim kurumu gibi \u00e7ocuklar\u0131n merkeze al\u0131nd\u0131\u011f\u0131 daha bir\u00e7ok hizmet bulunuyor.<\/p>\n<p><strong>Gayrimenkulde Ba\u015far\u0131 YAP-SAT\u2019tan De\u011fil; YAP- YA\u015eAT\u2019tan Ge\u00e7iyor<\/strong><\/p>\n<p>Sekt\u00f6r\u00fcndeki genel kabul\u00fcn aksine YAP-SAT de\u011fil, <strong>YAP-YA\u015eAT<\/strong> felsefesini benimsiyen AND Gayrimenkul geli\u015ftirilen t\u00fcm yap\u0131larda insan ya\u015fam\u0131n\u0131 kolayla\u015ft\u0131racak mimari ve hizmet unsurlar\u0131n\u0131 uzun vadeli olarak planl\u0131yor. Ali Baki Usta bu felsefeyi ise \u015fu \u015fekilde a\u00e7\u0131kl\u0131yor: \u2018<i>\u2019Yaln\u0131zca bina in\u015fa etmenin \u00f6tesinde kaliteli ya\u015fam alanlar\u0131 ve g\u00fcven in\u015fa etmek bizim as\u0131l amac\u0131m\u0131z. Geli\u015ftirdi\u011finiz konut veya ofisi bir \u00fcr\u00fcn olarak g\u00f6rd\u00fc\u011f\u00fcn\u00fczde ya\u015fam ba\u015flad\u0131ktan sonra orada bir i\u015finiz kalm\u0131yor. Biz AND Gayrimenkul olarak as\u0131l i\u015fimizi ya\u015fam ba\u015flad\u0131ktan sonra sunaca\u011f\u0131m\u0131z hizmet olarak g\u00f6r\u00fcyoruz. Projelerimizin en ba\u015f\u0131nda verdi\u011fimiz s\u00f6zleri ger\u00e7ekle\u015ftirmek i\u00e7in ayn\u0131 zamanda projelerimizin bina y\u00f6netimini de \u00fcstleniyoruz. Bu anlamda kurdu\u011fumuz bina y\u00f6netim organizasyonu GRID ile AND Gayrimenkul g\u00fcvencesini uzun y\u0131llar boyunca s\u00fcrd\u00fcrmeyi hedefliyoruz<\/i>. <i>Ba\u015far\u0131n\u0131n YAP-SAT\u2019tan de\u011fil YAP- YA\u015eAT\u2019tan ge\u00e7ece\u011fine inan\u0131yoruz.<\/i>\u2019\u2019<\/p>\n<p><u>AND Pastel Proje Bilgileri:<\/u><\/p>\n<ul>\n<li>Konut arazi alan\u0131: 45.000 m\u00b2<\/li>\n<li>Toplam \u0130n\u015faat alan\u0131: 250.000m\u00b2<\/li>\n<li>Toplam Peyzaj alan\u0131: 30.000 m\u00b2<\/li>\n<li>Toplam Blok: 7 blok (Blok isimleri: Mavi, Turuncu, Ye\u015fil)<\/li>\n<li>Ortalama konut say\u0131s\u0131: 1.243<\/li>\n<li>Mimar: HPP<\/li>\n<li>Peyzaj Mimar\u0131: Martha Schwartz<\/li>\n<li>Teslim: \u0130lk Etap Haziran 2018 &#8211; Son Etap Aral\u0131k 2018<\/li>\n<\/ul>\n","protected":false},"excerpt":{"rendered":"<p>Anadolu Grubu\u2019nun gayrimenkul sekt\u00f6r\u00fcnde faaliyet g\u00f6steren \u015firketi AND Gayrimenkul, \u0130stanbul Kartal\u2019da y\u00fckselen ve b\u00f6lgenin en b\u00fcy\u00fck \u00f6l\u00e7ekli projelerinden biri olan Yeni Nesil Mahalle AND Pastel\u2019in yeni ve son etab\u0131n\u0131 da sat\u0131\u015fa a\u00e7t\u0131. \u0130lk etap teslimleri Haziran 2018\u2019de; son etap teslimleri ise Aral\u0131k 2018\u2019de ba\u015flayacak AND Pastel\u2019in kredi \u00f6demeleri ise Ocak 2019\u2019a ertelenebiliyor. Ya\u015fam ba\u015flad\u0131ktan sonra [&hellip;]<\/p>\n","protected":false},"author":1,"featured_media":0,"comment_status":"open","ping_status":"open","sticky":false,"template":"","format":"standard","meta":{"ngg_post_thumbnail":0},"categories":[221,5217,97,5388],"tags":[3272,11577,11417,107,11291,80,10655,106,11119,11402],"_links":{"self":[{"href":"https:\/\/emlaktuel.com\/index.php?rest_route=\/wp\/v2\/posts\/18205"}],"collection":[{"href":"https:\/\/emlaktuel.com\/index.php?rest_route=\/wp\/v2\/posts"}],"about":[{"href":"https:\/\/emlaktuel.com\/index.php?rest_route=\/wp\/v2\/types\/post"}],"author":[{"embeddable":true,"href":"https:\/\/emlaktuel.com\/index.php?rest_route=\/wp\/v2\/users\/1"}],"replies":[{"embeddable":true,"href":"https:\/\/emlaktuel.com\/index.php?rest_route=%2Fwp%2Fv2%2Fcomments&post=18205"}],"version-history":[{"count":2,"href":"https:\/\/emlaktuel.com\/index.php?rest_route=\/wp\/v2\/posts\/18205\/revisions"}],"predecessor-version":[{"id":18209,"href":"https:\/\/emlaktuel.com\/index.php?rest_route=\/wp\/v2\/posts\/18205\/revisions\/18209"}],"wp:attachment":[{"href":"https:\/\/emlaktuel.com\/index.php?rest_route=%2Fwp%2Fv2%2Fmedia&parent=18205"}],"wp:term":[{"taxonomy":"category","embeddable":true,"href":"https:\/\/emlaktuel.com\/index.php?rest_route=%2Fwp%2Fv2%2Fcategories&post=18205"},{"taxonomy":"post_tag","embeddable":true,"href":"https:\/\/emlaktuel.com\/index.php?rest_route=%2Fwp%2Fv2%2Ftags&post=18205"}],"curies":[{"name":"wp","href":"https:\/\/api.w.org\/{rel}","templated":true}]}}