{"id":18171,"date":"2017-10-04T18:29:48","date_gmt":"2017-10-04T15:29:48","guid":{"rendered":"http:\/\/emlaktuel.com\/?p=18171"},"modified":"2018-07-05T17:19:43","modified_gmt":"2018-07-05T14:19:43","slug":"dr-feyzullah-yetgin-erzurum-3-4-yilda-goc-alan-bir-sehir-olacak","status":"publish","type":"post","link":"https:\/\/emlaktuel.com\/?p=18171","title":{"rendered":"Dr. Feyzullah Yetgin: Erzurum 3-4 y\u0131lda g\u00f6\u00e7 alan bir \u015fehir olacak"},"content":{"rendered":"<h3><\/h3>\n<p><img loading=\"lazy\" class=\"size-full wp-image-18172\" src=\"http:\/\/emlaktuel.com\/wp-content\/uploads\/2017\/10\/1507121453_GKZ_9.jpg\" alt=\"geli\u015fen kentler zirvesi erzurum\" width=\"3000\" height=\"1895\" \/><\/p>\n<p><strong>T\u00fcrkiye\u2019nin Gayrimenkul Platformu GYODER\u2019in, geli\u015fen kentlerin yat\u0131r\u0131m f\u0131rsatlar\u0131n\u0131 sekt\u00f6r temsilcileri ile bulu\u015fturmak amac\u0131yla hayata ge\u00e7irdi\u011fi \u2018Geli\u015fen Kentler Zirvesi\u2019nin 8\u2019incisi geni\u015f bir kat\u0131l\u0131mla Erzurum\u2019da d\u00fczenlendi. <\/strong><strong>\u2018Geli\u015fen Kentler Zirvesi\u2019nin, g<\/strong><strong>ayrimenkul sekt\u00f6r\u00fc ve i\u015f d\u00fcnyas\u0131 ad\u0131na \u00e7ok de\u011ferli bir bulu\u015fmaya vesile oldu\u011funu belirten GYODER Y\u00f6netim Kurulu Ba\u015fkan\u0131 Do\u00e7. Dr. Feyzullah Yetgin, \u201cGayrimenkul sekt\u00f6r\u00fcn\u00fcn \u00e7at\u0131 \u00f6rg\u00fct\u00fc olarak, Anadolu\u2019daki kentlerimize dikkat \u00e7ekmek ve b\u00fcy\u00fcme potansiyeline sahip kentlerimize yat\u0131r\u0131m yap\u0131lmas\u0131na \u00f6nayak olmak istiyoruz\u201d dedi.<\/strong><\/p>\n<p><img loading=\"lazy\" class=\"alignleft size-full wp-image-18175\" src=\"http:\/\/emlaktuel.com\/wp-content\/uploads\/2017\/10\/1507121431_GKZ_1.jpg\" alt=\"\" width=\"3000\" height=\"2000\" \/><br \/>\nGYODER\u2019in, Erzurum B\u00fcy\u00fck\u015fehir Belediyesi i\u015fbirli\u011fi ile 3-4 Ekim 2017 tarihlerinde d\u00fczenledi\u011fi \u2018<strong>Geli\u015fen Kentler Zirvesi-Erzurum<\/strong>\u2019; <strong>Erzurum Valisi Seyfettin Azizo\u011flu, Erzurum B\u00fcy\u00fck\u015fehir Belediye Ba\u015fkan\u0131 Mehmet Sekmen, Erzincan Belediye Ba\u015fkan\u0131 Cemalettin Ba\u015fsoy, G\u00fcm\u00fc\u015fhane Belediye Ba\u015fkan\u0131 Ercan \u00c7imen, Erzurum Aziziye Belediye Ba\u015fkan\u0131 Muhammed Cevdet Orhan <\/strong>ve <strong>GYODER Ba\u015fkan\u0131 Do\u00e7. Dr. Feyzullah Yetgin<\/strong>\u2019in kat\u0131l\u0131m\u0131yla ger\u00e7ekle\u015fti.<\/p>\n<p><strong><br \/>\nSabah Gazetesi Yazar\u0131 \u015eeref O\u011fuz<\/strong>\u2019un moderat\u00f6rl\u00fc\u011f\u00fcn\u00fc yapt\u0131\u011f\u0131 zirvede,<strong> Ekonomist, Varl\u0131k Fonu Y\u00f6netim Kurulu \u00dcyesi<\/strong> <strong>Prof. Dr. Kerem Alkin, Kuzeydo\u011fu Anadolu Kalk\u0131nma Ajans\u0131 (KUDAKA)<\/strong> <strong>Genel Sekreteri Prof. Dr. Osman Demird\u00f6\u011fen, Erkonut Y\u00f6netim Kurulu Ba\u015fkan\u0131 Selami Keskin, Polat Holding Y\u00f6netim Kurulu Ba\u015fkan\u0131 Adnan Polat<\/strong>\u2019\u0131n yan\u0131 s\u0131ra, \u0130stanbul ve b\u00f6lgede faaliyet g\u00f6steren i\u015f d\u00fcnyas\u0131 ve gayrimenkul sekt\u00f6r\u00fcn\u00fcn temsilcileri, yat\u0131r\u0131mc\u0131lar ve uzmanlar, Erzurum\u2019u t\u00fcm y\u00f6nleriyle masaya yat\u0131rd\u0131.<\/p>\n<p>Zirvenin a\u00e7\u0131l\u0131\u015f konu\u015fmas\u0131n\u0131 yapan Erzurum Valisi Seyfettin Azizo\u011flu \u201c\u00dc\u00e7 saatlik u\u00e7u\u015f mesafesinde 300 milyon insan\u0131n ya\u015fad\u0131\u011f\u0131 bir co\u011frafyan\u0131n ticaret ve k\u00fclt\u00fcr merkezidir Erzurum. Anadolu\u2019nun kap\u0131s\u0131d\u0131r. Do\u011fu\u2019dan Bat\u0131\u2019ya ge\u00e7ecek herkes bu co\u011frafyadan ge\u00e7mek zorundad\u0131r. \u0130pek Yolu\u2019nun kav\u015fa\u011f\u0131d\u0131r. B\u00f6yle bir \u015fehir bug\u00fcn yeniden \u015fahlanmaya ba\u015flam\u0131\u015ft\u0131r. Erzurum Do\u011funun en b\u00fcy\u00fck sanayi \u015fehri olacakt\u0131r. Ben buna iman\u0131m kadar eminim. Bunu da kimse engelleyemeyecektir. Bug\u00fcn Erzurum\u2019da H\u00fck\u00fcmetimizin ortaya \u00e7\u0131kard\u0131\u011f\u0131 Cazibe Merkezleri projesi kapsam\u0131nda yurti\u00e7i ve yurtd\u0131\u015f\u0131ndan \u00e7ok b\u00fcy\u00fck yat\u0131r\u0131mc\u0131lar geldiler. Yak\u0131n zamanda yat\u0131r\u0131mlar\u0131n temellerini atacaklar. \u0130\u015fadamlar\u0131m\u0131za da ayn\u0131 \u00e7a\u011fr\u0131y\u0131 tekrarl\u0131yorum, f\u0131rsat varken, ka\u00e7\u0131rmadan f\u0131rsat\u0131 onlar\u0131n da Erzurum\u2019a yat\u0131r\u0131m yapmalar\u0131n\u0131 sal\u0131k veriyorum\u201d dedi.<br \/>\n<img loading=\"lazy\" class=\"alignleft size-full wp-image-18173\" src=\"http:\/\/emlaktuel.com\/wp-content\/uploads\/2017\/10\/1507121457_GKZ_7.jpg\" alt=\"\" width=\"3000\" height=\"1497\" \/><\/p>\n<p><strong>Sekmen: \u201cAnadolu\u2019daki kentlere de yat\u0131r\u0131m yap\u0131lmal\u0131\u201d<\/strong><\/p>\n<p>Erzurum B\u00fcy\u00fck\u015fehir Belediye Ba\u015fkan\u0131 Mehmet Sekmen ise a\u00e7\u0131l\u0131\u015f konu\u015fmas\u0131nda,\u015fehirlerin geli\u015fimi ve d\u00f6n\u00fc\u015f\u00fcm\u00fcn\u00fcn \u00e7ok \u00f6nemli oldu\u011funu belirterek, \u201cBug\u00fcn b\u00fcy\u00fck\u015fehirlerde ya\u015fanan s\u0131k\u0131nt\u0131lar\u0131, sorunlar\u0131 hep g\u00f6r\u00fcyoruz. Ancak b\u00fcy\u00fck yat\u0131r\u0131mlar\u0131n da hala oralara yap\u0131ld\u0131\u011f\u0131n\u0131 da g\u00f6r\u00fcyoruz. B\u00fcy\u00fck \u015fehirlerin d\u0131\u015f\u0131nda elbette ki Anadolu\u2019daki di\u011fer kentlerimizi de d\u00fc\u015f\u00fcnmek buralar\u0131 da geli\u015ftirmek d\u00f6n\u00fc\u015ft\u00fcrmek gerekiyor. Hatta buralarda tarih var k\u00fclt\u00fcr var. Bunlar\u0131n da yeniden restorasyonu ya\u015fat\u0131lmas\u0131 g\u00fcn\u00fcm\u00fcze kazand\u0131r\u0131lmas\u0131 gerekiyor. Yine bu \u015fehirlerin en \u00f6nemli sorunlar\u0131ndan bir tanesi Anadolu\u2019nun g\u00f6\u00e7 sorunudur. Bu sorunu nas\u0131l durdurabiliriz. Bu \u015fehirlerimizin cazip hale getirilmesi laz\u0131m ki, ya\u015fayan insanlar burada ya\u015famaya devam etsiler. Hatta ya\u015fayanlar mutlu huzurlu oldu\u011fu gibi giden insanlar\u0131m\u0131z geri d\u00f6ns\u00fcnler. Hatta ba\u015fka vilayetten insanlar da buraya gelsinler. Onun i\u00e7in Bu \u015fehrimizde \u00f6nce tarihi eserleri \u00f6ne \u00e7\u0131karmam\u0131z gerekiyor. Biz Erzurum\u2019da korunan tarih, de\u011fi\u015fen, d\u00f6n\u00fc\u015fen Erzurum diye bir slogan geli\u015ftirerek \u00f6nce tarihi eserleri g\u00fcn\u00fcm\u00fcze kazand\u0131rmaya gayret ediyoruz. Yine \u015fehrin \u00e7\u00f6k\u00fcnt\u00fc alanlar\u0131 var. Kentsel d\u00f6n\u00fc\u015f\u00fcm dedi\u011fimiz s\u00fcre\u00e7te buralar\u0131n korunmas\u0131, \u00e7evresinin de o mimariye uygun yeniden in\u015fas\u0131 gerekiyor\u201d dedi.<\/p>\n<p><strong>\u201cErzurum\u2019un k\u0131\u015f\u0131 s\u0131k\u0131nt\u0131 olarak g\u00f6r\u00fcl\u00fcyordu\u201d<\/strong><\/p>\n<p>Mehmet Sekmen, konu\u015fmas\u0131na \u015f\u00f6yle devam etti: \u201c\u015eehirlerimizde bir cazibe imkan\u0131 olu\u015fturulmas\u0131 gerekiyor. Do\u011fal olarak her \u015fehrin farkl\u0131 imkanlar\u0131 var. Erzurum\u2019un k\u0131\u015f, kar kenti olmas\u0131 \u00e7ocukluk y\u0131llar\u0131m\u0131zda b\u00fcy\u00fcklerimiz taraf\u0131ndan bir s\u0131k\u0131nt\u0131 musibet olarak g\u00f6r\u00fcl\u00fcyordu. Ama geli\u015fmi\u015f \u00fclkelere bakt\u0131\u011f\u0131m\u0131zda kar\u0131n musibet de\u011fil imkan oldu\u011funu g\u00f6rd\u00fck. Burada \u00fcmit olmaz diyorlard\u0131. Oysa Sibirya\u2019da ya\u015fam var, huzur var. Gittik g\u00f6rd\u00fck, eksi 40-50 derecede insanlar gayet mutlu ya\u015f\u0131yor, biz niye olmayal\u0131m. Hatta bizim so\u011fu\u011fumuz \u00fc\u015f\u00fctm\u00fcyor bile nem olmad\u0131\u011f\u0131 i\u00e7in\u2026\u201d<\/p>\n<p><strong>\u201cErzurum art\u0131k yaz\u0131n da dopdolu\u201d<br \/>\n<\/strong>Erzurum\u2019u, art\u0131k sadece k\u0131\u015f\u0131n de\u011fil yaz\u0131n da dopdolu bir \u015fehir haline getirdiklerini vurgulayan Mehmek Sekmen, \u201cY\u00fcksek irtifada kamp merkezleri olu\u015fturduk. Bu y\u0131l 100 futbol kul\u00fcb\u00fcn\u00fc \u015fehirde misafir ettik oteller yetmez hale geldi. Yine e\u011fitim sa\u011fl\u0131k turizm gibi imkanlar\u0131 \u00f6ne \u00e7\u0131karmak gerekiyor. Ayr\u0131ca bu \u015fehirde yer alt\u0131 zenginliklerimiz var krom, magnezyum, alt\u0131n, \u00e7inko, k\u00f6m\u00fcr yataklar\u0131. Burada termik santral kurulabilir. Burada bu madenler de\u011ferlendirilebilir. \u015eimdi bunlar konu\u015fulmaya ba\u015fland\u0131. Hatta petrol, do\u011fal gaz boru hatlar\u0131 \u015fehrimizden ge\u00e7iyor. Dedik ki burada rafineri, petrokimya tesisleri kurulabilir. 4-5 firma burada rafineri, petrokimya tesisleri kurmak \u00fczere yo\u011fun gayret g\u00f6steriyor. Demek ki ya\u015fam\u0131 olmayan \u015fehir s\u00f6z konusu de\u011fil. Ya\u015fam\u0131 mutlaka her yerde olu\u015fturabiliriz. Ama yeter ki bunlar\u0131 de\u011ferlendirelim, ortaya \u00e7\u0131karal\u0131m. Bu vesile ile GYODER\u2019in b\u00f6yle bir toplant\u0131y\u0131 Erzurum\u2019da yapmas\u0131ndan dolay\u0131 mutlu oldu\u011fumu ifade ediyorum. Bir de \u015funu iddia ediyorum. Erzurum 3-4 y\u0131l i\u00e7erisinde g\u00f6\u00e7 veren de\u011fil g\u00f6\u00e7 alan bir \u015fehir olacak. Burada ya\u015fayan insanlar, mutluluk, huzur ve saadet i\u00e7inde ya\u015fayacak\u201d diye konu\u015ftu.<\/p>\n<p><strong>\u201cT\u00fcrkiye sadece b\u00fcy\u00fck \u015fehirlerden ibaret de\u011fil\u201d<\/strong><\/p>\n<p>Atat\u00fcrk \u00dcniversitesi Nene Hatun K\u00fclt\u00fcr Merkezi\u2019nde d\u00fczenlenen zirvenin a\u00e7\u0131l\u0131\u015f konu\u015fmas\u0131n\u0131 yapan <strong>GYODER Y\u00f6netim Kurulu Ba\u015fkan\u0131 Do\u00e7. Dr. Feyzullah Yetgin, <\/strong>T\u00fcrkiye\u2019nin Gayrimenkul Platformu GYODER olarak, 8\u2019incisini Erzurum\u2019da ger\u00e7ekle\u015ftirdikleri \u2018Geli\u015fen Kentler Zirvesi\u2019nin, gayrimenkul sekt\u00f6r\u00fc ve i\u015f d\u00fcnyas\u0131 ad\u0131na \u00e7ok de\u011ferli bir bulu\u015fmaya vesile oldu\u011funu belirtti. <strong>GYODER Ba\u015fkan\u0131 Do\u00e7. Dr. Feyzullah Yetgin, <\/strong>konu\u015fmas\u0131n\u0131 \u015f\u00f6yle s\u00fcrd\u00fcrd\u00fc: <strong>\u201c<\/strong>Gayrimenkul sekt\u00f6r\u00fcn\u00fcn \u00e7at\u0131 \u00f6rg\u00fct\u00fc olarak, Geli\u015fen Kentler Zirvesi\u2019ni, \u201c<strong>T\u00fcrkiye sadece b\u00fcy\u00fck \u015fehirlerden ibaret de\u011fil. Topyek\u00fbn bir b\u00fcy\u00fcme ve geli\u015fime ihtiya\u00e7 var<\/strong>\u201d s\u00f6z\u00fcn\u00fc ilke edinerek hayata ge\u00e7irdik. Bu ama\u00e7 do\u011frultusunda Geli\u015fen Kentler Zirvesi\u2019ni Bursa, Konya, Gaziantep, \u0130zmir, Samsun, Kayseri ve Bal\u0131kesir\u2019den sonra \u015fimdi de Erzurum\u2019da d\u00fczenlemenin mutlulu\u011funu ve gururunu ya\u015f\u0131yoruz. \u00dclkemizin ve sekt\u00f6r\u00fcm\u00fcz\u00fcn sahip oldu\u011fu b\u00fcy\u00fck potansiyeli en do\u011fru \u015fekilde de\u011ferlendirmek ve k\u00fcresel rekabet ko\u015fullar\u0131nda g\u00fc\u00e7l\u00fc bir pozisyona sahip olacak stratejiler geli\u015ftirilmesine \u00f6nc\u00fcl\u00fck etmek, en \u00f6nemli ve \u00f6ncelikli hedefimiz olacakt\u0131r\u201d<\/p>\n<p><strong>\u201cAnadolu\u2019daki kentlerimiz b\u00fcy\u00fck f\u0131rsatlar sunuyor\u201d<\/strong><\/p>\n<p>T\u00fcrkiye gayrimenkul sekt\u00f6r\u00fcn\u00fcn, her ge\u00e7en g\u00fcn b\u00fcy\u00fcy\u00fcp geli\u015fti\u011fini vurgulayan <strong>Do\u00e7.<\/strong> <strong>Dr. Feyzullah Yetgin<\/strong>, \u201c\u0130\u015fte bu geli\u015fmeleri de\u011ferlendirerek, 2010 y\u0131l\u0131ndan bu yana \u2018Geli\u015fen Kentler Zirvesi\u2019ni d\u00fczenliyoruz. Sekt\u00f6r\u00fcm\u00fcz a\u00e7\u0131s\u0131ndan \u2018Geli\u015fen Kentler\u2019 kavram\u0131 b\u00fcy\u00fck \u00f6nem ta\u015f\u0131yor. Biz de \u0130stanbul, Ankara gibi metropoller d\u0131\u015f\u0131nda, geli\u015fmekte olan \u015fehirlerimizin de \u00fclkemizin geli\u015fimi ve de\u011fi\u015fimi a\u00e7\u0131s\u0131ndan \u00e7ok \u00f6nemli oldu\u011funa inan\u0131yoruz. Ayn\u0131 zamanda bu kentlerimizin yat\u0131r\u0131m anlam\u0131nda b\u00fcy\u00fck f\u0131rsatlar sundu\u011funu d\u00fc\u015f\u00fcn\u00fcyoruz. Bug\u00fcn Erzurum, yak\u0131n \u00e7evreden g\u00f6\u00e7 ald\u0131\u011f\u0131 gibi T\u00fcrkiye\u2019nin en \u00e7ok g\u00f6\u00e7 veren illeri aras\u0131nda yer al\u0131yor. Erzurum n\u00fcfusunun yar\u0131s\u0131ndan fazla Erzurumlu \u0130stanbul\u2019da ya\u015f\u0131yor. Oysa sahip oldu\u011fu konumuyla, ba\u015fta k\u0131\u015f turizmi olmak \u00fczere, k\u00fclt\u00fcr, do\u011fa ve termal turizmi gibi do\u011fal zenginliklerin kenti Erzurum, \u00e7ok daha fazlas\u0131n\u0131, \u00e7ok daha iyisini hak ediyor. Biz GYODER olarak, kamuoyu, medya ve i\u015f d\u00fcnyas\u0131n\u0131n deste\u011fi ve ilgisini fazlas\u0131yla hak eden bu kadim kentimize olan inanc\u0131m\u0131z\u0131 g\u00f6stermek i\u00e7in buraday\u0131z\u201d dedi.<\/p>\n<p><strong><img loading=\"lazy\" class=\"alignleft size-full wp-image-18174\" src=\"http:\/\/emlaktuel.com\/wp-content\/uploads\/2017\/10\/1507121450_GKZ_8.jpg\" alt=\"\" width=\"3000\" height=\"2000\" \/><br \/>\n\u201cGYODER\u2019in Erzurum Raporu, m\u00fcthi\u015f bir perspektif sunuyor\u201d<\/strong><\/p>\n<p>Ba\u015fta k\u0131\u015f turizmi olmak \u00fczere, k\u00fclt\u00fcr, do\u011fa ve termal turizmi gibi do\u011fal zenginliklerin kenti Erzurum\u2019un, \u00e7ok daha fazlas\u0131n\u0131, \u00e7ok daha iyisini hak etti\u011fini savunan <strong>Do\u00e7.<\/strong> <strong>Dr. Feyzullah Yetgin<\/strong>, \u201cBiz gitti\u011fimiz \u015fehre, o kentle ilgili haz\u0131rlanan detayl\u0131 bir raporla gidiyoruz. Bu raporda, bir\u00e7ok kurulu\u015fun, o \u015fehir ve o b\u00f6lgeyle ilgili verdi\u011fi rakamlar\u0131, hatta baz\u0131 ham bilgileri veri haline d\u00f6n\u00fc\u015ft\u00fcr\u00fcp bir raporhaline getiriyoruz. B\u00f6ylece yat\u0131r\u0131mc\u0131lara m\u00fcthi\u015f bir perspektif sunuyoruz. \u0130\u015fte Erzurum\u2019a da b\u00f6yle bir raporla geldik. \u2018<strong>Erzurum \u0130li Yat\u0131r\u0131m Alanlar\u0131 Vizyon Raporu\u2019, <\/strong>kente \u0131\u015f\u0131k tutacak \u00e7ok de\u011ferli bilgi ve de\u011ferlendirmeler i\u00e7eriyor. Bu ara\u015ft\u0131rma raporunda da g\u00f6rd\u00fck ki; Do\u011fu Anadolu ile Karadeniz\u2019i birbirine ba\u011flayan yeni ula\u015f\u0131m projeleri, Erzurum\u2019un, \u00fcretim istihdam ve turizm a\u00e7\u0131s\u0131ndan da bir cazibe merkezi olmas\u0131na katk\u0131da bulunuyor. Bu \u00f6nemli projelerin her biri Erzurum\u2019un stratejik konumunu ve \u00f6nemini daha da art\u0131r\u0131rken, kenti b\u00f6lgenin y\u00fckselen y\u0131ld\u0131z\u0131 haline getiriyor\u201d diye konu\u015ftu.<\/p>\n<p><strong><br \/>\n\u201cCazibe Merkezi Program\u0131, kentin geli\u015fimine katk\u0131da bulunacak\u201d<\/strong><\/p>\n<p><strong>GYODER<\/strong>\u2019in, <strong>\u2018Erzurum \u0130li Yat\u0131r\u0131m Alanlar\u0131 Vizyon Raporu<\/strong>\u2019nda yer alan baz\u0131 bilgileri de kat\u0131l\u0131mc\u0131larla payla\u015fan<strong> Do\u00e7. Dr. Feyzullah Yetgin<\/strong>, \u015funlar\u0131 s\u00f6yledi:<strong> \u201c<\/strong>Halk\u0131n ya\u015fam memnuniyeti ve mutluluk alg\u0131s\u0131 bir\u00e7ok ekonomik ve sosyal ko\u015fula ba\u011fl\u0131 bulunuyor. Raporumuzda yer alan T\u00dc\u0130K\u2019in ya\u015fam memnuniyeti ara\u015ft\u0131rmas\u0131 sonu\u00e7lar\u0131na g\u00f6re, \u00fclke genelindeki mutluluk d\u00fczeyi <strong>%61,3 <\/strong>iken, Erzurum\u2019da mutluluk oran\u0131 <strong>%65,7 <\/strong>olarak tespit edilmi\u015f. Erzurum\u2019daki mutluluk oran\u0131n\u0131n T\u00fcrkiye ortalamas\u0131n\u0131n \u00fczerinde \u00e7\u0131kmas\u0131, Erzurumlular\u2019\u0131n bu kentte ya\u015famaktan memnun oldu\u011funu g\u00f6steriyor. Bu sonu\u00e7lar ayn\u0131 zamanda Erzurum\u2019un geli\u015fimi i\u00e7in umut vadediyor.\u201d<\/p>\n<p><strong>Prof. Dr. Kerem Alkin: \u201cS\u0131\u00e7ramay\u0131 mutlaka yerelden b\u00fct\u00fcne ger\u00e7ekle\u015ftirmemiz gerekiyor\u201d<\/strong><\/p>\n<p>Zirveye konuk konu\u015fmac\u0131 olarak kat\u0131lan <strong>Ekonomist, Varl\u0131k Fonu Y\u00f6netim Kurulu \u00dcyesi<\/strong><strong>Prof. Dr. Kerem Alkin<\/strong>, \u2018T\u00fcrkiye ve Erzurum ekonomisi ve gayrimenkul sekt\u00f6r\u00fc\u2019ne dair de\u011ferlendirmelerini aktard\u0131. Kerem Alkin konu\u015fmas\u0131nda \u015funlar\u0131 s\u00f6yledi: \u201cD\u00fcnya Bankas\u0131\u2019n\u0131n \u00e7ok \u00f6nemli bir raporu var. Bu rapor 21. y\u00fczy\u0131lda kalk\u0131nman\u0131n ve iktisadi b\u00fcy\u00fcmenin nereden gelece\u011fine dair. Art\u0131k \u00fclkelerden \u00e7ok \u015fehirlerin \u00fclkelerin kalk\u0131nmas\u0131 ve b\u00fcy\u00fcmesi ve kalk\u0131nmas\u0131na katk\u0131 sa\u011flayaca\u011f\u0131 \u00e7ok yeni bir s\u00fcre\u00e7ten s\u00f6z ediyoruz. Peki k\u00fcresel rekabet a\u00e7\u0131s\u0131ndan bakt\u0131\u011f\u0131m\u0131zda, ister Erzurum, ister ba\u015fka bir ilimiz olsun acaba T\u00fcrkiye\u2019deki bir \u015fehrin d\u00fcnyada rekabet a\u00e7\u0131s\u0131ndan \u00f6nemli bir yeni konumland\u0131rma s\u00fcrecine girmesi hangi kriterlere ba\u011fl\u0131 diye bakt\u0131\u011f\u0131m\u0131zda d\u00f6rt temel kriter g\u00f6r\u00fcyoruz. Birincisi, \u015fehrin be\u015feri sermaye ve ya\u015fam kalitesi ile ilgili avantajlar\u0131 ve bu avantajlar\u0131 \u00e7ok daha b\u00fcy\u00fck miktarda yat\u0131r\u0131m \u00e7ekme amac\u0131yla kullan\u0131lmas\u0131. Bununla ilgili en enteresan anekdotlardan biri de Denizli b\u00f6lgesine bakan Kalk\u0131nma Ajans\u0131\u2019n\u0131n Genel Sekreteri\u2019nin bana aktard\u0131klar\u0131 oldu. \u2018Hocam, Denizli\u2019ye d\u00fcnyaca \u00fcnl\u00fc bir firman\u0131n temsilcileri yat\u0131r\u0131m amac\u0131yla geldi. Ve bize \u2018Denizli\u2019de disko ve gece kul\u00fcb\u00fc var m\u0131?\u2019 diye sordu\u2019 dedi. Dolay\u0131s\u0131yla \u015fehirlerimizin vizyonlar\u0131n\u0131 \u015funa do\u011fru y\u00f6nlendirmemiz gerekiyor; \u015fehirlerinizi e\u011fer d\u00fcnya ile entegre hale getirmek ve yabanc\u0131 yat\u0131r\u0131m\u0131 istiyorsan\u0131z, yabanc\u0131 sermaye ile gelecek insanlar\u0131n da k\u00fclt\u00fcr\u00fcne hitap edecek sosyal dokular\u0131 \u015fehrin i\u00e7ine yerle\u015ftirmeniz gerekiyor. Tiyatro, sinema, gece kul\u00fcb\u00fc, disko gibi\u2026 \u00c7\u00fcnk\u00fc herkesin ya\u015fam tarz\u0131 farkl\u0131. \u0130stanbul\u2019u, d\u00fcnyada 11. s\u0131rada 9.4 milyon turist a\u011f\u0131rlama \u00f6zelli\u011fine getiren de asl\u0131nda bu y\u00f6n\u00fcd\u00fcr. \u0130stanbul\u2019da d\u00fcnyan\u0131n her yerinden herkesin mutlaka kendine y\u00f6nelik bir e\u011flence bulma imkan\u0131 var. \u0130kinci konu markala\u015fma becerisini ortaya koymas\u0131 gerekiyor. Yeni projeler, yeni \u00fcr\u00fcnler ortaya \u00e7\u0131karmas\u0131 \u00e7ok \u00f6nemli. \u015eehirleri birbirinden ayr\u0131\u015ft\u0131ran en temel unsur, eri\u015filebilirlik. Karayolu demiryolu ve havayoluyla ula\u015f\u0131m\u0131n g\u00fc\u00e7lendirilmesi, elektronik haberle\u015fme altyap\u0131s\u0131, internet kullan\u0131m\u0131 bir ilin rekabeti a\u00e7\u0131s\u0131ndan \u00e7ok \u00f6nemli. Organize ve iyi bir liberal ekonomi olmak istiyorsan\u0131z bunun i\u00e7ine do\u011fru planlama yerle\u015ftirebilirsiniz. T\u00fcrkiye\u2019nin art\u0131k yeni bir kalk\u0131nma modeline ihtiyac\u0131 var. Yo\u011fun bir \u015fekilde buna \u00e7al\u0131\u015f\u0131yoruz. \u0130kinci s\u0131\u00e7ramay\u0131 mutlaka yerelden b\u00fct\u00fcne ger\u00e7ekle\u015ftirmemiz gerekiyor. O y\u00fczden illere \u00e7ok fazla g\u00f6rev d\u00fc\u015f\u00fcyor.\u201d<\/p>\n<p><strong>\u201cErzurum Yat\u0131r\u0131m Alanlar\u0131 Vizyon Raporu\u201d kente \u0131\u015f\u0131k tutacak<\/strong><\/p>\n<p><strong>Geli\u015fen Kentler Zirvesi\u2019nde Erkonut<\/strong> zirve sponsoru, <strong>Halk GYO<\/strong>\u2019nun ana sponsor, <strong>Sabah Gazetesi<\/strong> ise ana bas\u0131n sponsorlu\u011funu \u00fcstlendi. Kente \u0131\u015f\u0131k tutacak g\u00fcncel bilgiler i\u00e7eren \u2018<strong>Erzurum \u0130li Yat\u0131r\u0131m Alanlar\u0131 Vizyon Raporu\u2019nun sponsorlu\u011funu ise Eva Gayrimenkul Dan\u0131\u015fmanl\u0131k ile Epos Gayrimenkul De\u011ferleme Dan\u0131\u015fmanl\u0131k \u00fcstlendi.<\/strong><\/p>\n<p><strong>Rapor Eva Gayrimenkul Dan\u0131\u015fmanl\u0131k De\u011ferleme Genel M\u00fcd\u00fcr\u00fc Cansel Turgut Yaz\u0131c\u0131 <\/strong>ve <strong>Epos Gayrimenkul De\u011ferleme Dan\u0131\u015fmanl\u0131k Y\u00f6netici Orta\u011f\u0131 Ne\u015fecan \u00c7ekici <\/strong>taraf\u0131ndan sunuldu.<\/p>\n<p><strong>Ne\u015fecan \u00c7ekici \u2013 Cansel Turgut Yaz\u0131c\u0131<\/strong>, \u201cErzurum denince bizim akl\u0131m\u0131za, potansiyeli git gide artan, geli\u015fime a\u00e7\u0131k bir \u015fehir geliyor\u201d diyerek ba\u015flad\u0131klar\u0131 sunumlar\u0131nda, Erzurum ile ilgili \u015fu de\u011ferlendirmeyi payla\u015ft\u0131: \u201cErzurum\u2019da ekonominin ana oyuncular\u0131; tar\u0131m-hayvanc\u0131l\u0131k, hizmet ve in\u015faat. K\u0131\u015f turizmi, termal turizm ve av turizmi kent i\u00e7in \u00f6nemli. \u0130stihdam ya\u015f\u0131nda gen\u00e7ler ya\u015fl\u0131lara g\u00f6re daha \u00f6n planda. Ekonomide in\u015faat ve ticaret \u00f6nemli. \u0130\u015fg\u00fcc\u00fcne kat\u0131l\u0131m ve i\u015fsizlik rakamlar\u0131nda T\u00fcrkiye ortalamalar\u0131 ile paralel verilere sahip. N\u00fcfus art\u0131\u015f\u0131 T\u00fcrkiye ortalamas\u0131n\u0131n alt\u0131nda. \u00d6\u011frenci ve \u00f6\u011frenci ekonomisi kent i\u00e7in \u00f6nemli. Sa\u011fl\u0131k, b\u00f6lgede dikkat \u00e7eken bir unsur. Markal\u0131 konut trendinde y\u00fckseli\u015f var. Ticari gayrimenkuller i\u00e7inde potansiyeli en y\u00fcksek alan sanayi ve lojistik binalar. K\u0131\u015f turizmi, termal turizm ve spor turizminin geli\u015fmesinden do\u011fan konut ihtiyac\u0131 art\u0131yor. \u015eehir 5 ayr\u0131 merkezde 23 ili kapsayan Cazibe Merkezleri Program\u0131\u2019n\u0131n merkezi.\u201d<\/p>\n<p><strong>Erzurum, potansiyelinin fark\u0131nda<\/strong><\/p>\n<p>Erzurum\u2019un, potansiyelinin fark\u0131nda olan ve bunun i\u00e7in de u\u011fra\u015fan bir \u015fehir oldu\u011funu ve do\u011fru planlama ile geli\u015fti\u011finin alt\u0131n\u0131 \u00e7izen <strong>Ne\u015fecan \u00c7ekici ve Cansel Turgut Yaz\u0131c\u0131<\/strong>, kentin gelece\u011fine y\u00f6nelik \u00f6ng\u00f6r\u00fclerini ise \u015f\u00f6yle s\u0131ralad\u0131: Erzurum, \u00f6zellikle b\u00f6lgesindeki \u00e7evresindeki projeler ile \u00f6nemli bir geli\u015fme g\u00f6sterecek. K\u00f6rfez ge\u00e7i\u015fi, Erzincan-Erzurum y\u00fcksek h\u0131zl\u0131 tren hatt\u0131. Ovit T\u00fcneli ve KOP Ge\u00e7idi, Kars-Tiflis-Bak\u00fc demiryolu hatt\u0131 Erzurum\u2019u etkileyecek birincil projeler olacak. Erzurum, ula\u015ft\u0131rma ve lojistik alanlar\u0131 ile sanayi i\u00e7in yeni geli\u015fme alan\u0131 olacak. Erzurum, termal kaynaklar\u0131 ile hem enerji hem de turizm alan\u0131nda \u00f6nemli yat\u0131r\u0131m olanaklar\u0131 sunacak. K\u0131\u015f turizmi ve termal turizm, \u00f6n\u00fcm\u00fczdeki y\u0131llarda daha da geli\u015fecek, hem otel hem konut talebini art\u0131racak. Paland\u00f6ken Lojistik K\u00f6y\u00fc ve \u00e7evresinde lojistik yat\u0131r\u0131m olanaklar\u0131 artacak. 2023 y\u0131l\u0131na kadar 61.000 yeni konut-daire ihtiyac\u0131 do\u011facak. Konut ihtiyac\u0131n\u0131n \u00f6nemli bir b\u00f6l\u00fcm\u00fc kentsel d\u00f6n\u00fc\u015f\u00fcm ve yenileme kaynakl\u0131 olacak. Her y\u0131l artan y\u00fcksek\u00f6\u011fretim \u00f6\u011frenci say\u0131s\u0131 ile \u015fehirde yeni yurtlara ihtiya\u00e7 duyulacak. Son 3 y\u0131lda b\u00fcy\u00fck \u015fehirlerle yar\u0131\u015fabilecek markal\u0131 konut projeleri, kenti konut yat\u0131r\u0131m\u0131 a\u00e7\u0131s\u0131ndan daha da cazip hale getirecek.\u201d<strong><\/p>\n<p><\/strong><\/p>\n<p><strong>Belediye ba\u015fkanlar\u0131 b\u00f6lgedeki son geli\u015fmeleri ele ald\u0131<\/strong><\/p>\n<p>\u2018Erzurum\u2019un Potansiyeli ve Gelece\u011fi\u2019 ba\u015fl\u0131kl\u0131 oturumda ise <strong>Erkonut Y\u00f6netim Kurulu Ba\u015fkan\u0131 Selami Keskin, Polat Holding Y\u00f6netim Kurulu Ba\u015fkan\u0131 Adnan Polat <\/strong>vekentin gelece\u011fine ve yat\u0131r\u0131m potansiyeline y\u00f6nelik g\u00f6r\u00fc\u015flerini anlatt\u0131.<\/p>\n<p>Zirvenin \u2018<strong>Cazibe Kentler<\/strong>\u2019 ba\u015fl\u0131kl\u0131 oturumunda, ekonomik kalk\u0131nma amac\u0131yla 23 ili kapsayan \u2018<strong>Cazibe Merkezi Program\u0131<\/strong>\u2019na se\u00e7ilen illerin belediye ba\u015fkanlar\u0131ndan <strong>Erzincan Belediye Ba\u015fkan\u0131 Cemalettin Ba\u015fsoy, G\u00fcm\u00fc\u015fhane Belediye Ba\u015fkan\u0131 Ercan \u00c7imen <\/strong>ve <strong>Erzurum Aziziye Belediye Ba\u015fkan\u0131 Muhammed Cevdet Orhan<\/strong>, b\u00f6lgenin potansiyeli ile ilgili g\u00f6r\u00fc\u015flerini payla\u015ft\u0131.<\/p>\n","protected":false},"excerpt":{"rendered":"<p>T\u00fcrkiye\u2019nin Gayrimenkul Platformu GYODER\u2019in, geli\u015fen kentlerin yat\u0131r\u0131m f\u0131rsatlar\u0131n\u0131 sekt\u00f6r temsilcileri ile bulu\u015fturmak amac\u0131yla hayata ge\u00e7irdi\u011fi \u2018Geli\u015fen Kentler Zirvesi\u2019nin 8\u2019incisi geni\u015f bir kat\u0131l\u0131mla Erzurum\u2019da d\u00fczenlendi. \u2018Geli\u015fen Kentler Zirvesi\u2019nin, gayrimenkul sekt\u00f6r\u00fc ve i\u015f d\u00fcnyas\u0131 ad\u0131na \u00e7ok de\u011ferli bir bulu\u015fmaya vesile oldu\u011funu belirten GYODER Y\u00f6netim Kurulu Ba\u015fkan\u0131 Do\u00e7. Dr. Feyzullah Yetgin, \u201cGayrimenkul sekt\u00f6r\u00fcn\u00fcn \u00e7at\u0131 \u00f6rg\u00fct\u00fc olarak, Anadolu\u2019daki kentlerimize [&hellip;]<\/p>\n","protected":false},"author":1,"featured_media":0,"comment_status":"open","ping_status":"open","sticky":false,"template":"","format":"standard","meta":{"ngg_post_thumbnail":0},"categories":[221,97,5388],"tags":[11122,497,1923,11304,88,80,4760,11214,11266],"_links":{"self":[{"href":"https:\/\/emlaktuel.com\/index.php?rest_route=\/wp\/v2\/posts\/18171"}],"collection":[{"href":"https:\/\/emlaktuel.com\/index.php?rest_route=\/wp\/v2\/posts"}],"about":[{"href":"https:\/\/emlaktuel.com\/index.php?rest_route=\/wp\/v2\/types\/post"}],"author":[{"embeddable":true,"href":"https:\/\/emlaktuel.com\/index.php?rest_route=\/wp\/v2\/users\/1"}],"replies":[{"embeddable":true,"href":"https:\/\/emlaktuel.com\/index.php?rest_route=%2Fwp%2Fv2%2Fcomments&post=18171"}],"version-history":[{"count":1,"href":"https:\/\/emlaktuel.com\/index.php?rest_route=\/wp\/v2\/posts\/18171\/revisions"}],"predecessor-version":[{"id":18176,"href":"https:\/\/emlaktuel.com\/index.php?rest_route=\/wp\/v2\/posts\/18171\/revisions\/18176"}],"wp:attachment":[{"href":"https:\/\/emlaktuel.com\/index.php?rest_route=%2Fwp%2Fv2%2Fmedia&parent=18171"}],"wp:term":[{"taxonomy":"category","embeddable":true,"href":"https:\/\/emlaktuel.com\/index.php?rest_route=%2Fwp%2Fv2%2Fcategories&post=18171"},{"taxonomy":"post_tag","embeddable":true,"href":"https:\/\/emlaktuel.com\/index.php?rest_route=%2Fwp%2Fv2%2Ftags&post=18171"}],"curies":[{"name":"wp","href":"https:\/\/api.w.org\/{rel}","templated":true}]}}