{"id":17937,"date":"2017-09-26T14:55:10","date_gmt":"2017-09-26T11:55:10","guid":{"rendered":"http:\/\/emlaktuel.com\/?p=17937"},"modified":"2018-07-05T17:17:12","modified_gmt":"2018-07-05T14:17:12","slug":"avrupark-hayat-projesinde-konut-fiyatlari-ne-kadar","status":"publish","type":"post","link":"https:\/\/emlaktuel.com\/?p=17937","title":{"rendered":"Avrupark Hayat projesi&#8217;nde konut fiyatlar\u0131 ne kadar"},"content":{"rendered":"<div class=\"hz_top_post\">\n<div class=\"hz_title_and_meta\">\n<div class=\"hz_title\">\n<p><img loading=\"lazy\" class=\"size-full wp-image-17938\" src=\"http:\/\/emlaktuel.com\/wp-content\/uploads\/2017\/09\/avrupark-hayat_130322_b6934.jpg\" alt=\"avrupark hayat\" width=\"760\" height=\"430\" \/><\/p>\n<h4>Cihan \u0130n\u015faat taraf\u0131ndan \u0130stanbul&#8217;un yeni yerle\u015fim alan\u0131 olarak her ge\u00e7en g\u00fcn yeni projelerin hayata ge\u00e7ti\u011fi ve h\u0131zl\u0131 bir \u015fekilde b\u00fcy\u00fcd\u00fc\u011f\u00fc Bah\u00e7ekent b\u00f6lgesinde, Emlak Konut GYO ortakl\u0131\u011f\u0131nda in\u015fa edilen\u00a0Avrupark Hayat\u00a0projesi&#8217;nde daire fiyatlar\u0131 204 bin liradan ba\u015fl\u0131yor ve 705 bin TL&#8217;ye kadar \u00e7\u0131k\u0131yor. Avrupark Hayat projesinde teslim tarihi Ekim 2020 olarak planlan\u0131yor.<\/h4>\n<\/div>\n<\/div>\n<\/div>\n<div class=\"hz_main_post_content\">\n<div class=\"big_post_content\">Cihan \u0130n\u015faat&#8217;\u0131n\u00a0<strong>Bah\u00e7ekent<\/strong>\u00a0b\u00f6lgesinde, Emlak Konut GYO ortakl\u0131\u011f\u0131nda in\u015fa etti\u011fi\u00a0<strong>Avrupark Hayat<\/strong>\u00a0projesinde\u00a0<strong>fiyatlar 204 bin lira<\/strong>\u00a0ile\u00a0<strong>705 bin lira<\/strong>\u00a0aras\u0131nda de\u011fi\u015fiyor. Y\u00fczde 25 pe\u015finat verip kalan b\u00f6l\u00fcm\u00fc 36 ayda tamamlama imkan\u0131 sunan Avrupark Hayat Evleri&#8217;nde 1+1 ile 4+1 aras\u0131nda de\u011fi\u015fen daire se\u00e7enekleri yer al\u0131yor.<strong>Avrupark <\/strong><\/div>\n<div class=\"big_post_content\"><\/div>\n<div class=\"big_post_content\"><strong>Avrupark Hayat daire fiyatlar\u0131<\/strong><\/div>\n<div class=\"big_post_content\">\n<p>1+1 daire . \u00a0 \u00a0 \u00a0204 &#8211; 312 \u00a0bin TL &#8211;<\/p>\n<p>2+1 daire . \u00a0 \u00a0 361 bin TL&#8217;den ba\u015fl\u0131yor<\/p>\n<p>3+1 daire . \u00a0 \u00a0 464-703 \u00a0bin TL<\/p>\n<p>4+1 daire \u00a0 \u00a0 \u00a0 678 &#8211; 705 bin TL<\/p>\n<p><strong>Avrupar Hayat<\/strong> evlerin 56 metrekare ile 206 metrekare aras\u0131nda de\u011fi\u015fiyor.\u00a0 \u0130\u00e7erisinde a\u00e7\u0131k mutfakl\u0131 2+1 ve bah\u00e7e kat\u0131 kullan\u0131ml\u0131 3+1 daire se\u00e7eneklerinin de yer ald\u0131\u011f\u0131 <strong>Avrupark Hayat projesi<\/strong>, <strong>Bah\u00e7ekent Flora<\/strong> projesinin tam kar\u015f\u0131s\u0131nda yer al\u0131yor. Projenin yap\u0131mc\u0131 firmas\u0131 Cihan \u0130n\u015faat, <strong>Avrupark Hayat<\/strong>&#8216;a yak\u0131n bir konumda Avrupark Bah\u00e7ekent projesini in\u015fa etmi\u015fti.<\/div>\n<\/div>\n<div class=\"big_post_content\"><\/div>\n<div class=\"big_post_content\"><strong>Avrupark Hayat projesi<\/strong>nin teslim tarihi Ekim 2020 olarak belirlendi.<\/div>\n","protected":false},"excerpt":{"rendered":"<p>Cihan \u0130n\u015faat taraf\u0131ndan \u0130stanbul&#8217;un yeni yerle\u015fim alan\u0131 olarak her ge\u00e7en g\u00fcn yeni projelerin hayata ge\u00e7ti\u011fi ve h\u0131zl\u0131 bir \u015fekilde b\u00fcy\u00fcd\u00fc\u011f\u00fc Bah\u00e7ekent b\u00f6lgesinde, Emlak Konut GYO ortakl\u0131\u011f\u0131nda in\u015fa edilen\u00a0Avrupark Hayat\u00a0projesi&#8217;nde daire fiyatlar\u0131 204 bin liradan ba\u015fl\u0131yor ve 705 bin TL&#8217;ye kadar \u00e7\u0131k\u0131yor. Avrupark Hayat projesinde teslim tarihi Ekim 2020 olarak planlan\u0131yor. Cihan \u0130n\u015faat&#8217;\u0131n\u00a0Bah\u00e7ekent\u00a0b\u00f6lgesinde, Emlak Konut GYO [&hellip;]<\/p>\n","protected":false},"author":1,"featured_media":17938,"comment_status":"open","ping_status":"open","sticky":false,"template":"","format":"standard","meta":{"ngg_post_thumbnail":0},"categories":[221,26,220,97,5388],"tags":[325,9718,9720,9721,9722,9719,711,707,78,80,11301,1275,11264,106,11102],"_links":{"self":[{"href":"https:\/\/emlaktuel.com\/index.php?rest_route=\/wp\/v2\/posts\/17937"}],"collection":[{"href":"https:\/\/emlaktuel.com\/index.php?rest_route=\/wp\/v2\/posts"}],"about":[{"href":"https:\/\/emlaktuel.com\/index.php?rest_route=\/wp\/v2\/types\/post"}],"author":[{"embeddable":true,"href":"https:\/\/emlaktuel.com\/index.php?rest_route=\/wp\/v2\/users\/1"}],"replies":[{"embeddable":true,"href":"https:\/\/emlaktuel.com\/index.php?rest_route=%2Fwp%2Fv2%2Fcomments&post=17937"}],"version-history":[{"count":1,"href":"https:\/\/emlaktuel.com\/index.php?rest_route=\/wp\/v2\/posts\/17937\/revisions"}],"predecessor-version":[{"id":17939,"href":"https:\/\/emlaktuel.com\/index.php?rest_route=\/wp\/v2\/posts\/17937\/revisions\/17939"}],"wp:featuredmedia":[{"embeddable":true,"href":"https:\/\/emlaktuel.com\/index.php?rest_route=\/wp\/v2\/media\/17938"}],"wp:attachment":[{"href":"https:\/\/emlaktuel.com\/index.php?rest_route=%2Fwp%2Fv2%2Fmedia&parent=17937"}],"wp:term":[{"taxonomy":"category","embeddable":true,"href":"https:\/\/emlaktuel.com\/index.php?rest_route=%2Fwp%2Fv2%2Fcategories&post=17937"},{"taxonomy":"post_tag","embeddable":true,"href":"https:\/\/emlaktuel.com\/index.php?rest_route=%2Fwp%2Fv2%2Ftags&post=17937"}],"curies":[{"name":"wp","href":"https:\/\/api.w.org\/{rel}","templated":true}]}}