{"id":17898,"date":"2017-09-25T14:29:59","date_gmt":"2017-09-25T11:29:59","guid":{"rendered":"http:\/\/emlaktuel.com\/?p=17898"},"modified":"2018-07-05T17:16:38","modified_gmt":"2018-07-05T14:16:38","slug":"hamit-demir-gayrimenkul-ve-insaat-sektorune-guven-devam-ediyor","status":"publish","type":"post","link":"https:\/\/emlaktuel.com\/?p=17898","title":{"rendered":"Hamit Demir: Gayrimenkul ve in\u015faat sekt\u00f6r\u00fcne g\u00fcven devam ediyor"},"content":{"rendered":"<figure id=\"attachment_17899\" aria-describedby=\"caption-attachment-17899\" style=\"width: 1750px\" class=\"wp-caption aligncenter\"><img loading=\"lazy\" class=\"size-full wp-image-17899\" src=\"http:\/\/emlaktuel.com\/wp-content\/uploads\/2017\/09\/1506331712_Demir___n__aat_YKB_Hamit_Demir.jpg\" alt=\"hamit demir\" width=\"1750\" height=\"1167\" \/><figcaption id=\"caption-attachment-17899\" class=\"wp-caption-text\">hamit demir<\/figcaption><\/figure>\n<p><strong>Demir \u0130n\u015faat Y\u00f6netim Kurulu Ba\u015fkan\u0131 Hamit Demir, TU\u0130K&#8217;in kanot sat\u0131\u015f rakamlar\u0131 ile ilgili\u00a0<\/strong><\/p>\n<p><b>g\u00f6r\u00fc\u015fleri \u015f\u00f6yle:\u00a0<\/b><\/p>\n<p>Hamit Demir: T\u00dc\u0130K\u2019in a\u00e7\u0131klad\u0131\u011f\u0131 a\u011fustos ay\u0131 konut sat\u0131\u015f rakamlar\u0131yla, sat\u0131\u015flarda temmuz ay\u0131nda ba\u015flayan y\u00fckseli\u015f grafi\u011finin giderek artt\u0131\u011f\u0131n\u0131 g\u00f6r\u00fcyoruz. Bu da ekonominin lokomotifi olan gayrimenkul ve in\u015faat sekt\u00f6r\u00fcn\u00fcn en g\u00fcvenilir ve kazan\u00e7l\u0131 yat\u0131r\u0131m arac\u0131 olmaya devam etti\u011finin en b\u00fcy\u00fck g\u00f6stergesini olu\u015fturuyor.<\/p>\n<p>Sekt\u00f6r\u00fcn ilk 8 ay\u0131na bakacak olursak, h\u00fck\u00fcmetimizin verdi\u011fi desteklerle birlikte s\u00fcrekli b\u00fcy\u00fcd\u00fc\u011f\u00fcn\u00fc g\u00f6r\u00fcyoruz. Yap\u0131lan konut kampanyalar\u0131, faiz oranlar\u0131ndaki indirimler, yabanc\u0131 yat\u0131r\u0131mc\u0131lara tan\u0131nan vatanda\u015fl\u0131k hakk\u0131n\u0131 sekt\u00f6rdeki hareketlili\u011fin ana sebebi olarak s\u0131ralayabiliriz. \u00d6zellikle yabanc\u0131ya vatanda\u015fl\u0131k hakk\u0131 getirilmesiyle de yabanc\u0131 yat\u0131r\u0131mc\u0131ya konut sat\u0131\u015flar\u0131nda bir art\u0131\u015f trendi yakalad\u0131k.Sekt\u00f6r\u00fcm\u00fcz\u00fcn artan yat\u0131r\u0131mlar\u0131yla birlikte, ulusal ve uluslararas\u0131 arenada yap\u0131lan etkinlik ve fuarlar\u0131n da katk\u0131s\u0131yla T\u00fcrkiye gayrimenkul ve in\u015faattaki \u00fcst\u00fcn g\u00fcc\u00fcn\u00fc t\u00fcm d\u00fcnyaya kan\u0131tlamaya ba\u015flad\u0131. Bunun neticesini de a\u00e7\u0131klanan rakamlarda gayet net bir \u015fekilde okuyabiliyoruz. Buna istinaden yabanc\u0131 yat\u0131r\u0131mc\u0131 sat\u0131\u015flar\u0131nda ya\u015fanan y\u00fczde 11,4\u2019l\u00fck art\u0131\u015f h\u0131z\u0131n\u0131n artarak s\u00fcrece\u011fini s\u00f6yleyebiliriz.<\/p>\n<p>Sekt\u00f6r\u00fcm\u00fcz, her d\u00f6nemde \u00fcreten ve istihdam sa\u011flayan rol\u00fcyle de ekonomideki rol\u00fcn\u00fc art\u0131r\u0131yor Demir \u0130n\u015faat olarak, yat\u0131r\u0131mlar\u0131m\u0131z\u0131 ara vermeden s\u00fcrd\u00fcr\u00fcrken, yat\u0131r\u0131mc\u0131lar\u0131m\u0131z\u0131n g\u00f6z\u00fcnde daha \u00e7ok y\u00fckseliyor potansiyel yat\u0131r\u0131mc\u0131lar\u0131m\u0131z\u0131n da dikkatini \u00e7ekiyoruz. Sat\u0131\u015flardaki art\u0131\u015f, bizim sat\u0131\u015f rakamlar\u0131m\u0131za da yans\u0131yor.\u0130mzam\u0131z\u0131 ta\u015f\u0131yan projelerimizin sat\u0131\u015flar\u0131ndaki hareketlilik t\u00fcm h\u0131z\u0131yla devam ediyor. Biz de yat\u0131r\u0131mc\u0131lar\u0131m\u0131z\u0131n taleplerinden ald\u0131\u011f\u0131m\u0131z g\u00fc\u00e7le, yeni yat\u0131r\u0131mlar\u0131m\u0131z\u0131 projelendirmeyi s\u00fcrd\u00fcr\u00fcyoruz. \u0130\u00e7erisinde bulundu\u011fumuz yo\u011fun lansman d\u00f6neminde de yeni yat\u0131r\u0131m projelerimizi hedef kitlemizle bulu\u015fturmay\u0131 s\u00fcrd\u00fcrece\u011fiz.\u201d<\/p>\n","protected":false},"excerpt":{"rendered":"<p>Demir \u0130n\u015faat Y\u00f6netim Kurulu Ba\u015fkan\u0131 Hamit Demir, TU\u0130K&#8217;in kanot sat\u0131\u015f rakamlar\u0131 ile ilgili\u00a0 g\u00f6r\u00fc\u015fleri \u015f\u00f6yle:\u00a0 Hamit Demir: T\u00dc\u0130K\u2019in a\u00e7\u0131klad\u0131\u011f\u0131 a\u011fustos ay\u0131 konut sat\u0131\u015f rakamlar\u0131yla, sat\u0131\u015flarda temmuz ay\u0131nda ba\u015flayan y\u00fckseli\u015f grafi\u011finin giderek artt\u0131\u011f\u0131n\u0131 g\u00f6r\u00fcyoruz. Bu da ekonominin lokomotifi olan gayrimenkul ve in\u015faat sekt\u00f6r\u00fcn\u00fcn en g\u00fcvenilir ve kazan\u00e7l\u0131 yat\u0131r\u0131m arac\u0131 olmaya devam etti\u011finin en b\u00fcy\u00fck g\u00f6stergesini olu\u015fturuyor. [&hellip;]<\/p>\n","protected":false},"author":1,"featured_media":17899,"comment_status":"open","ping_status":"open","sticky":false,"template":"","format":"standard","meta":{"ngg_post_thumbnail":0},"categories":[221,5217,97,5388],"tags":[11505,187,185,11107,107,1179,67,1258,11335,11361,1065],"_links":{"self":[{"href":"https:\/\/emlaktuel.com\/index.php?rest_route=\/wp\/v2\/posts\/17898"}],"collection":[{"href":"https:\/\/emlaktuel.com\/index.php?rest_route=\/wp\/v2\/posts"}],"about":[{"href":"https:\/\/emlaktuel.com\/index.php?rest_route=\/wp\/v2\/types\/post"}],"author":[{"embeddable":true,"href":"https:\/\/emlaktuel.com\/index.php?rest_route=\/wp\/v2\/users\/1"}],"replies":[{"embeddable":true,"href":"https:\/\/emlaktuel.com\/index.php?rest_route=%2Fwp%2Fv2%2Fcomments&post=17898"}],"version-history":[{"count":1,"href":"https:\/\/emlaktuel.com\/index.php?rest_route=\/wp\/v2\/posts\/17898\/revisions"}],"predecessor-version":[{"id":17900,"href":"https:\/\/emlaktuel.com\/index.php?rest_route=\/wp\/v2\/posts\/17898\/revisions\/17900"}],"wp:featuredmedia":[{"embeddable":true,"href":"https:\/\/emlaktuel.com\/index.php?rest_route=\/wp\/v2\/media\/17899"}],"wp:attachment":[{"href":"https:\/\/emlaktuel.com\/index.php?rest_route=%2Fwp%2Fv2%2Fmedia&parent=17898"}],"wp:term":[{"taxonomy":"category","embeddable":true,"href":"https:\/\/emlaktuel.com\/index.php?rest_route=%2Fwp%2Fv2%2Fcategories&post=17898"},{"taxonomy":"post_tag","embeddable":true,"href":"https:\/\/emlaktuel.com\/index.php?rest_route=%2Fwp%2Fv2%2Ftags&post=17898"}],"curies":[{"name":"wp","href":"https:\/\/api.w.org\/{rel}","templated":true}]}}