{"id":17851,"date":"2017-09-23T23:53:47","date_gmt":"2017-09-23T20:53:47","guid":{"rendered":"http:\/\/emlaktuel.com\/?p=17851"},"modified":"2018-07-05T17:16:05","modified_gmt":"2018-07-05T14:16:05","slug":"vadisehir-dukkanlari-kapis-kapis-satildi","status":"publish","type":"post","link":"https:\/\/emlaktuel.com\/?p=17851","title":{"rendered":"Vadi\u015fehir d\u00fckkanlar\u0131 kap\u0131\u015f kap\u0131\u015f sat\u0131ld\u0131"},"content":{"rendered":"<div class=\"hz_top_post\">\n<div class=\"hz_title_and_meta\">\n<div class=\"hz_title\">\n<figure id=\"attachment_17852\" aria-describedby=\"caption-attachment-17852\" style=\"width: 620px\" class=\"wp-caption aligncenter\"><img loading=\"lazy\" class=\"size-full wp-image-17852\" src=\"http:\/\/emlaktuel.com\/wp-content\/uploads\/2017\/09\/1386345_620x349-1.jpg\" alt=\"\" width=\"620\" height=\"349\" \/><figcaption id=\"caption-attachment-17852\" class=\"wp-caption-text\">vadi\u015fehir<\/figcaption><\/figure>\n<h4>Vadi\u015fehir projesindeki d\u00fckkanlar d\u00fcn a\u00e7\u0131k art\u0131rma usul\u00fc ile sat\u0131\u015fa \u00e7\u0131kar\u0131ld\u0131 ve d\u00fckkanlar\u0131n sat\u0131\u015flar\u0131na yo\u011fun bir ilgi oldu<\/h4>\n<\/div>\n<div class=\"hz_meta_post\"><\/div>\n<div id=\"div-gpt-ad-1463837814485-0\" data-google-query-id=\"CLKwhbmWvNYCFQhsGwod-kAJWQ\"><\/div>\n<\/div>\n<\/div>\n<div class=\"hz_main_post_content\">\n<div class=\"big_post_content\">\n<h5><\/h5>\n<p><strong>Ba\u015fak\u015fehir<\/strong>&#8216;de Irmak Group, <strong>Irmakkent<\/strong> ve \u00c7olako\u011flu Group ortakl\u0131\u011f\u0131nda in\u015fa edilen <a href=\"http:\/\/emlaktuel.com\/?s=Vadi%C5%9Fehir+projesi\"><strong>Vadi\u015fehir projesi<\/strong><\/a>nin d\u00fckkanlar\u0131 d\u00fcn yap\u0131lan a\u00e7\u0131k art\u0131rmayla \u00e7ok h\u0131zl\u0131 bir \u015fekilde sat\u0131ld\u0131. \u00a0Sat\u0131\u015fda 20 d\u00fckkan\u0131n yer ald\u0131\u011f\u0131 projede yat\u0131r\u0131mc\u0131lar \u00e7ok s\u0131k\u0131 bir \u015fekilde\u00a0yar\u0131\u015ft\u0131.<\/div>\n<div class=\"big_post_content\">Vadi\u015fehir projesindeki d\u00fckkanlar\u0131n sat\u0131\u015flar\u0131ndan toplam 26 milyon 851 bin liral\u0131k ciro elde edildi.<\/div>\n<div class=\"big_post_content\"><\/div>\n<div class=\"big_post_content\"><strong>D\u00fckkanlar hem projenin, hem de b\u00f6lgenin ihtiya\u00e7lar\u0131n\u0131 kar\u015f\u0131layacak\u00a0<\/strong><\/div>\n<div class=\"big_post_content\">Y\u00fczde 75&#8217;i a\u00e7\u0131k art\u0131rmada sat\u0131lan d\u00fckkanlar, kazan\u00e7 potansiyeliyle \u00f6ne \u00e7\u0131k\u0131yor. 620 dairelik <a href=\"http:\/\/emlaktuel.com\/?s=Vadi%C5%9Fehir+projesi\"><strong>Vadi\u015fehir<\/strong><\/a>&#8216;de hizmet verecek olan d\u00fckkanlar, ayr\u0131ca \u00e7evredeki 1000&#8217;e yak\u0131n konutun da ihtiya\u00e7lar\u0131n\u0131 kar\u015f\u0131layacak.<\/div>\n<div class=\"big_post_content\"><\/div>\n<div class=\"big_post_content\"><strong>Yat\u0131r\u0131mc\u0131lara s\u0131f\u0131r faiz f\u0131rsat\u0131<\/strong><\/div>\n<div class=\"big_post_content\">Y\u00fczde 25 pe\u015finat ve 48 ay s\u0131f\u0131r faizle sat\u0131lan d\u00fckkanlar\u0131n en b\u00fcy\u00fck avantaj\u0131 ise hemen teslim ediliyor olmas\u0131. Ekim ay\u0131 itibariyle konut teslimlerin ba\u015flayaca\u011f\u0131 <a href=\"http:\/\/emlaktuel.com\/?s=Vadi%C5%9Fehir+projesi\"><strong>Vadi\u015fehir projesi<\/strong>,<\/a> Yavuz Sultan Selim K\u00f6pr\u00fcs\u00fc ba\u011flant\u0131 yollar\u0131,3. Havaliman\u0131, \u015eehir Park\u0131 gibi merkezi noktalara yak\u0131nl\u0131\u011f\u0131yla \u00f6ne \u00e7\u0131k\u0131yor.<\/div>\n<div class=\"big_post_content\"><\/div>\n<div class=\"big_post_content\"><strong>Vadi\u015fehir sosyal donat\u0131lar\u0131<\/strong><\/div>\n<div class=\"big_post_content\">Son konutlar\u0131n sat\u0131\u015f\u0131na devam edilen <a href=\"http:\/\/emlaktuel.com\/?s=Vadi%C5%9Fehir+projesi\"><strong>Vadi\u015fehir projesi<\/strong><\/a>, geni\u015f ye\u015fil alanlar\u0131, ticari birimleri, \u00e7ocuk oyun alanlar\u0131, g\u00fcvenlik, havuz gibi sosyal olanaklar\u0131yla da yat\u0131r\u0131mc\u0131s\u0131na keyifli bir ya\u015fam sunacak.<\/div>\n<\/div>\n","protected":false},"excerpt":{"rendered":"<p>Vadi\u015fehir projesindeki d\u00fckkanlar d\u00fcn a\u00e7\u0131k art\u0131rma usul\u00fc ile sat\u0131\u015fa \u00e7\u0131kar\u0131ld\u0131 ve d\u00fckkanlar\u0131n sat\u0131\u015flar\u0131na yo\u011fun bir ilgi oldu Ba\u015fak\u015fehir&#8216;de Irmak Group, Irmakkent ve \u00c7olako\u011flu Group ortakl\u0131\u011f\u0131nda in\u015fa edilen Vadi\u015fehir projesinin d\u00fckkanlar\u0131 d\u00fcn yap\u0131lan a\u00e7\u0131k art\u0131rmayla \u00e7ok h\u0131zl\u0131 bir \u015fekilde sat\u0131ld\u0131. \u00a0Sat\u0131\u015fda 20 d\u00fckkan\u0131n yer ald\u0131\u011f\u0131 projede yat\u0131r\u0131mc\u0131lar \u00e7ok s\u0131k\u0131 bir \u015fekilde\u00a0yar\u0131\u015ft\u0131. Vadi\u015fehir projesindeki d\u00fckkanlar\u0131n sat\u0131\u015flar\u0131ndan toplam [&hellip;]<\/p>\n","protected":false},"author":1,"featured_media":17852,"comment_status":"open","ping_status":"open","sticky":false,"template":"","format":"standard","meta":{"ngg_post_thumbnail":0},"categories":[221,5217,97,5388],"tags":[11642,9678,11115,9677,80,11234,11246,106,11098,11116,9629,9679,9680,9630,503],"_links":{"self":[{"href":"https:\/\/emlaktuel.com\/index.php?rest_route=\/wp\/v2\/posts\/17851"}],"collection":[{"href":"https:\/\/emlaktuel.com\/index.php?rest_route=\/wp\/v2\/posts"}],"about":[{"href":"https:\/\/emlaktuel.com\/index.php?rest_route=\/wp\/v2\/types\/post"}],"author":[{"embeddable":true,"href":"https:\/\/emlaktuel.com\/index.php?rest_route=\/wp\/v2\/users\/1"}],"replies":[{"embeddable":true,"href":"https:\/\/emlaktuel.com\/index.php?rest_route=%2Fwp%2Fv2%2Fcomments&post=17851"}],"version-history":[{"count":1,"href":"https:\/\/emlaktuel.com\/index.php?rest_route=\/wp\/v2\/posts\/17851\/revisions"}],"predecessor-version":[{"id":17853,"href":"https:\/\/emlaktuel.com\/index.php?rest_route=\/wp\/v2\/posts\/17851\/revisions\/17853"}],"wp:featuredmedia":[{"embeddable":true,"href":"https:\/\/emlaktuel.com\/index.php?rest_route=\/wp\/v2\/media\/17852"}],"wp:attachment":[{"href":"https:\/\/emlaktuel.com\/index.php?rest_route=%2Fwp%2Fv2%2Fmedia&parent=17851"}],"wp:term":[{"taxonomy":"category","embeddable":true,"href":"https:\/\/emlaktuel.com\/index.php?rest_route=%2Fwp%2Fv2%2Fcategories&post=17851"},{"taxonomy":"post_tag","embeddable":true,"href":"https:\/\/emlaktuel.com\/index.php?rest_route=%2Fwp%2Fv2%2Ftags&post=17851"}],"curies":[{"name":"wp","href":"https:\/\/api.w.org\/{rel}","templated":true}]}}