{"id":17773,"date":"2017-09-21T19:18:29","date_gmt":"2017-09-21T16:18:29","guid":{"rendered":"http:\/\/emlaktuel.com\/?p=17773"},"modified":"2018-07-05T17:15:22","modified_gmt":"2018-07-05T14:15:22","slug":"prof-dr-atilla-sezgin-kentsel-donusumu-imar-affi-olarak-gormemek-on-sarttir","status":"publish","type":"post","link":"https:\/\/emlaktuel.com\/?p=17773","title":{"rendered":"Prof Dr. Atilla Sezgin: Kentsel d\u00f6n\u00fc\u015f\u00fcm\u00fc imar aff\u0131 olarak g\u00f6rmemek \u00f6n \u015fartt\u0131r"},"content":{"rendered":"<p>&nbsp;<\/p>\n<p><img loading=\"lazy\" class=\"size-full wp-image-17774\" src=\"http:\/\/emlaktuel.com\/wp-content\/uploads\/2017\/09\/Dr.-atilla-sezgin.jpg\" alt=\"Dr. atilla sezgin\" width=\"1417\" height=\"1000\" \/><\/p>\n<p><strong>\u0130zmir Kentsel D\u00f6n\u00fc\u015f\u00fcm<\/strong> ve Stratejik Yakla\u015f\u0131mlar Kurultay\u0131\u2019nda bir sunum yapan <strong>T\u00fcrkerler Holding Genel Koordinat\u00f6r\u00fc Prof. Dr. Attila Sezgin<\/strong>,\u00a0kentsel d\u00f6n\u00fc\u015f\u00fcm ile ilgili a\u00e7\u0131klamalar yapt\u0131<\/p>\n<p><strong>\u00c7evre ve \u015eehircilik Bakan\u0131 Mehmet \u00d6zhasek<\/strong>i ba\u015fta olmak \u00fczere, ilgili t\u00fcm \u00e7evrelerin kat\u0131l\u0131m\u0131yla ger\u00e7ekle\u015ftirilen <strong>\u0130zmir Kentsel D\u00f6n\u00fc\u015f\u00fcm<\/strong> ve Stratejik Yakla\u015f\u0131mlar Kurultay\u0131\u2019nda kentin konut ve altyap\u0131 sorunlar\u0131 masaya yat\u0131r\u0131ld\u0131.<\/p>\n<p>Kamu kurumlar\u0131, \u00f6zel sekt\u00f6r ve sivil toplum \u00f6rg\u00fctlerinden temsilcilerin yo\u011fun ilgi g\u00f6sterdi\u011fi kurultayda \u00f6nemli sunumlar ger\u00e7ekle\u015ftirildi. \u201cTarihi ve Gecekondula\u015fan Merkezlerde Kentsel D\u00f6n\u00fc\u015f\u00fcm\u201d ba\u015fl\u0131kl\u0131 panelde konu\u015fan <strong>T\u00fcrkerler Holding Genel Koordinat\u00f6r\u00fc Prof. Dr. Attila Sezgin<\/strong>, \u201cKentsel d\u00f6n\u00fc\u015f\u00fcm\u00fc, imar aff\u0131 olarak g\u00f6rmemek, konut ve ofis sto\u011funa y\u00f6nelik m\u00fcdahale gibi dar bir perspektife indirgememek ba\u015far\u0131l\u0131 bir d\u00f6n\u00fc\u015f\u00fcm i\u00e7in \u00f6n \u015fartt\u0131r\u201d dedi.<\/p>\n<p><strong>Prof. Dr. Sezgin<\/strong>, \u201cKentsel d\u00f6n\u00fc\u015f\u00fcmde g\u00fcn\u00fcm\u00fczdeki mek\u00e2nsal \u2013ya\u015famsal sorunlar de\u011ferlendirildi\u011finde, tarihsel olarak bir\u00e7ok medeniyetin ya\u015fad\u0131\u011f\u0131 ve \u00e7ok say\u0131da tarihi binalar\u0131n yer ald\u0131\u011f\u0131 \u00fclkemizde, ge\u00e7mi\u015fle bug\u00fcnk\u00fc ihtiya\u00e7lar\u0131 kurgulaman\u0131n ne denli g\u00fc\u00e7 oldu\u011fu g\u00f6r\u00fclmektedir\u201d diye konu\u015ftu.<\/p>\n<p>Attila Sezgin \u015f\u00f6yle devam etti: \u201cGelece\u011fi kurma y\u00f6n\u00fcnde kentin hava, su, deniz, ye\u015fil vb. do\u011fal potansiyellerinin titizlikle korunmas\u0131 ve geli\u015ftirilmesi, enerji konusunun,mek\u00e2nsal esneklik, \u00f6zel-kamusal alan ili\u015fkilerinin olu\u015fturulmas\u0131, afet g\u00fcvenli\u011fi ve tarihsel mek\u00e2nlar\u0131n korunmas\u0131, ancak \u00e7ok iyi tasar\u0131mlanm\u0131\u015f bir ekonomik-teknik-sosyal-<wbr \/>k\u00fclt\u00fcrel geli\u015fme modeli \u00fczerinde t\u00fcm kesimlerin uzla\u015f\u0131s\u0131 ile m\u00fcmk\u00fcn g\u00f6r\u00fclmektedir.\u201d<\/p>\n<p>Prof. Dr. Sezgin yapt\u0131\u011f\u0131 sunumda, Kentsel d\u00f6n\u00fc\u015f\u00fcm\u00fcn ba\u015far\u0131ya ula\u015fmas\u0131 i\u00e7in \u00f6nce konuya bak\u0131\u015f a\u00e7\u0131s\u0131nda ya\u015fanan sorunlar\u0131n giderilmesi gerekti\u011fini vurgulad\u0131 ve \u00e7\u00f6z\u00fcm \u00f6nerilerini \u015f\u00f6yle s\u0131ralad\u0131:<\/p>\n<p>&#8211; Kentsel d\u00f6n\u00fc\u015f\u00fcmde piyasa dinamiklerinin varl\u0131\u011f\u0131n\u0131 kabul edilmeli.<\/p>\n<p>&#8211; Kentsel d\u00f6n\u00fc\u015f\u00fcm\u00fcn izole edilmi\u015f bir kamu g\u00f6revi olarak organize edildi\u011fi d\u00fc\u015f\u00fcn\u00fclmemeli\u2026<\/p>\n<p>&#8211; \u00c7\u00f6z\u00fcm aray\u0131\u015flar\u0131n\u0131 sadece fiziki mekana y\u00f6nelik bir sorun olarak g\u00f6r\u00fclmemeli,<\/p>\n<p>&#8211; Bir \u00fclke i\u00e7inde bile farkl\u0131 d\u00f6n\u00fc\u015f\u00fcm \u00f6rnekleri olabilece\u011fi kabul edilmeli.Ba\u015far\u0131l\u0131 bir \u00f6rne\u011fi genel ge\u00e7er kabul edip ba\u015fka yerlerde de uygulaman\u0131n olumsuz sonu\u00e7lar yaratabilece\u011fi d\u00fc\u015f\u00fcn\u00fclmeli.<\/p>\n<p>&#8211; Kentsel d\u00f6n\u00fc\u015f\u00fcme taraf olan merkezi y\u00f6netim, yerel y\u00f6netim, \u00f6zel sekt\u00f6r, sivil toplum kurulu\u015flar\u0131 ve hak sahibi yerel halk aras\u0131ndaki ili\u015fkilerin s\u00fcrd\u00fcr\u00fclebilir olmas\u0131ndaki mevcut g\u00fc\u00e7l\u00fcklerin kar\u015f\u0131l\u0131kl\u0131 g\u00fcven, uzla\u015fma ve birlikte hareket edebilme k\u00fclt\u00fcr\u00fc olu\u015fturularak a\u015f\u0131lmas\u0131n\u0131n \u00f6nemini kabul edilmeli.<\/p>\n<p>&#8211; Kentsel d\u00f6n\u00fc\u015f\u00fcm projelerinin ama\u00e7lar\u0131 yeteri kadar a\u00e7\u0131k ve net bir bi\u00e7imde tan\u0131mlanmal\u0131<\/p>\n<p>&#8211; Yerel ve merkezi y\u00f6netim aras\u0131nda koordinasyon eksikli\u011fi giderilmeli.Fiziksel, ekonomik ve sosyal d\u00f6n\u00fc\u015f\u00fcm aras\u0131ndaki ba\u011flant\u0131lar iyi kurulmal\u0131.<\/p>\n<p>&#8211; Merkezi y\u00f6netimin, d\u00f6n\u00fc\u015f\u00fcm\u00fcn belirlenen ama\u00e7lar do\u011frultusunda ger\u00e7ekle\u015fmesini sa\u011flamak y\u00f6n\u00fcnde te\u015fvikler olu\u015fturmas\u0131 gere\u011fi kabul edilmeli.<\/p>\n","protected":false},"excerpt":{"rendered":"<p>&nbsp; \u0130zmir Kentsel D\u00f6n\u00fc\u015f\u00fcm ve Stratejik Yakla\u015f\u0131mlar Kurultay\u0131\u2019nda bir sunum yapan T\u00fcrkerler Holding Genel Koordinat\u00f6r\u00fc Prof. Dr. Attila Sezgin,\u00a0kentsel d\u00f6n\u00fc\u015f\u00fcm ile ilgili a\u00e7\u0131klamalar yapt\u0131 \u00c7evre ve \u015eehircilik Bakan\u0131 Mehmet \u00d6zhaseki ba\u015fta olmak \u00fczere, ilgili t\u00fcm \u00e7evrelerin kat\u0131l\u0131m\u0131yla ger\u00e7ekle\u015ftirilen \u0130zmir Kentsel D\u00f6n\u00fc\u015f\u00fcm ve Stratejik Yakla\u015f\u0131mlar Kurultay\u0131\u2019nda kentin konut ve altyap\u0131 sorunlar\u0131 masaya yat\u0131r\u0131ld\u0131. Kamu kurumlar\u0131, \u00f6zel [&hellip;]<\/p>\n","protected":false},"author":1,"featured_media":17774,"comment_status":"open","ping_status":"open","sticky":false,"template":"","format":"standard","meta":{"ngg_post_thumbnail":0},"categories":[221,26,5217,97,5388],"tags":[11375,9628,9626,10995,7343,88,80,11318,11459,106,95,9627],"_links":{"self":[{"href":"https:\/\/emlaktuel.com\/index.php?rest_route=\/wp\/v2\/posts\/17773"}],"collection":[{"href":"https:\/\/emlaktuel.com\/index.php?rest_route=\/wp\/v2\/posts"}],"about":[{"href":"https:\/\/emlaktuel.com\/index.php?rest_route=\/wp\/v2\/types\/post"}],"author":[{"embeddable":true,"href":"https:\/\/emlaktuel.com\/index.php?rest_route=\/wp\/v2\/users\/1"}],"replies":[{"embeddable":true,"href":"https:\/\/emlaktuel.com\/index.php?rest_route=%2Fwp%2Fv2%2Fcomments&post=17773"}],"version-history":[{"count":1,"href":"https:\/\/emlaktuel.com\/index.php?rest_route=\/wp\/v2\/posts\/17773\/revisions"}],"predecessor-version":[{"id":17775,"href":"https:\/\/emlaktuel.com\/index.php?rest_route=\/wp\/v2\/posts\/17773\/revisions\/17775"}],"wp:featuredmedia":[{"embeddable":true,"href":"https:\/\/emlaktuel.com\/index.php?rest_route=\/wp\/v2\/media\/17774"}],"wp:attachment":[{"href":"https:\/\/emlaktuel.com\/index.php?rest_route=%2Fwp%2Fv2%2Fmedia&parent=17773"}],"wp:term":[{"taxonomy":"category","embeddable":true,"href":"https:\/\/emlaktuel.com\/index.php?rest_route=%2Fwp%2Fv2%2Fcategories&post=17773"},{"taxonomy":"post_tag","embeddable":true,"href":"https:\/\/emlaktuel.com\/index.php?rest_route=%2Fwp%2Fv2%2Ftags&post=17773"}],"curies":[{"name":"wp","href":"https:\/\/api.w.org\/{rel}","templated":true}]}}