{"id":17770,"date":"2017-09-21T19:02:57","date_gmt":"2017-09-21T16:02:57","guid":{"rendered":"http:\/\/emlaktuel.com\/?p=17770"},"modified":"2018-07-05T17:15:15","modified_gmt":"2018-07-05T14:15:15","slug":"is-bankasindan-emlak-konutun-simdi-al-2019da-ode-kampanyasina-destek","status":"publish","type":"post","link":"https:\/\/emlaktuel.com\/?p=17770","title":{"rendered":"\u0130\u015f Bankas\u0131\u2019ndan Emlak Konut\u2019un \u015eimdi Al-2019\u2019da \u00d6de kampanyas\u0131na destek"},"content":{"rendered":"<p><img loading=\"lazy\" class=\"size-full wp-image-17771\" src=\"http:\/\/emlaktuel.com\/wp-content\/uploads\/2017\/09\/is-bankasi-2016-beklentilerini-acikladi-84899-1112016153924.jpg\" alt=\"i\u015f bankas\u0131\" width=\"660\" height=\"370\" \/><\/p>\n<h4>Emlak Konut GYO&#8217;nun ba\u015flatt\u0131\u011f\u0131 14 Eyl\u00fcl-31 Ekim tarihleri aras\u0131nda konutta 3. seferberlik olan &#8216;\u015eimdi Al-2019&#8217;da \u00f6\u00d6de&#8217;\u00a0kampanyas\u0131na, bankac\u0131l\u0131k sekt\u00f6r\u00fcnden \u0130\u015f Bankas\u0131 finansal destek verdi\u011fini duyurdu.<\/h4>\n<p><strong>Emlak Konut GYO<\/strong> taraf\u0131ndan ba\u015flayan konutta 3. seferberlik\u00a0kampanyas\u0131 kapsam\u0131nda y\u00fczde 5 pe\u015fin, y\u00fczde 15 s\u00f6zle\u015fme tarihinden itibaren 12 ay sonra \u00f6deniyor. Y\u00fczde 80 bakiye i\u00e7in de banka kredisi kullan\u0131lan kampanya kapsam\u0131nda kredi taksitlerinin geri \u00f6denmesi OCAK 2019&#8217;da ba\u015fl\u0131yor.<\/p>\n<p>Bu kapsamda, <strong>\u0130\u015f Bankas\u0131<\/strong>\u2019n\u0131n indirimli faiz oranlar\u0131 ile T\u00fcrkiye\u2019nin Ev Kredisi avantajlar\u0131ndan faydalanmak m\u00fcmk\u00fcn olabilecek.<\/p>\n<p>\u0130\u015f Bankas\u0131, yeni kredi kullan\u0131mlar\u0131nda ayl\u0131k %0,99\u2019dan ba\u015flayan faiz oran\u0131 ile farkl\u0131 vadeler ve geri \u00f6deme se\u00e7eneklerinde ev kredisi imk\u00e2n\u0131 sunuyor. Kampanyaya d\u00e2hil konut projelerinden ev alacak ki\u015filerin kredi faizleri, Ocak 2019\u2019a kadar <strong><a href=\"http:\/\/emlaktuel.com\/?s=emlak+konut\">Emlak Konut GYO<\/a><\/strong> taraf\u0131ndan kar\u015f\u0131lanacak ve ev alacak ki\u015filer kredi geri \u00f6demelerine Ocak 2019\u2019da ba\u015flayacak.<\/p>\n<p>Ki\u015fiye \u00f6zel geri \u00f6deme se\u00e7enekleri sunan T\u00fcrkiye\u2019nin Ev Kredisi \u00fcr\u00fcnlerinin detaylar\u0131na ve kredi ko\u015fullar\u0131 ile ilgili bilgiye isbank.com.tr, 0850 724 0 724 Telefon \u015eubesi ve t\u00fcm \u0130\u015f Bankas\u0131 \u015fubelerinden ula\u015f\u0131labilir.<\/p>\n<p><strong><i>100.000 TL kredi tutar\u0131 i\u00e7in \u00d6rnek Maliyet Tablosu ise a\u015fa\u011f\u0131daki gibi:<\/i><\/strong><\/p>\n<table>\n<tbody>\n<tr>\n<td>Ayl\u0131k Kredi Faiz Oran\u0131 (%)<\/td>\n<td>Kredi Vadesi ( Ay)<\/td>\n<td>Ocak 2019 Sonras\u0131 Taksit Tutar\u0131 (TL)<\/td>\n<td>Ocak 2019 \u00d6ncesi Taksit Tutar\u0131 (TL)<\/td>\n<td>Toplamda \u00d6denecek Anapara ve Faiz Tutar\u0131<br \/>\n(TL)<\/td>\n<td>Y\u0131ll\u0131k Toplam Maliyet Oran\u0131 (%)<\/td>\n<\/tr>\n<tr>\n<td>%0,99<\/td>\n<td>60<\/td>\n<td>2.764,66<\/td>\n<td>990,00<\/td>\n<td>139.259,60<\/td>\n<td>%12,5487<\/td>\n<\/tr>\n<tr>\n<td>%0,99<\/td>\n<td>120<\/td>\n<td>1.535,94<\/td>\n<td>990,00<\/td>\n<td>176.123,93<\/td>\n<td>%12,5487<\/td>\n<\/tr>\n<\/tbody>\n<\/table>\n<p><i>Sigortaya ili\u015fkin masraflar: 301 TL bir y\u0131ll\u0131k Konut Sigortas\u0131 primi, 180 TL bir y\u0131ll\u0131k DASK poli\u00e7esi bedelidir. Konut sigortas\u0131 ve DASK prim tutarlar\u0131 ortalama olarak hesaplam\u0131\u015f olup, konutun lokasyonu ve m\u00b2&#8217;sine, vb. kriterlere g\u00f6re de\u011fi\u015fiklik g\u00f6stermektedir. Hesaplanan y\u0131ll\u0131k maliyet oran\u0131na sigorta tutarlar\u0131 dahil edilmemi\u015ftir. Ayl\u0131k taksit tutarlar\u0131, geri \u00f6demeler 30 g\u00fcn sonra ba\u015flayacak \u015fekilde hesaplanm\u0131\u015ft\u0131r. Ocak 2019\u2019dan \u00f6nce olan taksitler <a href=\"http:\/\/emlaktuel.com\/?s=emlak+konut\"><strong>Emlak Konut GYO A.\u015e<\/strong><\/a>. taraf\u0131ndan \u00f6denecektir. \u0130potek tesis hizmetleri kapsam\u0131nda kamu kurum veya kurulu\u015funa veya \u00fc\u00e7\u00fcnc\u00fc ki\u015filere \u00f6denen masraflar m\u00fc\u015fteriye aittir. Kefil \u00f6n \u015fart\u0131 aranmamakla birlikte, \u015fubelerimiz gerekli g\u00f6rd\u00fckleri takdirde kefil talep edebilecektir. Banka, kampanya s\u00fcresince kampanya ko\u015fullar\u0131n\u0131 de\u011fi\u015ftirme hakk\u0131n\u0131 sakl\u0131 tutar.<\/i><\/p>\n<p>&nbsp;<\/p>\n","protected":false},"excerpt":{"rendered":"<p>Emlak Konut GYO&#8217;nun ba\u015flatt\u0131\u011f\u0131 14 Eyl\u00fcl-31 Ekim tarihleri aras\u0131nda konutta 3. seferberlik olan &#8216;\u015eimdi Al-2019&#8217;da \u00f6\u00d6de&#8217;\u00a0kampanyas\u0131na, bankac\u0131l\u0131k sekt\u00f6r\u00fcnden \u0130\u015f Bankas\u0131 finansal destek verdi\u011fini duyurdu. Emlak Konut GYO taraf\u0131ndan ba\u015flayan konutta 3. seferberlik\u00a0kampanyas\u0131 kapsam\u0131nda y\u00fczde 5 pe\u015fin, y\u00fczde 15 s\u00f6zle\u015fme tarihinden itibaren 12 ay sonra \u00f6deniyor. Y\u00fczde 80 bakiye i\u00e7in de banka kredisi kullan\u0131lan kampanya kapsam\u0131nda [&hellip;]<\/p>\n","protected":false},"author":1,"featured_media":17771,"comment_status":"open","ping_status":"open","sticky":false,"template":"","format":"standard","meta":{"ngg_post_thumbnail":0},"categories":[221,26,5217,97,5388],"tags":[62,459,78,9625,11417,11107,2434,11448,2840,544,80,9557],"_links":{"self":[{"href":"https:\/\/emlaktuel.com\/index.php?rest_route=\/wp\/v2\/posts\/17770"}],"collection":[{"href":"https:\/\/emlaktuel.com\/index.php?rest_route=\/wp\/v2\/posts"}],"about":[{"href":"https:\/\/emlaktuel.com\/index.php?rest_route=\/wp\/v2\/types\/post"}],"author":[{"embeddable":true,"href":"https:\/\/emlaktuel.com\/index.php?rest_route=\/wp\/v2\/users\/1"}],"replies":[{"embeddable":true,"href":"https:\/\/emlaktuel.com\/index.php?rest_route=%2Fwp%2Fv2%2Fcomments&post=17770"}],"version-history":[{"count":1,"href":"https:\/\/emlaktuel.com\/index.php?rest_route=\/wp\/v2\/posts\/17770\/revisions"}],"predecessor-version":[{"id":17772,"href":"https:\/\/emlaktuel.com\/index.php?rest_route=\/wp\/v2\/posts\/17770\/revisions\/17772"}],"wp:featuredmedia":[{"embeddable":true,"href":"https:\/\/emlaktuel.com\/index.php?rest_route=\/wp\/v2\/media\/17771"}],"wp:attachment":[{"href":"https:\/\/emlaktuel.com\/index.php?rest_route=%2Fwp%2Fv2%2Fmedia&parent=17770"}],"wp:term":[{"taxonomy":"category","embeddable":true,"href":"https:\/\/emlaktuel.com\/index.php?rest_route=%2Fwp%2Fv2%2Fcategories&post=17770"},{"taxonomy":"post_tag","embeddable":true,"href":"https:\/\/emlaktuel.com\/index.php?rest_route=%2Fwp%2Fv2%2Ftags&post=17770"}],"curies":[{"name":"wp","href":"https:\/\/api.w.org\/{rel}","templated":true}]}}