{"id":17678,"date":"2017-09-16T13:59:19","date_gmt":"2017-09-16T10:59:19","guid":{"rendered":"http:\/\/emlaktuel.com\/?p=17678"},"modified":"2018-07-05T17:14:19","modified_gmt":"2018-07-05T14:14:19","slug":"simde-al-2019da-ode-kampanyasina-katilan-firmalar","status":"publish","type":"post","link":"https:\/\/emlaktuel.com\/?p=17678","title":{"rendered":"\u015eimde Al 2019&#8217;da \u00f6de kampanyas\u0131&#8217;na kat\u0131lan firmalar"},"content":{"rendered":"<figure id=\"attachment_17428\" aria-describedby=\"caption-attachment-17428\" style=\"width: 1772px\" class=\"wp-caption alignleft\"><img loading=\"lazy\" class=\"size-full wp-image-17428\" src=\"http:\/\/emlaktuel.com\/wp-content\/uploads\/2017\/09\/PARK-MAVERA1.jpg\" alt=\"PARK MAVERA 1\" width=\"1772\" height=\"1772\" \/><figcaption id=\"caption-attachment-17428\" class=\"wp-caption-text\">PARK MAVERA 1<\/figcaption><\/figure>\n<p><strong>Emlak Kunut GYO<\/strong>&#8216;nun yeni dev kampanyas\u0131 <strong>&#8216;\u015eimdi Al 2019&#8217;da \u00f6de&#8217;<\/strong> kampanyas\u0131 d\u00fcn ba\u015flad\u0131. <strong>Konutta 3. seferberlik<\/strong> kampanyas\u0131na <strong>Emlak Konut GYO<\/strong>&#8216;nun 23 y\u00fcklenici firmas\u0131 kat\u0131ld\u0131.<\/p>\n<p><strong>Emlak Konut GYO&#8217;<\/strong>nun ba\u015flatt\u0131\u011f\u0131 ve 23 y\u00fcklenici firman\u0131nda destek verdi\u011fi <strong>konutta 3. seferberlik<\/strong> kampanyas\u0131 15 Kas\u0131m&#8217;a kadar devam edecek. Kampanyada 120 aya 0.99 faiz uygulanacak. Kampanya i\u00e7in 6 banka ile anla\u015fma sa\u011fland\u0131 ve kredi \u00f6demelerine 2019 tarihinde ba\u015flanacak.<\/p>\n<p><strong>Konutta 3. seferberlik kampanyas\u0131nda 1,5 y\u0131ll\u0131k kredi \u00f6deme \u00f6telemesi<\/strong><\/p>\n<p>Konutta 3. seferberlik kampanyas\u0131 15 Eyl\u00fcl tarihinde ba\u015flad\u0131. Konut sat\u0131\u015flar\u0131nda ya\u015fanan d\u00fc\u015f\u00fc\u015flerin \u00f6n\u00fcne ge\u00e7me, stoklar\u0131n azalt\u0131lmas\u0131 ve\u00a0sat\u0131\u015flar\u0131n h\u0131zland\u0131r\u0131lmas\u0131 i\u00e7in ba\u015flat\u0131lan 3. seferberlik 2 ay s\u00fcrecek. Bundarn ince 2 defa daha Konutta seferberlik d\u00fczenlenmi\u015f ve \u00e7ok ba\u015far\u0131l\u0131 olmu\u015ftu.<\/p>\n<p><strong>3. Seferberlik i\u00e7in 6 banka ile anla\u015f\u0131ld\u0131<\/strong><\/p>\n<p>Emlak Konut GYO&#8217;nun ve y\u00fcklenicisi in\u015faat firmalar\u0131n\u0131n da dahil olaca\u011f\u0131 yeni dev kampanyayla, t\u00fcketiciler minimum y\u00fczde 5 olmak kayd\u0131yla y\u00fczde 20 pe\u015finat \u00f6deyecek. Finansbank, Akbank, \u0130\u015f Bankas\u0131, Halkbank, Yap\u0131 Kredi ve Vak\u0131f Kat\u0131l\u0131m bankalar\u0131 ile yap\u0131lan anla\u015fma kapsam\u0131nda kullan\u0131lacak konut kredisi taksitleri Ocak 2019&#8217;a \u00f6telenecek.<\/p>\n<p>Kullan\u0131lacak konut kredilerinde ise faiz oranlar\u0131n\u0131n sabitlendi\u011fi ve 0.99 oran\u0131nda olaca\u011f\u0131 bildirildi.<\/p>\n<p><strong>Konutta 3. Seferberli\u011fe kat\u0131lan 23 proje:<\/strong><\/p>\n<p>Kampanyaya Emlak Konut GYO&#8217;nun 23 y\u00fcklenici firmas\u0131n\u0131n kat\u0131l\u0131m\u0131yla ba\u015flad\u0131. Kampanyal\u0131 projeler aras\u0131nda,<\/p>\n<ol>\n<li>B\u00fcy\u00fckyal\u0131<\/li>\n<li>Semt Bah\u00e7ekent<\/li>\n<li>Ebruli Ispartakule<\/li>\n<li>Evora Denizli<\/li>\n<li>Yenik\u00f6y Konaklar\u0131<\/li>\n<li>Tual Bah\u00e7ekent<\/li>\n<li>Koordinat \u00c7ayyolu<\/li>\n<li>Sofaloca<\/li>\n<li>Karat 34<\/li>\n<li>Tual Adalar<\/li>\n<li>Nidapark Kaya\u015fehir<\/li>\n<li>Nidapark K\u00fc\u00e7\u00fckyal\u0131<\/li>\n<li>Nidapark \u0130stinye<\/li>\n<li>Evvel \u0130stanbul<\/li>\n<li>Ad\u0131m \u0130stanbul<\/li>\n<li>Avrupark<\/li>\n<li>Avrupark Hayat<\/li>\n<li>Valideba\u011f<\/li>\n<li>K\u00f6y<\/li>\n<li>\u0130stmarina<\/li>\n<li>Tema\u015fehir<\/li>\n<li>Avangart \u0130stanbul<\/li>\n<li>Park Mavera<\/li>\n<\/ol>\n<h3>Ev alman\u0131n tam zaman\u0131<\/h3>\n<p><strong>KONUTDER Ba\u015fkan\u0131 Altan Elmas<\/strong>, kampanya ata\u011f\u0131yla birlikte t\u00fcketicinin konut almas\u0131n\u0131n tam zaman\u0131 oldu\u011funu s\u00f6yledi. Elmas, d\u00fc\u015f\u00fck taksitli \u00f6deme planlar\u0131yla kira \u00f6der gibi ev sahibi yapt\u0131klar\u0131n\u0131 belirterek, &#8220;Artan in\u015faat maliyetlerini hen\u00fcz fiyatlara yans\u0131tmad\u0131k. Bu kampanyayla yat\u0131r\u0131mc\u0131 ev al\u0131m\u0131na y\u00f6nelecek&#8221; dedi.<\/p>\n","protected":false},"excerpt":{"rendered":"<p>Emlak Kunut GYO&#8216;nun yeni dev kampanyas\u0131 &#8216;\u015eimdi Al 2019&#8217;da \u00f6de&#8217; kampanyas\u0131 d\u00fcn ba\u015flad\u0131. Konutta 3. seferberlik kampanyas\u0131na Emlak Konut GYO&#8216;nun 23 y\u00fcklenici firmas\u0131 kat\u0131ld\u0131. Emlak Konut GYO&#8217;nun ba\u015flatt\u0131\u011f\u0131 ve 23 y\u00fcklenici firman\u0131nda destek verdi\u011fi konutta 3. seferberlik kampanyas\u0131 15 Kas\u0131m&#8217;a kadar devam edecek. Kampanyada 120 aya 0.99 faiz uygulanacak. Kampanya i\u00e7in 6 banka ile anla\u015fma [&hellip;]<\/p>\n","protected":false},"author":1,"featured_media":0,"comment_status":"open","ping_status":"open","sticky":false,"template":"","format":"standard","meta":{"ngg_post_thumbnail":0},"categories":[221,5217,97,5388],"tags":[9576,11389,2841,459,78,11203,544,80,951,7147,9575,11462],"_links":{"self":[{"href":"https:\/\/emlaktuel.com\/index.php?rest_route=\/wp\/v2\/posts\/17678"}],"collection":[{"href":"https:\/\/emlaktuel.com\/index.php?rest_route=\/wp\/v2\/posts"}],"about":[{"href":"https:\/\/emlaktuel.com\/index.php?rest_route=\/wp\/v2\/types\/post"}],"author":[{"embeddable":true,"href":"https:\/\/emlaktuel.com\/index.php?rest_route=\/wp\/v2\/users\/1"}],"replies":[{"embeddable":true,"href":"https:\/\/emlaktuel.com\/index.php?rest_route=%2Fwp%2Fv2%2Fcomments&post=17678"}],"version-history":[{"count":1,"href":"https:\/\/emlaktuel.com\/index.php?rest_route=\/wp\/v2\/posts\/17678\/revisions"}],"predecessor-version":[{"id":17679,"href":"https:\/\/emlaktuel.com\/index.php?rest_route=\/wp\/v2\/posts\/17678\/revisions\/17679"}],"wp:attachment":[{"href":"https:\/\/emlaktuel.com\/index.php?rest_route=%2Fwp%2Fv2%2Fmedia&parent=17678"}],"wp:term":[{"taxonomy":"category","embeddable":true,"href":"https:\/\/emlaktuel.com\/index.php?rest_route=%2Fwp%2Fv2%2Fcategories&post=17678"},{"taxonomy":"post_tag","embeddable":true,"href":"https:\/\/emlaktuel.com\/index.php?rest_route=%2Fwp%2Fv2%2Ftags&post=17678"}],"curies":[{"name":"wp","href":"https:\/\/api.w.org\/{rel}","templated":true}]}}