{"id":17393,"date":"2017-09-07T12:42:18","date_gmt":"2017-09-07T09:42:18","guid":{"rendered":"http:\/\/emlaktuel.com\/?p=17393"},"modified":"2018-07-05T17:10:56","modified_gmt":"2018-07-05T14:10:56","slug":"emlak-konut-gyodan-yeni-proje-geliyor-kuzey-yakasi","status":"publish","type":"post","link":"https:\/\/emlaktuel.com\/?p=17393","title":{"rendered":"Emlak Konut GYO&#8217;dan yeni proje geliyor: Kuzey yakas\u0131"},"content":{"rendered":"<p><img loading=\"lazy\" class=\"size-full wp-image-17394\" src=\"http:\/\/emlaktuel.com\/wp-content\/uploads\/2017\/09\/kuzey-yakasi-1.jpg\" alt=\"kuzey yakas\u0131 projesi emlaktuel\" width=\"660\" height=\"380\" \/><\/p>\n<p><strong>Emlak Konut GYO<\/strong>&#8216;nun ya\u015fama sunaca\u011f\u0131 yeni projesi olan <strong>Kuzey Yakas\u0131 projesi<\/strong> yeni bir i\u015f ofis projesi olarak Ba\u015fak\u015fehir&#8217;de ba\u015flayacak. 350 d\u00f6n\u00fcml\u00fck arazide in\u015fa edilecek dev proje Kuzey Yakas\u0131 ofis projesi Ba\u015fak\u015fehir dev \u015fehir park\u0131 i\u00e7inde in\u015fa edilecek.<\/p>\n<p><strong>Kuzey Yakas\u0131 projesi<\/strong> 350 adet ofis ve 50 adet de d\u00fckkandan olmak \u00fczere 400 adet ba\u011f\u0131ms\u0131z birimden meydana gelecek.<\/p>\n<p>Eyl\u00fcl ay\u0131 i\u00e7inde tan\u0131t\u0131m\u0131 yap\u0131larak resmi sat\u0131\u015flara ba\u015flanacak dev proje i\u00e7in teslim tarihi olarak 2020 tarihi planland\u0131. Daire tipleri ise hen\u00fcz belli de\u011fil.<\/p>\n<p><strong>Kuzey Yakas\u0131 projesi lokasyonu<\/strong><\/p>\n<p><strong>Kuzey Yakas\u0131 projesi Ba\u015fak\u015fehir<\/strong>\u2019de bulunan 10 bin yatakl\u0131 \u015fehir hastanesine yak\u0131n\u00a0olacak, <strong>Yavuz Sultan Selim K\u00f6pr\u00fcs\u00fc<\/strong> ve <strong>Kanal \u0130stanbul<\/strong>\u2019a olduk\u00e7a yak\u0131n mesafede yer alacak. Proje Ba\u015fak\u015fehir\u2019de yer alan ve <strong>Kaya\u015fehir<\/strong>\u2019den <strong>Fenertep<\/strong>e\u2019ye kadar olan alan\u0131 kapsayan \u015eehir Park\u0131\u2019n\u0131n i\u00e7ine in\u015fa edilecek.<\/p>\n","protected":false},"excerpt":{"rendered":"<p>Emlak Konut GYO&#8216;nun ya\u015fama sunaca\u011f\u0131 yeni projesi olan Kuzey Yakas\u0131 projesi yeni bir i\u015f ofis projesi olarak Ba\u015fak\u015fehir&#8217;de ba\u015flayacak. 350 d\u00f6n\u00fcml\u00fck arazide in\u015fa edilecek dev proje Kuzey Yakas\u0131 ofis projesi Ba\u015fak\u015fehir dev \u015fehir park\u0131 i\u00e7inde in\u015fa edilecek. Kuzey Yakas\u0131 projesi 350 adet ofis ve 50 adet de d\u00fckkandan olmak \u00fczere 400 adet ba\u011f\u0131ms\u0131z birimden meydana [&hellip;]<\/p>\n","protected":false},"author":1,"featured_media":17394,"comment_status":"open","ping_status":"open","sticky":false,"template":"","format":"standard","meta":{"ngg_post_thumbnail":0},"categories":[221,26,5217,97,5388],"tags":[11567,62,459,78,242,80,9389,9392,9391,9390,106,938,11235,503],"_links":{"self":[{"href":"https:\/\/emlaktuel.com\/index.php?rest_route=\/wp\/v2\/posts\/17393"}],"collection":[{"href":"https:\/\/emlaktuel.com\/index.php?rest_route=\/wp\/v2\/posts"}],"about":[{"href":"https:\/\/emlaktuel.com\/index.php?rest_route=\/wp\/v2\/types\/post"}],"author":[{"embeddable":true,"href":"https:\/\/emlaktuel.com\/index.php?rest_route=\/wp\/v2\/users\/1"}],"replies":[{"embeddable":true,"href":"https:\/\/emlaktuel.com\/index.php?rest_route=%2Fwp%2Fv2%2Fcomments&post=17393"}],"version-history":[{"count":1,"href":"https:\/\/emlaktuel.com\/index.php?rest_route=\/wp\/v2\/posts\/17393\/revisions"}],"predecessor-version":[{"id":17395,"href":"https:\/\/emlaktuel.com\/index.php?rest_route=\/wp\/v2\/posts\/17393\/revisions\/17395"}],"wp:featuredmedia":[{"embeddable":true,"href":"https:\/\/emlaktuel.com\/index.php?rest_route=\/wp\/v2\/media\/17394"}],"wp:attachment":[{"href":"https:\/\/emlaktuel.com\/index.php?rest_route=%2Fwp%2Fv2%2Fmedia&parent=17393"}],"wp:term":[{"taxonomy":"category","embeddable":true,"href":"https:\/\/emlaktuel.com\/index.php?rest_route=%2Fwp%2Fv2%2Fcategories&post=17393"},{"taxonomy":"post_tag","embeddable":true,"href":"https:\/\/emlaktuel.com\/index.php?rest_route=%2Fwp%2Fv2%2Ftags&post=17393"}],"curies":[{"name":"wp","href":"https:\/\/api.w.org\/{rel}","templated":true}]}}