{"id":17332,"date":"2017-09-06T11:49:21","date_gmt":"2017-09-06T08:49:21","guid":{"rendered":"http:\/\/emlaktuel.com\/?p=17332"},"modified":"2018-07-05T17:10:15","modified_gmt":"2018-07-05T14:10:15","slug":"17332","status":"publish","type":"post","link":"https:\/\/emlaktuel.com\/?p=17332","title":{"rendered":"CNR Emlak Ankara yar\u0131n kap\u0131lar\u0131n\u0131 a\u00e7\u0131yor"},"content":{"rendered":"<figure id=\"attachment_17333\" aria-describedby=\"caption-attachment-17333\" style=\"width: 468px\" class=\"wp-caption aligncenter\"><img loading=\"lazy\" class=\"size-full wp-image-17333\" src=\"http:\/\/emlaktuel.com\/wp-content\/uploads\/2017\/09\/NDExMDU4Nj-cnr-emlak-ankara-fuari-kapilarini-yarin-aciyor.jpg\" alt=\"cnr emlak ankara emlaktuel\" width=\"468\" height=\"300\" \/><figcaption id=\"caption-attachment-17333\" class=\"wp-caption-text\">cnr emlak ankara emlaktuel<\/figcaption><\/figure>\n<p>Bu sene ilk defa Ankara&#8217;da yap\u0131lacak olan <a href=\"http:\/\/emlaktuel.com\/2017\/09\/06\/17332\/\">CNR Emlak \u0130stanbul<\/a>, \u00c7evre ve \u015eehircilik Bakanl\u0131\u011f\u0131&#8217;n\u0131n destekleriyle yar\u0131n a\u00e7\u0131l\u0131yor.<\/p>\n<p>T\u00fcrkiye&#8217;de ilk olarak gayrimenkul sekt\u00f6r\u00fcne y\u00f6nelik fuar \u00e7al\u0131\u015fmalar\u0131n\u0131 ba\u015fladan CNR Emlak \u0130stanbul, yar\u0131n Ankara&#8217;da ilk fuar\u0131n\u0131 \u00c7evre ve \u015eehircilik Bakanl\u0131\u011f\u0131n\u0131n deste\u011fi ile a\u00e7\u0131yor. T\u00fcrkiye&#8217;nin ekonomisinde lokomotif rol\u00fcn\u00fc s\u00fcstlenen ve bu g\u00f6revini devam ettirmeye kararl\u0131 olan emlak fayrimenk\u00fcl sekt\u00f6r\u00fcnden stratejik bir \u00f6neme sahip olan Gayrimenkul yat\u0131r\u0131mlar\u0131 ve Finansman\u0131 Fuar\u0131 <a href=\"http:\/\/emlaktuel.com\/2017\/09\/06\/17332\/\">CNR Emlak Ankara<\/a> 7-10 Eyl\u00fcl tarihleri aras\u0131nda ATO Congresium&#8217;da d\u00fczenlenecek <a href=\"http:\/\/emlaktuel.com\/2017\/09\/06\/17332\/\">CNR Holding<\/a> krulu\u015fu \u0130stanbul Fuarc\u0131l\u0131k A,\u015e taraf\u0131ndan d\u00fczenlenecek, Fuar Toplu Konut \u0130daresi taraf\u0131ndan da destekleniyor.<\/p>\n<p>Emlak d\u00fcnyas\u0131n\u0131n \u00f6nde gelen dev firmalar\u0131n\u0131n da b\u00fcy\u00fck projelerini tan\u0131taca\u011f\u0131, ulusal ve uluslararas\u0131 yat\u0131r\u0131mc\u0131lar\u0131n\u0131n ilgi oda\u011f\u0131 olacak fuar\u0131n a\u00e7\u0131l\u0131\u015f\u0131, \u00c7evre Ve \u015eehircilik Bakan Yard\u0131mc\u0131s\u0131 Mehmet Ceylan, T\u00fcrkiye T\u00fcm Emlak M\u00fc\u015favirleri Federasyonu Ba\u015fkan\u0131 Hac\u0131 Ali Taylan, <a href=\"http:\/\/emlaktuel.com\/2017\/09\/06\/17332\/\">CNR<\/a> Holding Genel Kordinat\u00f6r\u00fc Cem \u015eenel ve sekt\u00f6r temsilcilerinin kat\u0131l\u0131m\u0131 ila a\u00e7\u0131l\u0131\u015f\u0131 yap\u0131larak ger\u00e7ekle\u015ftirlecek.<\/p>\n","protected":false},"excerpt":{"rendered":"<p>Bu sene ilk defa Ankara&#8217;da yap\u0131lacak olan CNR Emlak \u0130stanbul, \u00c7evre ve \u015eehircilik Bakanl\u0131\u011f\u0131&#8217;n\u0131n destekleriyle yar\u0131n a\u00e7\u0131l\u0131yor. T\u00fcrkiye&#8217;de ilk olarak gayrimenkul sekt\u00f6r\u00fcne y\u00f6nelik fuar \u00e7al\u0131\u015fmalar\u0131n\u0131 ba\u015fladan CNR Emlak \u0130stanbul, yar\u0131n Ankara&#8217;da ilk fuar\u0131n\u0131 \u00c7evre ve \u015eehircilik Bakanl\u0131\u011f\u0131n\u0131n deste\u011fi ile a\u00e7\u0131yor. T\u00fcrkiye&#8217;nin ekonomisinde lokomotif rol\u00fcn\u00fc s\u00fcstlenen ve bu g\u00f6revini devam ettirmeye kararl\u0131 olan emlak fayrimenk\u00fcl sekt\u00f6r\u00fcnden [&hellip;]<\/p>\n","protected":false},"author":1,"featured_media":17333,"comment_status":"open","ping_status":"open","sticky":false,"template":"","format":"standard","meta":{"ngg_post_thumbnail":0},"categories":[221,26,5217,97,5388],"tags":[128,11642,4480,4885,9053,9361,9360,9359,62,1923,4721,11361,11178,11181],"_links":{"self":[{"href":"https:\/\/emlaktuel.com\/index.php?rest_route=\/wp\/v2\/posts\/17332"}],"collection":[{"href":"https:\/\/emlaktuel.com\/index.php?rest_route=\/wp\/v2\/posts"}],"about":[{"href":"https:\/\/emlaktuel.com\/index.php?rest_route=\/wp\/v2\/types\/post"}],"author":[{"embeddable":true,"href":"https:\/\/emlaktuel.com\/index.php?rest_route=\/wp\/v2\/users\/1"}],"replies":[{"embeddable":true,"href":"https:\/\/emlaktuel.com\/index.php?rest_route=%2Fwp%2Fv2%2Fcomments&post=17332"}],"version-history":[{"count":4,"href":"https:\/\/emlaktuel.com\/index.php?rest_route=\/wp\/v2\/posts\/17332\/revisions"}],"predecessor-version":[{"id":17341,"href":"https:\/\/emlaktuel.com\/index.php?rest_route=\/wp\/v2\/posts\/17332\/revisions\/17341"}],"wp:featuredmedia":[{"embeddable":true,"href":"https:\/\/emlaktuel.com\/index.php?rest_route=\/wp\/v2\/media\/17333"}],"wp:attachment":[{"href":"https:\/\/emlaktuel.com\/index.php?rest_route=%2Fwp%2Fv2%2Fmedia&parent=17332"}],"wp:term":[{"taxonomy":"category","embeddable":true,"href":"https:\/\/emlaktuel.com\/index.php?rest_route=%2Fwp%2Fv2%2Fcategories&post=17332"},{"taxonomy":"post_tag","embeddable":true,"href":"https:\/\/emlaktuel.com\/index.php?rest_route=%2Fwp%2Fv2%2Ftags&post=17332"}],"curies":[{"name":"wp","href":"https:\/\/api.w.org\/{rel}","templated":true}]}}