{"id":17260,"date":"2017-09-05T12:04:05","date_gmt":"2017-09-05T09:04:05","guid":{"rendered":"http:\/\/emlaktuel.com\/?p=17260"},"modified":"2018-07-05T17:09:26","modified_gmt":"2018-07-05T14:09:26","slug":"imsad-desteklerin-kesilmesi-soktoru-olumsuz-etkilileyebilir","status":"publish","type":"post","link":"https:\/\/emlaktuel.com\/?p=17260","title":{"rendered":"\u0130MSAD: Desteklerin kesilmesi s\u00f6kt\u00f6r\u00fc olumsuz etkilileyebilir"},"content":{"rendered":"<h4><\/h4>\n<figure id=\"attachment_17261\" aria-describedby=\"caption-attachment-17261\" style=\"width: 1672px\" class=\"wp-caption alignleft\"><img loading=\"lazy\" class=\"size-full wp-image-17261\" src=\"http:\/\/emlaktuel.com\/wp-content\/uploads\/2017\/09\/1504601111_imsad_logo_png.png\" alt=\"imsad emlaktuel\" width=\"1672\" height=\"628\" \/><figcaption id=\"caption-attachment-17261\" class=\"wp-caption-text\">imsad emlaktuel<\/figcaption><\/figure>\n<h4><strong>T\u00fcrkiye \u0130MSAD, yap\u0131 sekt\u00f6r\u00fc ve ekonomi \u00e7evreleri taraf\u0131ndan dikkatle izlenen ayl\u0131k sekt\u00f6r raporunu a\u00e7\u0131klad\u0131. \u2018A\u011fustos 2017 Sekt\u00f6r Raporu\u2019nda, 2016 y\u0131l\u0131nda ba\u015flayan ve in\u015faat sekt\u00f6r\u00fcne ivme kazand\u0131ran <\/strong><strong>KDV, har\u00e7larda indirim, d\u00fc\u015f\u00fck faizli konut kredisi gibi <\/strong><strong>desteklerin Eyl\u00fcl ay\u0131nda sona erece\u011fi ve bu desteklerin kesilmesinin sekt\u00f6r\u00fc olumsuz etkileyebilece\u011fi belirtildi. Desteklerin s\u00fcrmesi y\u00f6n\u00fcnde talep ve beklentilerin oldu\u011fu ifade edilen raporda, <\/strong><strong>sekt\u00f6rdeki i\u015f aktivitesi a\u00e7\u0131s\u0131ndan desteklerin belirleyici olaca\u011f\u0131 vurguland\u0131.<\/strong><\/h4>\n<h4><strong>T\u00fcrkiye \u0130n\u015faat Malzemesi Sanayicileri Derne\u011fi\u2019nin (T\u00fcrkiye \u0130MSAD),<\/strong> sekt\u00f6r\u00fcn en \u00f6nemli \u00e7at\u0131 kurulu\u015fu olarak haz\u0131rlad\u0131\u011f\u0131 \u2018<strong>A\u011fustos 2017 Sekt\u00f6r Raporu<\/strong>\u2019nda, 2016 y\u0131l\u0131 Temmuz ay\u0131nda ya\u015fanan olaylar sonras\u0131 \u00fc\u00e7\u00fcnc\u00fc \u00e7eyrekte ekonominin k\u00fc\u00e7\u00fclmesi \u00fczerine H\u00fck\u00fcmetin, ekonomide yeniden b\u00fcy\u00fcmeyi sa\u011flamak ad\u0131na \u00f6nemli destekler verdi\u011fi vurguland\u0131. \u0130n\u015faat ve konut sekt\u00f6r\u00fcn\u00fcn en \u00f6nce ve en \u00e7ok desteklenen sekt\u00f6rlerin ba\u015f\u0131nda geldi\u011finin belirtildi\u011fi raporda, \u015fu ifadelere yer verildi:<\/h4>\n<h3><strong>2016\u2019da ba\u015flayan destekler Eyl\u00fcl 2017\u2019de sona eriyor<\/strong><\/h3>\n<h4>\u201c2016 y\u0131l\u0131 Eyl\u00fcl ay\u0131ndan itibaren ba\u015flayan kampanyalara ek olarak KDV indirimleri, konut kredi faizlerinin y\u00fczde <strong>1<\/strong>\u2019e \u00e7ekilmesi, har\u00e7lardaki indirimler, sekt\u00f6rde ya\u015fanan olumsuz etkilerin azalmas\u0131n\u0131 ve sekt\u00f6r\u00fcn yeniden canlanmas\u0131n\u0131 sa\u011flad\u0131\u201d denilen raporda, 8 Eyl\u00fcl 2016\u2019da ba\u015flayan ve 30 Eyl\u00fcl 2017\u2019de sona erecek KDV indirimi uygulamas\u0131n\u0131n, konut sekt\u00f6r\u00fcndeki stoklar\u0131n \u00f6nemli \u00f6l\u00e7\u00fcde erimesinde etkili oldu\u011fu belirtildi. Tapu har\u00e7lar\u0131ndaki indirimlerin de gayrimenkul sekt\u00f6r\u00fcnde canl\u0131l\u0131k sa\u011flad\u0131\u011f\u0131, t\u00fcketicilerin sat\u0131n almalar\u0131nda, KDV indirimi ile birlikte fiyatlarda y\u00fczde <strong>9-10<\/strong> aras\u0131nda gerileme yaratt\u0131\u011f\u0131 ifade edildi. Ayn\u0131 d\u00f6nemde sekt\u00f6r taraf\u0131ndan uygulanan fiyat indirimi ve \u00f6deme kolayl\u0131klar\u0131n\u0131 kapsayan kampanyalar\u0131n etkisinin ise art\u0131k en aza indi\u011fi s\u00f6ylendi.<\/h4>\n<h3>\n<strong>Desteklerin s\u00fcrmesi konusunda beklenti var<\/strong><\/h3>\n<h4>Desteklerin s\u00fcrmesinin sekt\u00f6re sa\u011flayaca\u011f\u0131 katk\u0131lara de\u011finilen raporda \u015fu ifadelere yer verildi \u201cKonut kredilerinde d\u00fc\u015f\u00fck kredi faizleri de giderek azald\u0131. Bu nedenle H\u00fck\u00fcmetin desteklerinin s\u00fcrmesi sekt\u00f6rdeki i\u015f aktivitesi a\u00e7\u0131s\u0131ndan \u00f6nemli \u00f6l\u00e7\u00fcde belirleyici olacakt\u0131r. Bu \u00e7er\u00e7evede KDV ve har\u00e7lardaki indirimlerin s\u00fcrmesi, ilave olarak ofisler ve perakende binalar\u0131 gibi ticari alanlarda uygulanan KDV oran\u0131n\u0131n da y\u00fczde <strong>8<\/strong>\u2019e indirilmesi ve in\u015faatlardaki arsalar \u00fczerinde yer alan y\u00fczde <strong>18<\/strong> KDV\u2019nin de y\u00fczde <strong>1<\/strong>\u2019e indirilmesi gibi sekt\u00f6r talepleri bulunuyor. H\u00fck\u00fcmetin, desteklerin s\u00fcrmesi ve yeni desteklerle ile ilgili karar\u0131n\u0131 Eyl\u00fcl ay\u0131 i\u00e7inde a\u00e7\u0131klamas\u0131 bekleniyor.\u201d<\/h4>\n<h3><strong>Y\u0131l\u0131n ilk yar\u0131s\u0131nda yap\u0131 ruhsat\u0131 verilen yap\u0131lar\u0131n y\u00fcz\u00f6l\u00e7\u00fcm\u00fc y\u00fczde 16,3 artt\u0131<\/strong><\/h3>\n<h4>Yap\u0131 ruhsat\u0131 verilen yap\u0131lar\u0131n y\u00fcz\u00f6l\u00e7\u00fcm\u00fcndeki art\u0131\u015fa de\u011finilen raporda \u015fu say\u0131sal bilgiler yer ald\u0131 \u201cBelediyeler taraf\u0131ndan verilen yap\u0131 ruhsatlar\u0131nda 2017 y\u0131l\u0131n\u0131n ilk <strong>6<\/strong> ay\u0131nda bir \u00f6nceki y\u0131la g\u00f6re, bina say\u0131s\u0131 y\u00fczde <strong>7,6<\/strong>, y\u00fcz\u00f6l\u00e7\u00fcm\u00fc y\u00fczde <strong>16,3<\/strong>, de\u011feri y\u00fczde <strong>35,3<\/strong>, daire say\u0131s\u0131 y\u00fczde <strong>21,6<\/strong> oran\u0131nda artt\u0131. Y\u0131l\u0131n ikinci \u00e7eyre\u011finde al\u0131nan yap\u0131 ruhsatlar\u0131nda \u00f6nemli bir art\u0131\u015f ya\u015fand\u0131. Yap\u0131 ruhsat\u0131 verilen binalar\u0131n 2017 y\u0131l\u0131 Ocak-Haziran aylar\u0131 toplam\u0131nda; yap\u0131lar\u0131n toplam y\u00fcz\u00f6l\u00e7\u00fcm\u00fc <strong>123,8<\/strong> milyon metrekare olurken, bunun <strong>69,9<\/strong> milyon metrekaresi konut, <strong>26,9<\/strong> milyon metrekaresi konut d\u0131\u015f\u0131 ve <strong>26,9<\/strong> milyon metrekaresi ise ortak kullan\u0131m alan\u0131 olarak ger\u00e7ekle\u015fti.\u201d<\/h4>\n<h3><strong>Y\u0131l\u0131n ilk yar\u0131s\u0131nda yap\u0131 kullanma izin belgesi verilen yap\u0131lar\u0131n y\u00fcz\u00f6l\u00e7\u00fcm\u00fc y\u00fczde 8,7 artt\u0131<\/strong><\/h3>\n<h4>\u201cBelediyeler taraf\u0131ndan verilen yap\u0131 kullanma izin belgelerinin 2017 y\u0131l\u0131n\u0131n ilk <strong>6<\/strong> ay\u0131nda bir \u00f6nceki y\u0131la g\u00f6re; bina say\u0131s\u0131 y\u00fczde <strong>1,9<\/strong>, y\u00fcz\u00f6l\u00e7\u00fcm\u00fc y\u00fczde <strong>8,7<\/strong>, de\u011fer y\u00fczde <strong>27,2<\/strong>, daire say\u0131s\u0131 y\u00fczde <strong>9,0<\/strong> oran\u0131nda artt\u0131\u201d denilen rapor \u015f\u00f6yle devam etti \u201cYap\u0131 kullanma izin belgesi verilen binalar\u0131n 2017 y\u0131l\u0131 Ocak-Haziran aylar\u0131 toplam\u0131nda; yap\u0131lar\u0131n toplam y\u00fcz\u00f6l\u00e7\u00fcm\u00fc <strong>76,1<\/strong> milyon metrekare iken; bunun <strong>44,1<\/strong> milyon metrekaresi konut, <strong>16,8<\/strong> milyon metrekaresi konut d\u0131\u015f\u0131 ve <strong>15,1<\/strong> milyon metrekaresi ise ortak kullan\u0131m alan\u0131 olarak ger\u00e7ekle\u015fti.\u201d<\/h4>\n<h3><strong>\u0130n\u015faat sekt\u00f6r\u00fc istihdam verileri ge\u00e7en y\u0131l\u0131n \u00fczerinde<\/strong><\/h3>\n<h4>\u0130n\u015faat sekt\u00f6r\u00fc istihdam\u0131n\u0131n mevsimsellik ile birlikte may\u0131s-eyl\u00fcl aylar\u0131nda en y\u00fcksek seviyelerine \u00e7\u0131kt\u0131\u011f\u0131na dikkat \u00e7ekilen raporda \u015fu bilgiler yer ald\u0131 \u201c2017 y\u0131l\u0131 May\u0131s ay\u0131 itibariyle in\u015faat sekt\u00f6r\u00fcnde istihdam <strong>2 milyon 146 bin<\/strong> ki\u015fi ile yine en y\u00fcksek seviyelerinden birine \u00e7\u0131kt\u0131 ve ge\u00e7en y\u0131l\u0131n may\u0131s ay\u0131 istihdam\u0131n\u0131n \u00fczerinde ger\u00e7ekle\u015fti. \u0130n\u015faat sekt\u00f6r\u00fcnde may\u0131s ay\u0131ndaki istihdam seviyesi in\u015faat faaliyetlerinin de y\u00fcksek ger\u00e7ekle\u015fmi\u015f oldu\u011funu g\u00f6steriyor. Ayr\u0131ca in\u015faat sekt\u00f6r\u00fcnde, istihdam\u0131n te\u015fviklerden \u00e7ok etkilenmedi\u011fi ve kendi dinamikleri ile hareket etti\u011fi g\u00f6r\u00fcl\u00fcyor.\u201d<\/h4>\n<h3>\n<strong>Mevcut in\u015faat i\u015fleri seviyesi a\u011fustosta 1,2 puan y\u00fckseldi<\/strong><\/h3>\n<h4>Raporda, mevcut in\u015faat i\u015fleri endeksinin mart-nisan-may\u0131s aylar\u0131nda \u00e7ok \u00f6nemli bir s\u0131\u00e7rama g\u00f6sterdi\u011fi ancak haziran ve temmuz aylar\u0131nda dura\u011fanla\u015ft\u0131\u011f\u0131 vurguland\u0131 ve a\u011fustos ay\u0131nda ise mevcut in\u015faat faaliyetleri seviyesinin tekrar y\u00fckselme g\u00f6sterdi\u011fi belirtildi. B\u00f6ylece mevcut i\u015fler seviyesinin son 4 y\u0131l\u0131n en y\u00fcksek seviyelerinde ger\u00e7ekle\u015fmeye devam etti\u011finin alt\u0131 \u00e7izilerek mevsimsellik ile y\u00fcksek i\u015f seviyesinin bir s\u00fcre daha devam edece\u011fi \u00f6ng\u00f6r\u00fcld\u00fc.<\/h4>\n<h3>\n<strong>Yeni al\u0131nan in\u015faat i\u015fleri seviyesi moral veriyor<\/strong><\/h3>\n<h4>\u0130lk \u00e7eyrekte mart ay\u0131nda s\u0131\u00e7rama ya\u015fanan yeni i\u015f sipari\u015flerinin, ikinci \u00e7eyrekte olduk\u00e7a dura\u011fan bir seyir izledi\u011fi bilgisinin yer verildi\u011fi raporda temmuz ay\u0131nda ise bu kez yeni al\u0131nan i\u015flerde s\u0131n\u0131rl\u0131 bir gerileme ya\u015fand\u0131\u011f\u0131 belirtildi ve \u201cA\u011fustos ay\u0131nda ise al\u0131nan yeni i\u015f sipari\u015flerinde yeniden bir art\u0131\u015f ya\u015fand\u0131. Bu art\u0131\u015f ile birlikte yeni al\u0131nan i\u015flerde ula\u015f\u0131lan y\u00fcksek seviyenin sekt\u00f6re moral verdi\u011fi g\u00f6zlemleniyor. Sonu\u00e7 olarak, al\u0131nan yeni i\u015f sipari\u015fleri seviyesi son 4 y\u0131l\u0131n en y\u00fcksek ikinci seviyesine ula\u015ft\u0131\u201d denildi.<\/h4>\n<h3><strong>Konut sat\u0131\u015flar\u0131nda temmuzda y\u00fczde 42,4 ile s\u0131\u00e7rama ya\u015fand\u0131<\/strong><\/h3>\n<h4>Konut sat\u0131\u015flar\u0131nda temmuz ay\u0131nda, y\u0131l\u0131n en y\u00fcksek ayl\u0131k art\u0131\u015f\u0131 ger\u00e7ekle\u015fti\u011fine dikkat \u00e7ekilen rapor \u015f\u00f6yle devam etti \u201cGe\u00e7en y\u0131l\u0131n ayn\u0131 ay\u0131na g\u00f6re konut sat\u0131\u015flar\u0131, y\u00fczde <strong>42,4<\/strong> art\u0131\u015fla <strong>115 bin 869<\/strong> adet olarak ger\u00e7ekle\u015fti. Bu art\u0131\u015fta iki \u00f6nemli unsur bulunuyor. Bunlardan biri ge\u00e7en y\u0131l temmuz ay\u0131nda ya\u015fanan darbe giri\u015fimi sonucu ortaya \u00e7\u0131kan baz etkisi, ikincisi ise ge\u00e7en y\u0131l temmuz ay\u0131nda kutlanan Ramazan Bayram\u0131\u2019n\u0131n haziran ay\u0131na kaym\u0131\u015f olmas\u0131. Bununla birlikte temmuzda ula\u015f\u0131lan sat\u0131\u015f verisi konut al\u0131m talebinin halen y\u00fcksek oldu\u011funu g\u00f6steriyor. Temmuz ay\u0131ndaki s\u0131\u00e7rama ile birlikte y\u0131l\u0131n ilk <strong>7<\/strong> ay\u0131nda konut sat\u0131\u015flar\u0131 ge\u00e7en y\u0131la g\u00f6re y\u00fczde <strong>8,2<\/strong> artarak <strong>770 bin 232 <\/strong>adede ula\u015ft\u0131.\u201d<\/h4>\n<h3><strong><br \/>\n<\/strong><strong>Yeni konut sat\u0131\u015flar\u0131 b\u00fcy\u00fck illerin d\u0131\u015f\u0131nda da hareketli ger\u00e7ekle\u015fiyor<\/strong><\/h3>\n<h4>Yeni konut sat\u0131\u015flar\u0131ndaki b\u00f6lgesel geli\u015fmelerin, yeni in\u015faat projeleri ve in\u015faat malzemesi talebinin de nereden kaynaklanmakta oldu\u011funu yans\u0131tt\u0131\u011f\u0131n\u0131n ifade edildi\u011fi raporda \u201cBu \u00e7er\u00e7evede y\u00fcksek yeni (ilk el) konut sat\u0131\u015f\u0131 ger\u00e7ekle\u015ftirilen <strong>15<\/strong> il i\u00e7inde \u0130stanbul\u2019daki sat\u0131\u015f art\u0131\u015f\u0131ndaki dura\u011fanla\u015fma dikkat \u00e7ekicidir. Ankara ve \u0130zmir\u2019deki art\u0131\u015flar \u0130stanbul\u2019daki art\u0131\u015f\u0131n \u00fczerindedir. \u0130lk <strong>7<\/strong> ayda yeni konut sat\u0131\u015f\u0131 en \u00e7ok artan ilk <strong>3 <\/strong>il s\u0131ras\u0131 ile <strong>Bursa, Kocaeli <\/strong>ve<strong> Adana<\/strong> oldu. \u0130lk el konut sat\u0131\u015flar\u0131 y\u0131l\u0131n ilk <strong>7<\/strong> ay\u0131nda sadece <strong>Antalya<\/strong> ve <strong>Kayseri<\/strong>\u2019de gerilemi\u015ftir\u201d denildi.<\/h4>\n<h3><strong>\u0130n\u015faat ve gayrimenkul sekt\u00f6rlerinin yurti\u00e7i kredilerinde h\u0131zl\u0131 b\u00fcy\u00fcme s\u00fcr\u00fcyor<\/strong><\/h3>\n<h4>\u0130n\u015faat sekt\u00f6r\u00fcn\u00fcn kulland\u0131\u011f\u0131 yurti\u00e7i kredilerin haziran ay\u0131 sonu itibar\u0131yla <strong>6<\/strong> ayl\u0131k y\u00fczde <strong>14,2<\/strong>, y\u0131ll\u0131k (ge\u00e7en y\u0131l\u0131n ikinci \u00e7eyrek sonuna g\u00f6re) y\u00fczde <strong>18,5<\/strong> artt\u0131\u011f\u0131 bilgisi raporda payla\u015f\u0131ld\u0131. Gayrimenkul sekt\u00f6r\u00fcnde ise yurti\u00e7i kredilerin haziran ay\u0131 sonu itibar\u0131yla <strong>6 <\/strong>ayl\u0131k y\u00fczde <strong>18,8<\/strong>, y\u0131ll\u0131k (ge\u00e7en y\u0131l\u0131n ikinci \u00e7eyrek sonuna g\u00f6re) y\u00fczde <strong>22,2<\/strong> artt\u0131\u011f\u0131 belirtildi ve raporda ayr\u0131ca \u015fu bilgiler yer ald\u0131 \u201cHer iki sekt\u00f6r\u00fcn de y\u0131l\u0131n ilk yar\u0131s\u0131nda \u00f6nemli \u00f6l\u00e7\u00fcde kredi kulland\u0131klar\u0131 g\u00f6r\u00fcl\u00fcyor. Kredi hacmindeki bu h\u0131zl\u0131 geni\u015flemenin bir b\u00f6l\u00fcm\u00fcn\u00fcn yeni i\u015fler i\u00e7in, bir b\u00f6l\u00fcm\u00fcn\u00fcn ise i\u015fletme sermayesi eksi\u011fini kapatmak i\u00e7in oldu\u011fu \u00f6ng\u00f6r\u00fcl\u00fcyor. Yurtd\u0131\u015f\u0131ndan kredi kullan\u0131m\u0131nda ise in\u015faat sekt\u00f6r\u00fcn\u00fcn kredilerinde ilk <strong>6<\/strong> ayda y\u00fczde <strong>10,3<\/strong> art\u0131\u015f, gayrimenkul sekt\u00f6r\u00fcn\u00fcn kredilerinde yine ilk <strong>6<\/strong> ayda y\u00fczde <strong>9,3<\/strong> azalma ya\u015fand\u0131.\u201d<\/h4>\n","protected":false},"excerpt":{"rendered":"<p>T\u00fcrkiye \u0130MSAD, yap\u0131 sekt\u00f6r\u00fc ve ekonomi \u00e7evreleri taraf\u0131ndan dikkatle izlenen ayl\u0131k sekt\u00f6r raporunu a\u00e7\u0131klad\u0131. \u2018A\u011fustos 2017 Sekt\u00f6r Raporu\u2019nda, 2016 y\u0131l\u0131nda ba\u015flayan ve in\u015faat sekt\u00f6r\u00fcne ivme kazand\u0131ran KDV, har\u00e7larda indirim, d\u00fc\u015f\u00fck faizli konut kredisi gibi desteklerin Eyl\u00fcl ay\u0131nda sona erece\u011fi ve bu desteklerin kesilmesinin sekt\u00f6r\u00fc olumsuz etkileyebilece\u011fi belirtildi. Desteklerin s\u00fcrmesi y\u00f6n\u00fcnde talep ve beklentilerin oldu\u011fu ifade [&hellip;]<\/p>\n","protected":false},"author":1,"featured_media":17261,"comment_status":"open","ping_status":"open","sticky":false,"template":"","format":"standard","meta":{"ngg_post_thumbnail":0},"categories":[221,26,5217,97,5388],"tags":[11189,8735,9313,9312,67,1258,11356,80,11335,11022,11098],"_links":{"self":[{"href":"https:\/\/emlaktuel.com\/index.php?rest_route=\/wp\/v2\/posts\/17260"}],"collection":[{"href":"https:\/\/emlaktuel.com\/index.php?rest_route=\/wp\/v2\/posts"}],"about":[{"href":"https:\/\/emlaktuel.com\/index.php?rest_route=\/wp\/v2\/types\/post"}],"author":[{"embeddable":true,"href":"https:\/\/emlaktuel.com\/index.php?rest_route=\/wp\/v2\/users\/1"}],"replies":[{"embeddable":true,"href":"https:\/\/emlaktuel.com\/index.php?rest_route=%2Fwp%2Fv2%2Fcomments&post=17260"}],"version-history":[{"count":1,"href":"https:\/\/emlaktuel.com\/index.php?rest_route=\/wp\/v2\/posts\/17260\/revisions"}],"predecessor-version":[{"id":17262,"href":"https:\/\/emlaktuel.com\/index.php?rest_route=\/wp\/v2\/posts\/17260\/revisions\/17262"}],"wp:featuredmedia":[{"embeddable":true,"href":"https:\/\/emlaktuel.com\/index.php?rest_route=\/wp\/v2\/media\/17261"}],"wp:attachment":[{"href":"https:\/\/emlaktuel.com\/index.php?rest_route=%2Fwp%2Fv2%2Fmedia&parent=17260"}],"wp:term":[{"taxonomy":"category","embeddable":true,"href":"https:\/\/emlaktuel.com\/index.php?rest_route=%2Fwp%2Fv2%2Fcategories&post=17260"},{"taxonomy":"post_tag","embeddable":true,"href":"https:\/\/emlaktuel.com\/index.php?rest_route=%2Fwp%2Fv2%2Ftags&post=17260"}],"curies":[{"name":"wp","href":"https:\/\/api.w.org\/{rel}","templated":true}]}}