{"id":17077,"date":"2017-08-25T18:17:26","date_gmt":"2017-08-25T15:17:26","guid":{"rendered":"http:\/\/emlaktuel.com\/?p=17077"},"modified":"2018-07-05T17:07:19","modified_gmt":"2018-07-05T14:07:19","slug":"polatyol-dunya-devleri-arasina-girdi","status":"publish","type":"post","link":"https:\/\/emlaktuel.com\/?p=17077","title":{"rendered":"Polatyol d\u00fcnya devleri aras\u0131na girdi"},"content":{"rendered":"<p><img loading=\"lazy\" class=\"size-full wp-image-17079 aligncenter\" src=\"http:\/\/emlaktuel.com\/wp-content\/uploads\/2017\/08\/polatyol.jpg\" alt=\"\" width=\"2300\" height=\"1100\" \/><\/p>\n<p>Polatyol d\u00fcnya devleri aras\u0131na girdi<\/p>\n<p><strong>Polatyol, ENR taraf\u0131ndan haz\u0131rlanan \u2018D\u00fcnyan\u0131n En B\u00fcy\u00fck 250 Uluslararas\u0131 M\u00fcteahhidi\u2019 listesine girdi. Polatyol Y\u00f6netim Kurulu \u00dcyesi Celaleddin Polat, \u201cT\u00fcrkiye\u2019yi d\u00fcnya ikincili\u011fine ta\u015f\u0131yan \u015firketlerden biri olmaktan b\u00fcy\u00fck gurur duyuyoruz\u201d dedi.<\/strong><\/p>\n<p>T\u00fcrkiye ekonomisinin g\u00fc\u00e7l\u00fc gruplar\u0131ndan Polatyol, ENR\u2019\u0131n (Engineering News Record) \u201cD\u00fcnyan\u0131n en B\u00fcy\u00fck 250 Uluslararas\u0131 M\u00fcteahhidi\u201d listesine girdi. Polatyol, 2016 y\u0131l\u0131nda m\u00fcteahhitlerin \u00fclkeleri d\u0131\u015f\u0131ndaki faaliyetlerinden elde ettikleri geliri esas alarak haz\u0131rlanan, ENR listesinde d\u00fcnyan\u0131n en b\u00fcy\u00fck 239\u2019uncu firmas\u0131 oldu.<\/p>\n<p>Polatyol Y\u00f6netim Kurulu \u00dcyesi Celaleddin Polat, T\u00fcrkiye\u2019nin 10 y\u0131ld\u0131r d\u00fcnyan\u0131n en b\u00fcy\u00fck m\u00fcteahhitleri listesinde ikinci s\u0131rada oldu\u011funu hat\u0131rlatarak, \u201cPolatyol olarak bu b\u00fcy\u00fck ba\u015far\u0131ya katk\u0131 sa\u011flamaktan b\u00fcy\u00fck gurur duyuyoruz\u201d dedi. Polat, \u201cBug\u00fcn T\u00fcrkiye\u2019nin her zamankinden daha h\u0131zl\u0131 ko\u015fmaya, daha fazla \u00fcretmeye ihtiyac\u0131 oldu\u011funun bilincindeyiz. T\u00fcrkiye ekonomisindeki istikrar\u0131n devam\u0131 i\u00e7in bundan sonra da \u00e7ok daha g\u00fc\u00e7l\u00fc bir \u015fekilde \u00e7al\u0131\u015fmaya, \u00fcretmeye devam edece\u011fiz.Bu vizyonla, yurtd\u0131\u015f\u0131ndaki faaliyetlerimizi \u00e7ok daha cesur ad\u0131mlarla, daha ileri seviyelere ta\u015f\u0131maya kararl\u0131y\u0131z\u201d diye konu\u015ftu.<\/p>\n<p><strong>9 \u00fclkede faaliyet g\u00f6steriyor<\/strong><\/p>\n<p>\u0130lk faaliyetleri Cumhuriyet\u2019in ilk y\u0131llar\u0131na uzanan Polatyol, T\u00fcrkiye\u2019nin yan\u0131 s\u0131ra Azerbaycan, Suudi Arabistan, Umman, Fas, Irak, Libya, G\u00fcrcistan, Katar gibi toplam 9 \u00fclkede karayolu, baraj, i\u00e7me suyu, k\u00f6pr\u00fc ve demiryolu in\u015faatlar\u0131 yapt\u0131. Karadeniz Sahil Yolu, Okmeydan\u0131 Kav\u015fa\u011f\u0131 gibi prestij projeleri hayata ge\u00e7irdi. 2007 y\u0131l\u0131nda enerji sekt\u00f6r\u00fcnde faaliyet g\u00f6steren Polatyol, \u00e7ok say\u0131da JES, HES ve RES projelerine imza att\u0131. Polatyol, 2014 y\u0131l\u0131nda sat\u0131n ald\u0131\u011f\u0131 Avrupa\u2019n\u0131n en geni\u015f alana yay\u0131lan gayrimenkul projesi Eston \u015eehir projesiyle gayrimenkule de iddial\u0131 bir giri\u015f yapt\u0131.<\/p>\n","protected":false},"excerpt":{"rendered":"<p>Polatyol d\u00fcnya devleri aras\u0131na girdi Polatyol, ENR taraf\u0131ndan haz\u0131rlanan \u2018D\u00fcnyan\u0131n En B\u00fcy\u00fck 250 Uluslararas\u0131 M\u00fcteahhidi\u2019 listesine girdi. Polatyol Y\u00f6netim Kurulu \u00dcyesi Celaleddin Polat, \u201cT\u00fcrkiye\u2019yi d\u00fcnya ikincili\u011fine ta\u015f\u0131yan \u015firketlerden biri olmaktan b\u00fcy\u00fck gurur duyuyoruz\u201d dedi. T\u00fcrkiye ekonomisinin g\u00fc\u00e7l\u00fc gruplar\u0131ndan Polatyol, ENR\u2019\u0131n (Engineering News Record) \u201cD\u00fcnyan\u0131n en B\u00fcy\u00fck 250 Uluslararas\u0131 M\u00fcteahhidi\u201d listesine girdi. Polatyol, 2016 y\u0131l\u0131nda m\u00fcteahhitlerin [&hellip;]<\/p>\n","protected":false},"author":1,"featured_media":17079,"comment_status":"open","ping_status":"open","sticky":false,"template":"","format":"standard","meta":{"ngg_post_thumbnail":0},"categories":[221,5217,97,5388],"tags":[5074,258,5740,493,9240,9241,6641,316],"_links":{"self":[{"href":"https:\/\/emlaktuel.com\/index.php?rest_route=\/wp\/v2\/posts\/17077"}],"collection":[{"href":"https:\/\/emlaktuel.com\/index.php?rest_route=\/wp\/v2\/posts"}],"about":[{"href":"https:\/\/emlaktuel.com\/index.php?rest_route=\/wp\/v2\/types\/post"}],"author":[{"embeddable":true,"href":"https:\/\/emlaktuel.com\/index.php?rest_route=\/wp\/v2\/users\/1"}],"replies":[{"embeddable":true,"href":"https:\/\/emlaktuel.com\/index.php?rest_route=%2Fwp%2Fv2%2Fcomments&post=17077"}],"version-history":[{"count":1,"href":"https:\/\/emlaktuel.com\/index.php?rest_route=\/wp\/v2\/posts\/17077\/revisions"}],"predecessor-version":[{"id":17080,"href":"https:\/\/emlaktuel.com\/index.php?rest_route=\/wp\/v2\/posts\/17077\/revisions\/17080"}],"wp:featuredmedia":[{"embeddable":true,"href":"https:\/\/emlaktuel.com\/index.php?rest_route=\/wp\/v2\/media\/17079"}],"wp:attachment":[{"href":"https:\/\/emlaktuel.com\/index.php?rest_route=%2Fwp%2Fv2%2Fmedia&parent=17077"}],"wp:term":[{"taxonomy":"category","embeddable":true,"href":"https:\/\/emlaktuel.com\/index.php?rest_route=%2Fwp%2Fv2%2Fcategories&post=17077"},{"taxonomy":"post_tag","embeddable":true,"href":"https:\/\/emlaktuel.com\/index.php?rest_route=%2Fwp%2Fv2%2Ftags&post=17077"}],"curies":[{"name":"wp","href":"https:\/\/api.w.org\/{rel}","templated":true}]}}