{"id":17056,"date":"2017-08-25T17:49:51","date_gmt":"2017-08-25T14:49:51","guid":{"rendered":"http:\/\/emlaktuel.com\/?p=17056"},"modified":"2018-07-05T17:07:08","modified_gmt":"2018-07-05T14:07:08","slug":"bitez-yalilari-yalikavak-marina-tanitim-standinda-ziyaretcilerini-bekliyor","status":"publish","type":"post","link":"https:\/\/emlaktuel.com\/?p=17056","title":{"rendered":"Bitez Yal\u0131lar\u0131, Yal\u0131kavak Marina tan\u0131t\u0131m stand\u0131nda ziyaret\u00e7ilerini bekliyor"},"content":{"rendered":"<h4><img loading=\"lazy\" class=\"alignleft size-full wp-image-17057\" src=\"http:\/\/emlaktuel.com\/wp-content\/uploads\/2017\/08\/1503662487_1480505537_Bitez_Yal__lar__.jpg\" alt=\"\" width=\"1500\" height=\"841\" \/><\/h4>\n<h4><i>FB Gayrimenkul Yat\u0131r\u0131mlar\u0131 taraf\u0131ndan Bodrum\u2019a kazand\u0131r\u0131lan se\u00e7kin ya\u015fam konsepti Bitez Yal\u0131lar\u0131 Exquisite projesi, 25 A\u011fustos-10 Eyl\u00fcl tarihleri aras\u0131nda Yal\u0131kavak Marina tan\u0131t\u0131m stand\u0131nda ziyaret\u00e7ilerini bekliyor. Tasar\u0131m\u0131ndan \u00fcretimine Rolls Royce\u2019un her a\u015famas\u0131ndan esinlenerek \u015fekillenen Bitez Yal\u0131lar\u0131\u2019n\u0131n sergilenece\u011fi stantta, Rolls Royce\u2019un en son tasar\u0131m\u0131 Dawn model arabas\u0131 da sergilenecek.<\/i><\/h4>\n<h4>Bitez Yal\u0131lar\u0131, Bitez\u2019in bug\u00fcne kadar korunmu\u015f ve hi\u00e7 bozulmam\u0131\u015f turkuaz denizine sadece 10 metre uzakl\u0131kta, mandalina ve nar a\u011fa\u00e7lar\u0131n\u0131n kokular\u0131n\u0131n birbirine kar\u0131\u015ft\u0131\u011f\u0131 muhte\u015fem bir konumda yer al\u0131yor.<\/h4>\n<h4>Exquisite ya\u015fam tarz\u0131, Bitez\u2019in e\u015fsiz do\u011fas\u0131n\u0131 beklentilerin \u00e7ok \u00fczerinde bir ya\u015fam standard\u0131nda ya\u015famaya davet ediyor. FBGY\u2019nin Exquisite imzal\u0131 t\u00fcm projelerinin vazge\u00e7ilmezi olan ultra l\u00fcks konfor standartlar\u0131 ile se\u00e7kin ya\u015fam\u0131n t\u00fcm detaylar\u0131, Bodrum Bitez\u2019de yeniden tan\u0131mlan\u0131yor.<\/h4>\n<h4>\u00d6zg\u00fcn mimari tasar\u0131m, mimari dan\u0131\u015fmanl\u0131k, ak\u0131ll\u0131 ev sistemleri, 7\/24 g\u00fcvenlik, housekeeping, laundry, bah\u00e7e bak\u0131m\u0131 ve teknik hizmetler, havaliman\u0131 transfer hizmeti, profesyonel bal\u0131k\u00e7\u0131 teknesi, surf park\u0131 ve di\u011fer su sporlar\u0131n\u0131n yan\u0131 s\u0131ra; \u00f6zel otopark, Akdeniz ve Ege mutfaklar\u0131yla donat\u0131lm\u0131\u015f gurme deniz mahsulleri restoran\u0131, \u00f6zel iskelesi, kum plaj\u0131 ve yat\u0131 olan yal\u0131 sahipleri i\u00e7in Bitez Marina\u2019da \u00f6zel ponton gibi ayr\u0131cal\u0131klar, Bitez Yal\u0131lar\u0131\u2019nda ya\u015fam\u0131 Exquisite yapan standartlar olarak \u00f6ne \u00e7\u0131k\u0131yor. Tamam\u0131 deniz manzaral\u0131 Bitez Yal\u0131lar\u0131\u2019n\u0131n her birinde m\u00fcstakil olarak ya\u015fam teras\u0131, yemek yeme teras\u0131, g\u00fcne\u015flenme teraslar\u0131, \u015f\u00f6mineli pool lounge ve balkon teras\u0131 bulunuyor.<\/h4>\n<h4>Denize s\u0131f\u0131r 10.000 m2\u2019lik proje alan\u0131nda devam eden ve Exquisite\u00ae imzas\u0131 ta\u015f\u0131yan Bitez Yal\u0131lar\u0131 projesi 17 ultra-l\u00fcks yal\u0131dan olu\u015fuyor. \u015eu ana kadar %65 tamamlanm\u0131\u015f olan Bitez Yal\u0131lar\u0131 Exquisite projesi 2018 y\u0131l\u0131 ilk \u00e7eyre\u011finde tamamlanarak sahiplerine teslim edilecek.<\/h4>\n<p><img loading=\"lazy\" class=\"size-full wp-image-17058 aligncenter\" src=\"http:\/\/emlaktuel.com\/wp-content\/uploads\/2017\/08\/1503662486_1480505536_Bitez_Yal__lar____2_.jpg\" alt=\"\" width=\"1500\" height=\"852\" \/> <img loading=\"lazy\" class=\"size-full wp-image-17059 aligncenter\" src=\"http:\/\/emlaktuel.com\/wp-content\/uploads\/2017\/08\/1503662483_1480505536_Bitez_Yal__lar____8_.jpg\" alt=\"\" width=\"1500\" height=\"840\" \/><\/p>\n","protected":false},"excerpt":{"rendered":"<p>FB Gayrimenkul Yat\u0131r\u0131mlar\u0131 taraf\u0131ndan Bodrum\u2019a kazand\u0131r\u0131lan se\u00e7kin ya\u015fam konsepti Bitez Yal\u0131lar\u0131 Exquisite projesi, 25 A\u011fustos-10 Eyl\u00fcl tarihleri aras\u0131nda Yal\u0131kavak Marina tan\u0131t\u0131m stand\u0131nda ziyaret\u00e7ilerini bekliyor. Tasar\u0131m\u0131ndan \u00fcretimine Rolls Royce\u2019un her a\u015famas\u0131ndan esinlenerek \u015fekillenen Bitez Yal\u0131lar\u0131\u2019n\u0131n sergilenece\u011fi stantta, Rolls Royce\u2019un en son tasar\u0131m\u0131 Dawn model arabas\u0131 da sergilenecek. Bitez Yal\u0131lar\u0131, Bitez\u2019in bug\u00fcne kadar korunmu\u015f ve hi\u00e7 bozulmam\u0131\u015f [&hellip;]<\/p>\n","protected":false},"author":1,"featured_media":0,"comment_status":"open","ping_status":"open","sticky":false,"template":"","format":"standard","meta":{"ngg_post_thumbnail":0},"categories":[221,5217,97,5388],"tags":[11083,4721,11152,11521,11198,11235,11164,3497],"_links":{"self":[{"href":"https:\/\/emlaktuel.com\/index.php?rest_route=\/wp\/v2\/posts\/17056"}],"collection":[{"href":"https:\/\/emlaktuel.com\/index.php?rest_route=\/wp\/v2\/posts"}],"about":[{"href":"https:\/\/emlaktuel.com\/index.php?rest_route=\/wp\/v2\/types\/post"}],"author":[{"embeddable":true,"href":"https:\/\/emlaktuel.com\/index.php?rest_route=\/wp\/v2\/users\/1"}],"replies":[{"embeddable":true,"href":"https:\/\/emlaktuel.com\/index.php?rest_route=%2Fwp%2Fv2%2Fcomments&post=17056"}],"version-history":[{"count":1,"href":"https:\/\/emlaktuel.com\/index.php?rest_route=\/wp\/v2\/posts\/17056\/revisions"}],"predecessor-version":[{"id":17060,"href":"https:\/\/emlaktuel.com\/index.php?rest_route=\/wp\/v2\/posts\/17056\/revisions\/17060"}],"wp:attachment":[{"href":"https:\/\/emlaktuel.com\/index.php?rest_route=%2Fwp%2Fv2%2Fmedia&parent=17056"}],"wp:term":[{"taxonomy":"category","embeddable":true,"href":"https:\/\/emlaktuel.com\/index.php?rest_route=%2Fwp%2Fv2%2Fcategories&post=17056"},{"taxonomy":"post_tag","embeddable":true,"href":"https:\/\/emlaktuel.com\/index.php?rest_route=%2Fwp%2Fv2%2Ftags&post=17056"}],"curies":[{"name":"wp","href":"https:\/\/api.w.org\/{rel}","templated":true}]}}