{"id":17012,"date":"2017-08-23T11:47:45","date_gmt":"2017-08-23T08:47:45","guid":{"rendered":"http:\/\/emlaktuel.com\/?p=17012"},"modified":"2018-07-05T17:06:31","modified_gmt":"2018-07-05T14:06:31","slug":"ceavit-2017de-tamamlanan-yatirim-hamlesiyle-uretim-kapasitesini-4-milyon-adete-cikartti","status":"publish","type":"post","link":"https:\/\/emlaktuel.com\/?p=17012","title":{"rendered":"Ceavit 2017\u2019de tamamlanan yat\u0131r\u0131m hamlesiyle \u00fcretim kapasitesini 4 milyon adete \u00e7\u0131kartt\u0131."},"content":{"rendered":"<h4><img loading=\"lazy\" class=\"size-full wp-image-17013 aligncenter\" src=\"http:\/\/emlaktuel.com\/wp-content\/uploads\/2017\/08\/1503471502__MG_8289-1.jpg\" alt=\"\" width=\"5616\" height=\"3744\" \/><\/h4>\n<h4>2017 y\u0131l\u0131 da bir \u00f6nceki y\u0131l gibi herkes i\u00e7in zor bir y\u0131l oluyor. Her \u015feye ra\u011fmen hem \u00fcretim, hem \u00fcr\u00fcn \u00e7e\u015fitlerimiz hem de insana y\u00f6nelik yat\u0131r\u0131mlar\u0131m\u0131za devam ediyoruz. 2015 y\u0131l\u0131nda ba\u015flayan 25 milyon USD yat\u0131r\u0131m ile 2017 y\u0131l\u0131nda toplam \u00fcretim ve pazarlama kapasitesini 4 milyon adete \u00e7\u0131kararak y\u0131l\u0131n ilk yar\u0131s\u0131yla birlikte tam kapasiteli olarak \u00e7al\u0131\u015fmaya ba\u015flad\u0131k. Yap\u0131lan teknolojik yat\u0131r\u0131mlar ile desteklenen \u00fcretim uzmanl\u0131\u011f\u0131, Creavit\u2019in talep kar\u015f\u0131lama h\u0131z\u0131yla birlikte, \u00e7e\u015fitlilik ve farkl\u0131 \u00fcr\u00fcn \u00fcretebilme yetkinli\u011fini de artt\u0131rd\u0131. \u00c7\u00fcnk\u00fc biz inan\u0131yoruz ki yat\u0131r\u0131m, pazardaki etkinli\u011fi, gelece\u011fe olan inanc\u0131, geli\u015fimi, teknoloji ve de\u011fi\u015fen-geli\u015fen trendlerle uyumu g\u00f6steren \u00f6nemli bir g\u00f6stergedir. 2018\u2019de de s\u00fcrekli geli\u015fim ve de\u011fi\u015fimi \u00f6ng\u00f6r\u00fcyoruz. T\u00fcketicinin talepleri do\u011frultusunda estetik kayg\u0131lar\u0131 y\u00fcksek, farkl\u0131 ihtiya\u00e7lara cevap verebilen \u00fcr\u00fcnler \u00fcretiyor ve \u00e7\u0131tam\u0131z\u0131 her ge\u00e7en g\u00fcn y\u00fckseltiyor olaca\u011f\u0131z. 2017 y\u0131l\u0131nda %23\u2019l\u00fckpazar pay\u0131m\u0131zla, sekt\u00f6r\u00fcnde tercih edilen ilk markalar aras\u0131nda yer almaya, pazar pay\u0131m\u0131z\u0131 geli\u015ftirmeye devam ediyoruz.<\/h4>\n<h4><strong>2017\u2019nin ilk yar\u0131s\u0131nda kat\u0131ld\u0131\u011f\u0131m\u0131z 3 uluslararas\u0131 fuar ile y\u0131la dinamik ve g\u00fc\u00e7l\u00fc bir ba\u015flang\u0131\u00e7 yapt\u0131k.<\/strong><\/h4>\n<h4>2017\u2019nin ilk yar\u0131s\u0131nda kat\u0131ld\u0131\u011f\u0131m\u0131z 3 uluslararas\u0131 fuar ile y\u0131la dinamik ve g\u00fc\u00e7l\u00fc bir ba\u015flang\u0131\u00e7 yapt\u0131k. Turquality kapsam\u0131nda yer alan firmalardan biriyiz. Bu anlamda ihracat alan\u0131na y\u00f6nelik nicelik ve nitelik bazl\u0131 yat\u0131r\u0131mlar\u0131m\u0131z s\u00fcr\u00fcyor. \u0130lk \u00e7eyrekte kat\u0131ld\u0131\u011f\u0131m\u0131z UNICERA \u0130stanbul, ISH Frankfurt ve MOSBUILD Moskova fuarlar\u0131 ile yurti\u00e7inde oldu\u011fu gibi yurtd\u0131\u015f\u0131nda da tasar\u0131m ve fonksiyonellik odakl\u0131 \u00fcretim yakla\u015f\u0131m\u0131m\u0131z\u0131 t\u00fcketicilerin be\u011fenisine sunduk.<\/h4>\n<h4>Creavit olarak estetik alg\u0131s\u0131 ve kullan\u0131m \u00f6nceliklerini g\u00f6z \u00f6n\u00fcnde bulundurarak, farkl\u0131 be\u011fenileri kar\u015f\u0131layacak fonksiyonel ve \u015f\u0131k banyolar sunmak i\u00e7in s\u00fcrekli ara\u015ft\u0131rma yap\u0131yor ve \u00fcretimlerimizi bu y\u00f6nde geli\u015ftiriyoruz. Tasar\u0131m \u00e7izgimizi g\u00fcncel ak\u0131mlar \u00fczerine kurguluyor, t\u00fcketici beklentileri ve farkl\u0131la\u015fan ya\u015fam tarzlar\u0131 ile \u015fekillendiriyoruz. Bu sene kat\u0131ld\u0131\u011f\u0131m\u0131z 3 uluslararas\u0131 fuar ile 50 y\u0131ll\u0131 ge\u00e7kin sekt\u00f6r deneyimimizi, kullan\u0131c\u0131lar\u0131m\u0131z\u0131n beklentileri ve tasar\u0131mc\u0131lar\u0131m\u0131z\u0131n tecr\u00fcbeleriyle harmanlayarak, yenilik\u00e7i \u00fcr\u00fcnlerimizi t\u00fcketiciyle bulu\u015fturman\u0131n gururunu ya\u015fad\u0131k. Anlat\u0131mlarda sade,net, etkileyici yani minimal bir yakla\u015f\u0131m\u0131 benimsedik. \u00dcr\u00fcnlerimizde Creavit kalitesine vurgu yaparken ayn\u0131 zamanda tasar\u0131m bak\u0131\u015f a\u00e7\u0131m\u0131zla da farkl\u0131 ya\u015fam tarzlar\u0131na ve t\u00fcm estetik alg\u0131lara hitap edebilir oldu\u011fumuzu g\u00f6stermeyi planlad\u0131k. Sene boyunca online ve offline t\u00fcm mecralarda ger\u00e7ekle\u015ftirdi\u011fimiz \u00fcr\u00fcn ileti\u015fimlerimizde kulland\u0131\u011f\u0131m\u0131z banyo mekanlar\u0131m\u0131z\u0131n, ger\u00e7ek hayatta da uygulanabilir oldu\u011funu ziyaret\u00e7iye aktar\u0131p, olu\u015fturdu\u011fumuz birbirinden farkl\u0131 konsept banyolar ile ziyaret\u00e7ilerimize tam anlam\u0131yla bir banyo deneyimi ya\u015fatt\u0131k.<\/h4>\n<h4><strong>Farkl\u0131 tarzlar \u2013 ortak payla\u015f\u0131mlar<\/strong><\/h4>\n<h4>Farkl\u0131 tarzlar \u2013 ortak payla\u015f\u0131mlar mottosuyla 2017 y\u0131l\u0131nda \u00fcr\u00fcn gam\u0131m\u0131za giren birbirinden farkl\u0131 yeni \u00fcr\u00fcn\u00fcm\u00fcz\u00fc ilk defa UNICERA \u0130stanbul, ISH Frankfurt ve MOSBUILD Moskova fuarlar\u0131nda ziyaret\u00e7ilerimizin be\u011fenisine sunduk. Rosegold esintisini ANGEL ile banyolara ta\u015f\u0131rken, g\u00f6steri\u015fi seven, klasikten vazge\u00e7meyenlerin tercihi GIZA banyo mobilyas\u0131 oldu. \u0130lk defa yorumlad\u0131\u011f\u0131m\u0131z \u0130skandinav tarz\u0131n\u0131n banyolardaki yans\u0131mas\u0131 LEGNO ile \u015fa\u015f\u0131rt\u0131rken,ZEON ile modern ve minimal tasar\u0131mlar\u0131 tercih edenlerin ilgi oda\u011f\u0131 olduk. DUCKY ile \u00e7ocuklar\u0131n tuvalet e\u011fitim s\u00fcrecine, BEDENSEL ENGELL\u0130 BANYOLARI ile de banyodaki engelleri kald\u0131rmaya yard\u0131mc\u0131 \u00fcr\u00fcnlerimizi sergiledik. Ayr\u0131ca bu sene vitrifiye \u00fcr\u00fcn grubunda ilk defa uygulad\u0131\u011f\u0131m\u0131z, cappucinno, cobalt ve antrasit renklerle de kullan\u0131c\u0131lar\u0131m\u0131z\u0131n be\u011fenisini toplad\u0131k.<\/h4>\n","protected":false},"excerpt":{"rendered":"<p>2017 y\u0131l\u0131 da bir \u00f6nceki y\u0131l gibi herkes i\u00e7in zor bir y\u0131l oluyor. Her \u015feye ra\u011fmen hem \u00fcretim, hem \u00fcr\u00fcn \u00e7e\u015fitlerimiz hem de insana y\u00f6nelik yat\u0131r\u0131mlar\u0131m\u0131za devam ediyoruz. 2015 y\u0131l\u0131nda ba\u015flayan 25 milyon USD yat\u0131r\u0131m ile 2017 y\u0131l\u0131nda toplam \u00fcretim ve pazarlama kapasitesini 4 milyon adete \u00e7\u0131kararak y\u0131l\u0131n ilk yar\u0131s\u0131yla birlikte tam kapasiteli olarak \u00e7al\u0131\u015fmaya [&hellip;]<\/p>\n","protected":false},"author":1,"featured_media":17013,"comment_status":"open","ping_status":"open","sticky":false,"template":"","format":"standard","meta":{"ngg_post_thumbnail":0},"categories":[223],"tags":[73,11195,11110,2659,96],"_links":{"self":[{"href":"https:\/\/emlaktuel.com\/index.php?rest_route=\/wp\/v2\/posts\/17012"}],"collection":[{"href":"https:\/\/emlaktuel.com\/index.php?rest_route=\/wp\/v2\/posts"}],"about":[{"href":"https:\/\/emlaktuel.com\/index.php?rest_route=\/wp\/v2\/types\/post"}],"author":[{"embeddable":true,"href":"https:\/\/emlaktuel.com\/index.php?rest_route=\/wp\/v2\/users\/1"}],"replies":[{"embeddable":true,"href":"https:\/\/emlaktuel.com\/index.php?rest_route=%2Fwp%2Fv2%2Fcomments&post=17012"}],"version-history":[{"count":1,"href":"https:\/\/emlaktuel.com\/index.php?rest_route=\/wp\/v2\/posts\/17012\/revisions"}],"predecessor-version":[{"id":17014,"href":"https:\/\/emlaktuel.com\/index.php?rest_route=\/wp\/v2\/posts\/17012\/revisions\/17014"}],"wp:featuredmedia":[{"embeddable":true,"href":"https:\/\/emlaktuel.com\/index.php?rest_route=\/wp\/v2\/media\/17013"}],"wp:attachment":[{"href":"https:\/\/emlaktuel.com\/index.php?rest_route=%2Fwp%2Fv2%2Fmedia&parent=17012"}],"wp:term":[{"taxonomy":"category","embeddable":true,"href":"https:\/\/emlaktuel.com\/index.php?rest_route=%2Fwp%2Fv2%2Fcategories&post=17012"},{"taxonomy":"post_tag","embeddable":true,"href":"https:\/\/emlaktuel.com\/index.php?rest_route=%2Fwp%2Fv2%2Ftags&post=17012"}],"curies":[{"name":"wp","href":"https:\/\/api.w.org\/{rel}","templated":true}]}}