{"id":16919,"date":"2017-08-22T12:19:02","date_gmt":"2017-08-22T09:19:02","guid":{"rendered":"http:\/\/emlaktuel.com\/?p=16919"},"modified":"2018-07-05T17:05:55","modified_gmt":"2018-07-05T14:05:55","slug":"karden-insaat-26-eylulde-self-istanbulu-tanitacak","status":"publish","type":"post","link":"https:\/\/emlaktuel.com\/?p=16919","title":{"rendered":"Karden \u0130n\u015faat 26 Eyl\u00fcl&#8217;de &#8216;Self \u0130stanbul&#8217;u tan\u0131tacak"},"content":{"rendered":"<h4><img loading=\"lazy\" class=\"alignleft size-full wp-image-16920\" src=\"http:\/\/emlaktuel.com\/wp-content\/uploads\/2017\/08\/Screen-Shot-2017-08-22-at-12.17.11.png\" alt=\"\" width=\"991\" height=\"620\" \/><\/h4>\n<h4><strong>Karden \u0130n\u015faat Beylikd\u00fcz\u00fc-Bah\u00e7e\u015fehir kesi\u015fim hatt\u0131na ikinci projesi &#8220;SELF \u0130STANBUL&#8221;la imzas\u0131n\u0131 atacak<\/strong><strong><em>\u00a0<\/em><\/strong><\/h4>\n<h4>Daha \u00f6nce Beylikd\u00fcz\u00fc \u2013 Bah\u00e7e\u015fehir TEM ba\u011flant\u0131 yolu biti\u015fi\u011finde hayata ge\u00e7irdi\u011fi \u201cSembol \u0130stanbul\u201d ile dikkat \u00e7eken Karden \u0130n\u015faat, ayn\u0131 lokasyondaki yeni projesi \u201cSelf \u0130stanbul\u201d ile estetik bir projeye daha imzas\u0131n\u0131 at\u0131yor.<\/h4>\n<h4>26 Eyl\u00fcl Sal\u0131 g\u00fcn\u00fc \u00c7\u0131ra\u011fan Saray\u0131\u2019nda ger\u00e7ekle\u015ftirilecek projenin lansman\u0131nda siz de\u011ferli bas\u0131n mensubunu da aram\u0131zda g\u00f6rmekten memnuniyet duyar\u0131z.<\/h4>\n<h4><strong>Tarih:<\/strong>\u00a0\u00a0 26 Eyl\u00fcl Sal\u0131 2017<\/h4>\n<h4><strong>Saat:<\/strong>\u00a0\u00a0\u00a0 10:00 Kahvalt\u0131<\/h4>\n<h4>10:30 Bas\u0131n Toplant\u0131s\u0131<\/h4>\n<h4><strong>Yer:\u00a0\u00a0\u00a0\u00a0\u00a0 \u00c7\u0131ra\u011fan Saray\u0131 \/ Mabeyn Salonu<\/strong><\/h4>\n<h4 class=\"baslikRakam\" style=\"text-align: center;\">SELF \u0130STANBUL<\/h4>\n<h4 class=\"icerikAnasayfa\" style=\"text-align: left;\" align=\"center\">Self \u0130stanbul Projesi; \u0130stanbul\u2019 un en g\u00f6zde yap\u0131la\u015fma alanlar\u0131ndan Beylikd\u00fcz\u00fc \u2013 Bah\u00e7e\u015fehir TEM ba\u011flant\u0131 yolu \u00fczerinde, 1+1 den 4+1\u2019 e kadar de\u011fi\u015fik alternatiflerde toplam 609 adet konut ve 60 adet i\u015fyerinden olu\u015fmaktad\u0131r.<\/h4>\n<p>Self \u0130stanbul Projesi \u00fclkemizde ve uluslararas\u0131 arena bir \u00e7ok \u00f6d\u00fcl alm\u0131\u015f Mimari Tasar\u0131m Ekipleri taraf\u0131ndan projelendirilmi\u015ftir. Arazinin yakla\u015f\u0131k %85 inin peyzaj alan\u0131 olarak d\u00fczenlendi\u011fi Self \u0130stanbul Projesi ; \u015fehir i\u00e7inde ula\u015f\u0131m imkanlar\u0131na \u00e7ok yak\u0131n, mutlu ve huzurlu bir aile ya\u015fam\u0131 konsepti \u00fczerine kurulmu\u015f olup yat\u0131r\u0131m anlam\u0131nda da b\u00fcy\u00fck f\u0131rsatlar sunmaktad\u0131r.<\/p>\n<p>En ince detaylara kadar m\u00fckemmel bir \u015fekilde \u00e7\u00f6z\u00fclm\u00fc\u015f daire planlar\u0131yla, modern bitkisel peyzaj ve \u00e7evre d\u00fczenlemesiyle, y\u00fcr\u00fcme yollar\u0131, dinlenme alanlar\u0131, sosyal tesisi, a\u00e7\u0131k havuzu, 7\/24 g\u00fcvenlik sistemi, her daireye \u00f6zel depo alan\u0131yla, yeterli say\u0131da kapal\u0131 otopark\u0131yla ; g\u00fcvenli, mutlu ve huzurlu bir aile ya\u015fam\u0131 sunan Self \u0130stanbul Projesi ayn\u0131 zamanda metrob\u00fcs, havaalan\u0131, metro gibi ula\u015f\u0131m imkanlar\u0131na yak\u0131nl\u0131\u011f\u0131yla modern ya\u015fam\u0131n tam merkezinde yer almaktad\u0131r. Self \u0130stanbul Projesi; \u00e7ocuklar i\u00e7in a\u00e7\u0131k ve kapal\u0131 mekanlarda \u00f6zenle projelendirilmi\u015f aktivite alanlar\u0131yla tam bir \u00e7ocuk dostu projedir.<\/p>\n<p>Is\u0131tma sistemi merkezi \u0131s\u0131tma sistemi olarak \u00e7\u00f6z\u00fclm\u00fc\u015ft\u00fcr. Ortak alanlarda ve konutlarda %100 beslemeli jenerat\u00f6r hizmeti sunulmu\u015ftur. Yeterli say\u0131da ve h\u0131zda son teknoloji asans\u00f6rler kullan\u0131lm\u0131\u015ft\u0131r. Son deprem y\u00f6netmeli\u011fine uygun \u015fekilde projelendirilen Self \u0130stanbul Projesinde radye temel ve temel alt\u0131 kaz\u0131k sistemi bulunmaktad\u0131r.<\/p>\n","protected":false},"excerpt":{"rendered":"<p>Karden \u0130n\u015faat Beylikd\u00fcz\u00fc-Bah\u00e7e\u015fehir kesi\u015fim hatt\u0131na ikinci projesi &#8220;SELF \u0130STANBUL&#8221;la imzas\u0131n\u0131 atacak\u00a0 Daha \u00f6nce Beylikd\u00fcz\u00fc \u2013 Bah\u00e7e\u015fehir TEM ba\u011flant\u0131 yolu biti\u015fi\u011finde hayata ge\u00e7irdi\u011fi \u201cSembol \u0130stanbul\u201d ile dikkat \u00e7eken Karden \u0130n\u015faat, ayn\u0131 lokasyondaki yeni projesi \u201cSelf \u0130stanbul\u201d ile estetik bir projeye daha imzas\u0131n\u0131 at\u0131yor. 26 Eyl\u00fcl Sal\u0131 g\u00fcn\u00fc \u00c7\u0131ra\u011fan Saray\u0131\u2019nda ger\u00e7ekle\u015ftirilecek projenin lansman\u0131nda siz de\u011ferli bas\u0131n mensubunu [&hellip;]<\/p>\n","protected":false},"author":1,"featured_media":16920,"comment_status":"open","ping_status":"open","sticky":false,"template":"","format":"standard","meta":{"ngg_post_thumbnail":0},"categories":[26,5217,219,97,5388],"tags":[11505,8426,11122,11268,67,73,11084,11328,6182,6183,7875,9192,3334],"_links":{"self":[{"href":"https:\/\/emlaktuel.com\/index.php?rest_route=\/wp\/v2\/posts\/16919"}],"collection":[{"href":"https:\/\/emlaktuel.com\/index.php?rest_route=\/wp\/v2\/posts"}],"about":[{"href":"https:\/\/emlaktuel.com\/index.php?rest_route=\/wp\/v2\/types\/post"}],"author":[{"embeddable":true,"href":"https:\/\/emlaktuel.com\/index.php?rest_route=\/wp\/v2\/users\/1"}],"replies":[{"embeddable":true,"href":"https:\/\/emlaktuel.com\/index.php?rest_route=%2Fwp%2Fv2%2Fcomments&post=16919"}],"version-history":[{"count":2,"href":"https:\/\/emlaktuel.com\/index.php?rest_route=\/wp\/v2\/posts\/16919\/revisions"}],"predecessor-version":[{"id":16922,"href":"https:\/\/emlaktuel.com\/index.php?rest_route=\/wp\/v2\/posts\/16919\/revisions\/16922"}],"wp:featuredmedia":[{"embeddable":true,"href":"https:\/\/emlaktuel.com\/index.php?rest_route=\/wp\/v2\/media\/16920"}],"wp:attachment":[{"href":"https:\/\/emlaktuel.com\/index.php?rest_route=%2Fwp%2Fv2%2Fmedia&parent=16919"}],"wp:term":[{"taxonomy":"category","embeddable":true,"href":"https:\/\/emlaktuel.com\/index.php?rest_route=%2Fwp%2Fv2%2Fcategories&post=16919"},{"taxonomy":"post_tag","embeddable":true,"href":"https:\/\/emlaktuel.com\/index.php?rest_route=%2Fwp%2Fv2%2Ftags&post=16919"}],"curies":[{"name":"wp","href":"https:\/\/api.w.org\/{rel}","templated":true}]}}