{"id":16914,"date":"2017-08-22T11:59:01","date_gmt":"2017-08-22T08:59:01","guid":{"rendered":"http:\/\/emlaktuel.com\/?p=16914"},"modified":"2018-07-05T17:05:50","modified_gmt":"2018-07-05T14:05:50","slug":"konut-satislari-hizini-kesmiyor","status":"publish","type":"post","link":"https:\/\/emlaktuel.com\/?p=16914","title":{"rendered":"Konut sat\u0131\u015flar\u0131 h\u0131z\u0131n\u0131 kesmiyor"},"content":{"rendered":"<h2><img loading=\"lazy\" class=\"size-full wp-image-16707 aligncenter\" src=\"http:\/\/emlaktuel.com\/wp-content\/uploads\/2017\/08\/tcmb.jpg\" alt=\"\" width=\"2300\" height=\"1100\" \/><\/h2>\n<h2>2017 y\u0131l\u0131 ilk 6 ayl\u0131k konut sat\u0131\u015flar\u0131 umut veriyor&#8230;<\/h2>\n<h2>Uzmanlardan konut alacaklara uyar\u0131, konut al\u0131rken deprem ger\u00e7e\u011fini unutmay\u0131n&#8230;<\/h2>\n<h4><strong>T\u00dc\u0130K&#8217;in 2017 y\u0131l\u0131 ilk 6 ay\u0131 i\u00e7in yapt\u0131\u011f\u0131\u00a0a\u00e7\u0131klaya g\u00f6re, 2017 y\u0131l\u0131 ilk yar\u0131s\u0131nda T\u00fcrkiye\u2019de sat\u0131lan konut say\u0131s\u0131 %3,7 oran\u0131nda y\u00fckseli\u015f\u00a0ile 654 bini buldu. Konut sat\u0131\u015flar\u0131nda ya\u015fanan art\u0131\u015flara istinaden a\u00e7\u0131klama yapan T\u00fcrkiye \u00c7imento M\u00fcstahsilleri Birli\u011fi (T\u00c7MB) Y\u00f6netim Kurulu Ba\u015fkan\u0131 M. \u015eefik T\u00fcz\u00fcn; \u201cT\u00fcrkiye d\u00fcnya \u00fczerinde depremden etkilenen ve etkilenecek olan \u00fclkeler aras\u0131nda ilk s\u0131ralarda yer almaktad\u0131r. Depremin y\u0131k\u0131c\u0131 etkilerinin ac\u0131s\u0131n\u0131 zaman\u0131nda en derinden ya\u015fad\u0131k. Bu y\u00fczden konut sat\u0131n al\u0131rken \u201ckaliteli beton\u201d kullan\u0131lan yap\u0131lar\u0131 tercih etmek en \u00f6ncelikli nitelik olmal\u0131d\u0131r\u201d diyerek \u00f6nemli a\u00e7\u0131klamalarda bulundu.<\/strong><\/h4>\n<h4>T\u00fcrkiye ekonomisinin lokomotifi olan in\u015faat sekt\u00f6r\u00fc konut sat\u0131\u015flar\u0131ndaki art\u0131\u015flarla b\u00fcy\u00fcme ivmesini bu y\u0131lda s\u00fcrd\u00fcr\u00fcyor. T\u00dc\u0130K taraf\u0131ndan son a\u00e7\u0131klanan verilere g\u00f6re, Son a\u00e7\u0131klanan verilere g\u00f6re, 2017 y\u0131l\u0131 ilk yar\u0131s\u0131nda T\u00fcrkiye\u2019de sat\u0131lan konut say\u0131s\u0131 %3,7 oran\u0131nda art\u0131\u015f ile 654 bine y\u00fckselmi\u015f, yine ayn\u0131 d\u00f6nemde \u0130stanbul ilindeki konut sat\u0131\u015flar\u0131 %2,5 azalarak 114 bin olmu\u015ftur.<\/h4>\n<h3><strong>Konut Al\u0131rken Deprem Ger\u00e7e\u011fini Unutmamak Gerekiyor<\/strong><\/h3>\n<h4>Konut sat\u0131\u015flar\u0131nda artan rakamlar do\u011frultusunda al\u0131c\u0131lar i\u00e7in \u00f6nemli a\u00e7\u0131klamalarda bulunan <strong>T\u00fcrkiye \u00c7imento M\u00fcstahsilleri Birli\u011fi (T\u00c7MB) Y\u00f6netim Kurulu Ba\u015fkan\u0131 M. \u015eefik T\u00fcz\u00fcn,<\/strong>konut al\u0131mlar\u0131nda konfor, lokasyon gibi \u00f6zeliklerden daha \u00f6nce depreme dayanakl\u0131 binalara odaklan\u0131lmas\u0131n\u0131 \u00f6nemle belirtti. T\u00fcrkiye\u2019nin \u00f6nemli deprem b\u00f6lgelerini b\u00fcnyesinde bulundurdu\u011funun alt\u0131n\u0131 \u00e7izen <strong>T\u00fcz\u00fcn<\/strong>, yap\u0131lan ara\u015ft\u0131rmalara g\u00f6re konut sat\u0131n alan m\u00fc\u015fteriler, in\u015fatta kullan\u0131lan beton konusunda bilin\u00e7li olmad\u0131\u011f\u0131n\u0131 belirterek: <strong><i>\u201cUnutmamak gerekir ki, yap\u0131n\u0131n temeli, tasar\u0131m\u0131 ve kullan\u0131lan malzemelerin sa\u011flaml\u0131\u011f\u0131 gibi etkenler de depremin g\u00fcc\u00fcne kar\u015f\u0131 dayan\u0131kl\u0131l\u0131k a\u00e7\u0131s\u0131ndan \u00f6nem ta\u015f\u0131r.\u0130n\u015faatlarda beton kalitesine \u00e7ok \u00f6nem g\u00f6sterilmelidir. Yap\u0131 denetim yasas\u0131nda belirtilen gerekliliklere firmalar uymak zorundad\u0131r. Ayr\u0131ca konut firmalar\u0131 g\u00fc\u00e7l\u00fc m\u00fchendislik hizmeti alan, kalite kontrol birimi en iyi \u015fekilde yap\u0131land\u0131r\u0131lm\u0131\u015f,projeleri tercih etmeliler\u201d <\/i><\/strong>dedi.<i><\/i><\/h4>\n","protected":false},"excerpt":{"rendered":"<p>2017 y\u0131l\u0131 ilk 6 ayl\u0131k konut sat\u0131\u015flar\u0131 umut veriyor&#8230; Uzmanlardan konut alacaklara uyar\u0131, konut al\u0131rken deprem ger\u00e7e\u011fini unutmay\u0131n&#8230; T\u00dc\u0130K&#8217;in 2017 y\u0131l\u0131 ilk 6 ay\u0131 i\u00e7in yapt\u0131\u011f\u0131\u00a0a\u00e7\u0131klaya g\u00f6re, 2017 y\u0131l\u0131 ilk yar\u0131s\u0131nda T\u00fcrkiye\u2019de sat\u0131lan konut say\u0131s\u0131 %3,7 oran\u0131nda y\u00fckseli\u015f\u00a0ile 654 bini buldu. Konut sat\u0131\u015flar\u0131nda ya\u015fanan art\u0131\u015flara istinaden a\u00e7\u0131klama yapan T\u00fcrkiye \u00c7imento M\u00fcstahsilleri Birli\u011fi (T\u00c7MB) Y\u00f6netim Kurulu [&hellip;]<\/p>\n","protected":false},"author":1,"featured_media":16707,"comment_status":"open","ping_status":"open","sticky":false,"template":"","format":"standard","meta":{"ngg_post_thumbnail":0},"categories":[221,5217,97,5388,5225],"tags":[11142,1258,80,11335,1070,11361,11098,276,9189,316],"_links":{"self":[{"href":"https:\/\/emlaktuel.com\/index.php?rest_route=\/wp\/v2\/posts\/16914"}],"collection":[{"href":"https:\/\/emlaktuel.com\/index.php?rest_route=\/wp\/v2\/posts"}],"about":[{"href":"https:\/\/emlaktuel.com\/index.php?rest_route=\/wp\/v2\/types\/post"}],"author":[{"embeddable":true,"href":"https:\/\/emlaktuel.com\/index.php?rest_route=\/wp\/v2\/users\/1"}],"replies":[{"embeddable":true,"href":"https:\/\/emlaktuel.com\/index.php?rest_route=%2Fwp%2Fv2%2Fcomments&post=16914"}],"version-history":[{"count":1,"href":"https:\/\/emlaktuel.com\/index.php?rest_route=\/wp\/v2\/posts\/16914\/revisions"}],"predecessor-version":[{"id":16915,"href":"https:\/\/emlaktuel.com\/index.php?rest_route=\/wp\/v2\/posts\/16914\/revisions\/16915"}],"wp:featuredmedia":[{"embeddable":true,"href":"https:\/\/emlaktuel.com\/index.php?rest_route=\/wp\/v2\/media\/16707"}],"wp:attachment":[{"href":"https:\/\/emlaktuel.com\/index.php?rest_route=%2Fwp%2Fv2%2Fmedia&parent=16914"}],"wp:term":[{"taxonomy":"category","embeddable":true,"href":"https:\/\/emlaktuel.com\/index.php?rest_route=%2Fwp%2Fv2%2Fcategories&post=16914"},{"taxonomy":"post_tag","embeddable":true,"href":"https:\/\/emlaktuel.com\/index.php?rest_route=%2Fwp%2Fv2%2Ftags&post=16914"}],"curies":[{"name":"wp","href":"https:\/\/api.w.org\/{rel}","templated":true}]}}