{"id":16882,"date":"2017-08-21T16:16:40","date_gmt":"2017-08-21T13:16:40","guid":{"rendered":"http:\/\/emlaktuel.com\/?p=16882"},"modified":"2018-07-05T17:05:44","modified_gmt":"2018-07-05T14:05:44","slug":"avrupa-konutlari-yamanevler-gorselleri","status":"publish","type":"post","link":"https:\/\/emlaktuel.com\/?p=16882","title":{"rendered":"Avrupa Konutlar\u0131 Yamanevler g\u00f6rselleri"},"content":{"rendered":"<h4>Avrupa Konutlar\u0131 Yamanevler\u2019de 11 blokta bin 672 konut, 2 ofis blo\u011fu ve 38 ticari \u00fcnite yer alacak.<\/h4>\n<h4><strong>Projede ortalama metrekare birim fiyat\u0131 6 bin 400 liradan ba\u015fl\u0131yor\u2026<\/strong><\/h4>\n<h4>Avrupa Konutlar\u0131 Yamanevler\u2019de daire fiyatlar\u0131 484 bin liradan ba\u015fl\u0131yor.\u00a0Pe\u015fin ve banka \u00f6demeli fiyatlarda metrekare birim fiyat\u0131 ortalamas\u0131 6 bin 400 lira.<\/h4>\n<h4>Projede\u00a01+1, 2+1, 3+1 ve 4+1 daire tiplerinin yer ald\u0131\u011f\u0131 Avrupa Konutlar\u0131 Yamanevler projesinde dairelerin b\u00fcy\u00fckl\u00fckleri 75 metrekare ile 248 metrekare aras\u0131nda de\u011fi\u015fiklik g\u00f6steriyor.<\/h4>\n<h4><strong>Avrupa Konutlar\u0131 Yamanevler\u00a0daire b\u00fcy\u00fckl\u00fckleri ve fiyatlar\u0131;<\/strong><\/h4>\n<h4>537 adet 1+1:\u00a075 ile 106 metrekare b\u00fcy\u00fckl\u00fc\u011f\u00fcnde fiyat\u0131 \u00a0484 bin lira ile 635 bin lira<br \/>\n567 adet 2+1: \u00a0107 ile 186 metrekare b\u00fcy\u00fckl\u00fc\u011f\u00fcnde 684 bin lira ile 1 milyon 43 bin lira<br \/>\n368 adet 3+1: 163 ile 203 metrekare b\u00fcy\u00fckl\u00fc\u011f\u00fcnde 1 milyon 61 bin lira ile 1 milyon 593 bin lira<br \/>\n200 adet 4+1: 215 ile 248 metrekare b\u00fcy\u00fckl\u00fc\u011f\u00fcnde 1 milyon 298 bin lira ile 1 milyon 814 bin lira aras\u0131nda de\u011fi\u015fiyor.<\/h4>\n<p><img loading=\"lazy\" class=\"alignleft size-full wp-image-16883\" src=\"http:\/\/emlaktuel.com\/wp-content\/uploads\/2017\/08\/Screen-Shot-2017-08-21-at-14.42.52.png\" alt=\"\" width=\"1156\" height=\"541\" \/> <img loading=\"lazy\" class=\"alignleft size-full wp-image-16884\" src=\"http:\/\/emlaktuel.com\/wp-content\/uploads\/2017\/08\/Screen-Shot-2017-08-21-at-14.43.06.png\" alt=\"\" width=\"1062\" height=\"552\" \/> <img loading=\"lazy\" class=\"alignleft size-full wp-image-16885\" src=\"http:\/\/emlaktuel.com\/wp-content\/uploads\/2017\/08\/Screen-Shot-2017-08-21-at-14.43.15.png\" alt=\"\" width=\"1163\" height=\"553\" \/> <img loading=\"lazy\" class=\"alignleft size-full wp-image-16886\" src=\"http:\/\/emlaktuel.com\/wp-content\/uploads\/2017\/08\/Screen-Shot-2017-08-21-at-14.43.23.png\" alt=\"\" width=\"1156\" height=\"552\" \/> <img loading=\"lazy\" class=\"alignleft size-full wp-image-16887\" src=\"http:\/\/emlaktuel.com\/wp-content\/uploads\/2017\/08\/Screen-Shot-2017-08-21-at-14.43.31.png\" alt=\"\" width=\"1357\" height=\"549\" \/> <img loading=\"lazy\" class=\"alignleft size-full wp-image-16888\" src=\"http:\/\/emlaktuel.com\/wp-content\/uploads\/2017\/08\/Screen-Shot-2017-08-21-at-14.43.39.png\" alt=\"\" width=\"1204\" height=\"550\" \/> <img loading=\"lazy\" class=\"alignleft size-full wp-image-16889\" src=\"http:\/\/emlaktuel.com\/wp-content\/uploads\/2017\/08\/Screen-Shot-2017-08-21-at-14.43.48.png\" alt=\"\" width=\"1290\" height=\"551\" \/> <img loading=\"lazy\" class=\"alignleft size-full wp-image-16890\" src=\"http:\/\/emlaktuel.com\/wp-content\/uploads\/2017\/08\/Screen-Shot-2017-08-21-at-14.43.55.png\" alt=\"\" width=\"1243\" height=\"551\" \/> <img loading=\"lazy\" class=\"alignleft size-full wp-image-16891\" src=\"http:\/\/emlaktuel.com\/wp-content\/uploads\/2017\/08\/Screen-Shot-2017-08-21-at-14.44.04.png\" alt=\"\" width=\"1165\" height=\"618\" \/> <img loading=\"lazy\" class=\"alignleft size-full wp-image-16892\" src=\"http:\/\/emlaktuel.com\/wp-content\/uploads\/2017\/08\/Screen-Shot-2017-08-21-at-14.44.12.png\" alt=\"\" width=\"1335\" height=\"551\" \/> <img loading=\"lazy\" class=\"alignleft size-full wp-image-16893\" src=\"http:\/\/emlaktuel.com\/wp-content\/uploads\/2017\/08\/Screen-Shot-2017-08-21-at-14.44.19.png\" alt=\"\" width=\"606\" height=\"744\" \/> <img loading=\"lazy\" class=\"alignleft size-full wp-image-16894\" src=\"http:\/\/emlaktuel.com\/wp-content\/uploads\/2017\/08\/Screen-Shot-2017-08-21-at-14.44.29.png\" alt=\"\" width=\"1303\" height=\"556\" \/> <img loading=\"lazy\" class=\"alignleft size-full wp-image-16895\" src=\"http:\/\/emlaktuel.com\/wp-content\/uploads\/2017\/08\/Screen-Shot-2017-08-21-at-14.44.39.png\" alt=\"\" width=\"1122\" height=\"401\" \/> <img loading=\"lazy\" class=\"alignleft size-full wp-image-16896\" src=\"http:\/\/emlaktuel.com\/wp-content\/uploads\/2017\/08\/Screen-Shot-2017-08-21-at-14.44.45.png\" alt=\"\" width=\"1263\" height=\"572\" \/> <img loading=\"lazy\" class=\"alignleft size-full wp-image-16897\" src=\"http:\/\/emlaktuel.com\/wp-content\/uploads\/2017\/08\/Screen-Shot-2017-08-21-at-14.44.51.png\" alt=\"\" width=\"1143\" height=\"676\" \/> <img loading=\"lazy\" class=\"alignleft size-full wp-image-16898\" src=\"http:\/\/emlaktuel.com\/wp-content\/uploads\/2017\/08\/Screen-Shot-2017-08-21-at-14.44.58.png\" alt=\"\" width=\"1209\" height=\"547\" \/><\/p>\n<h4><\/h4>\n<h4><\/h4>\n<h4><\/h4>\n","protected":false},"excerpt":{"rendered":"<p>Avrupa Konutlar\u0131 Yamanevler\u2019de 11 blokta bin 672 konut, 2 ofis blo\u011fu ve 38 ticari \u00fcnite yer alacak. Projede ortalama metrekare birim fiyat\u0131 6 bin 400 liradan ba\u015fl\u0131yor\u2026 Avrupa Konutlar\u0131 Yamanevler\u2019de daire fiyatlar\u0131 484 bin liradan ba\u015fl\u0131yor.\u00a0Pe\u015fin ve banka \u00f6demeli fiyatlarda metrekare birim fiyat\u0131 ortalamas\u0131 6 bin 400 lira. Projede\u00a01+1, 2+1, 3+1 ve 4+1 daire tiplerinin [&hellip;]<\/p>\n","protected":false},"author":1,"featured_media":0,"comment_status":"open","ping_status":"open","sticky":false,"template":"","format":"standard","meta":{"ngg_post_thumbnail":0},"categories":[5223],"tags":[325,130,961,11090,11192,11311,80,11167],"_links":{"self":[{"href":"https:\/\/emlaktuel.com\/index.php?rest_route=\/wp\/v2\/posts\/16882"}],"collection":[{"href":"https:\/\/emlaktuel.com\/index.php?rest_route=\/wp\/v2\/posts"}],"about":[{"href":"https:\/\/emlaktuel.com\/index.php?rest_route=\/wp\/v2\/types\/post"}],"author":[{"embeddable":true,"href":"https:\/\/emlaktuel.com\/index.php?rest_route=\/wp\/v2\/users\/1"}],"replies":[{"embeddable":true,"href":"https:\/\/emlaktuel.com\/index.php?rest_route=%2Fwp%2Fv2%2Fcomments&post=16882"}],"version-history":[{"count":1,"href":"https:\/\/emlaktuel.com\/index.php?rest_route=\/wp\/v2\/posts\/16882\/revisions"}],"predecessor-version":[{"id":16899,"href":"https:\/\/emlaktuel.com\/index.php?rest_route=\/wp\/v2\/posts\/16882\/revisions\/16899"}],"wp:attachment":[{"href":"https:\/\/emlaktuel.com\/index.php?rest_route=%2Fwp%2Fv2%2Fmedia&parent=16882"}],"wp:term":[{"taxonomy":"category","embeddable":true,"href":"https:\/\/emlaktuel.com\/index.php?rest_route=%2Fwp%2Fv2%2Fcategories&post=16882"},{"taxonomy":"post_tag","embeddable":true,"href":"https:\/\/emlaktuel.com\/index.php?rest_route=%2Fwp%2Fv2%2Ftags&post=16882"}],"curies":[{"name":"wp","href":"https:\/\/api.w.org\/{rel}","templated":true}]}}