{"id":16829,"date":"2017-08-20T13:01:52","date_gmt":"2017-08-20T10:01:52","guid":{"rendered":"http:\/\/emlaktuel.com\/?p=16829"},"modified":"2018-07-05T17:05:14","modified_gmt":"2018-07-05T14:05:14","slug":"demir-insaat-ve-artas-hadimkoyde-dev-proje-icin-el-sikisti","status":"publish","type":"post","link":"https:\/\/emlaktuel.com\/?p=16829","title":{"rendered":"Demir \u0130n\u015faat ve Arta\u015f Had\u0131mk\u00f6y&#8217;de dev proje i\u00e7in el s\u0131k\u0131\u015ft\u0131"},"content":{"rendered":"<h4 class=\"col-sm-12 view20\"><img loading=\"lazy\" class=\"size-full wp-image-8520 aligncenter\" src=\"http:\/\/emlaktuel.com\/wp-content\/uploads\/2016\/12\/4334_big03.jpg\" alt=\"\" width=\"1920\" height=\"1151\" \/>Sabah Gazetesi&#8217;nden Seda Tabak&#8217;\u0131n haberine g\u00f6re <a href=\"http:\/\/emlaktuel.com\/?s=demir+in%C5%9Faat\">Demir \u0130n\u015faat<\/a> ve <a href=\"http:\/\/emlaktuel.com\/?s=arta%C5%9F%20in%C5%9F\">Arta\u015f \u0130n\u015faat<\/a> Had\u0131mk\u00f6y&#8217;de Arta\u015f&#8217;a ait 52 d\u00f6n\u00fcml\u00fck arazi \u00fczerinde konut, ticari ve sosyal alan projesi i\u00e7in el s\u0131k\u0131\u015ft\u0131&#8230;<\/h4>\n<h4><\/h4>\n<div class=\"col-sm-12 view20\">\n<h4>\u0130n\u015faat sekt\u00f6r\u00fcn\u00fcn iki b\u00fcy\u00fck firmas\u0131 olan Demir ve <a href=\"http:\/\/emlaktuel.com\/?s=arta%C5%9F%20in%C5%9F\">Arta\u015f \u0130n\u015faat<\/a>, ortak proje i\u00e7in kollar\u0131 s\u0131vad\u0131. Demir \u0130n\u015faat, Arta\u015f\u2019\u0131n Had\u0131mk\u00f6y arazisinde 250 milyon TL\u2019lik proje yapacaklar&#8230;<\/h4>\n<div class=\"newsDetailText\">\n<h4>Demir ve <a href=\"http:\/\/emlaktuel.com\/?s=arta%C5%9F%20in%C5%9F\">Arta\u015f \u0130n\u015faat<\/a>, birlikte kat kar\u015f\u0131l\u0131\u011f\u0131 proje yapacak. Arta\u015f \u0130n\u015faat&#8217;\u0131n Had\u0131mk\u00f6y&#8217;de bulunan 52 d\u00f6n\u00fcml\u00fck arazisi \u00fczerinde konut, ticari ve sosyal alanlardan olu\u015fan proje geli\u015ftiren Demir \u0130n\u015faat, 250 milyon TL&#8217;lik yat\u0131r\u0131m planl\u0131yor. Toplam 140 bin metrekarelik in\u015faat alan\u0131na sahip proje, 650 konut ve 45 ticari \u00fcniteden olu\u015facak.<\/h4>\n<h4><b>Y\u00dcZDE % 60-40 ORTAKLAR<\/b><br \/>\nNisan 2018&#8217;de ba\u015flayacak projede <a href=\"http:\/\/emlaktuel.com\/?s=demir+in%C5%9Faat\">Demir \u0130n\u015faat<\/a> y\u00fczde 60, Arta\u015f \u0130n\u015faat ise y\u00fczde 40 paya sahip olacak. <a href=\"http:\/\/emlaktuel.com\/?s=demir+in%C5%9Faat\">Demir \u0130n\u015faat<\/a> Y\u00f6netim Kurulu Ba\u015fkan\u0131 Hamit Demir, &#8220;Hayata ge\u00e7irdi\u011fimiz projelerle b\u00f6lgenin nabz\u0131n\u0131 iyi tuttuk. Yapt\u0131\u011f\u0131m\u0131z bu anla\u015fmayla ileride de daha g\u00fczel i\u015fler yapacak olman\u0131n temellerini att\u0131k&#8221; diye konu\u015ftu. Hamit Demir, B\u00fcy\u00fck\u00e7ekmece&#8217;de Katar, Suudi ve Yemenli ortaklar\u0131yla birlikte hayata ge\u00e7irecekleri projenin de ruhsat\u0131n\u0131 ald\u0131klar\u0131n\u0131 s\u00f6yledi. Demir, son g\u00fcnlerde tart\u0131\u015fmalara neden olan projeyle ilgili \u015fu bilgileri verdi: &#8220;Albatros&#8217;ta hayata ge\u00e7irece\u011fimiz projenin 1979&#8217;da imar\u0131 yap\u0131lm\u0131\u015f. Emsal 1.5&#8217;e inmi\u015f. 30 d\u00f6n\u00fcml\u00fck arazi konut, ticari ve turizm imar\u0131na sahip. Daha \u00f6nce B\u00fcy\u00fck\u00e7ekmece Belediyesi taraf\u0131ndan 11 kere ihalesi yap\u0131lm\u0131\u015f. Fakat kimse almam\u0131\u015f. Biz de ortaklar\u0131m\u0131zla birlikte ihaleyi 160 milyon liraya ald\u0131k. Denizden 80 metre i\u00e7eride. Albatros Park\u0131 ile de alakas\u0131 yok. Aksine buraya yapaca\u011f\u0131m\u0131z projeyle birlikte ciddi ye\u015fil alan sa\u011flayaca\u011f\u0131z.&#8221;<\/h4>\n<h4><b>\u0130K\u0130 AYDA SATARIZ<\/b><br \/>\nProjenin hem yerli hem de yabanc\u0131 yat\u0131r\u0131mc\u0131lardan talep ald\u0131\u011f\u0131n\u0131n alt\u0131n\u0131 \u00e7izen Demir, iki ayda konutlar\u0131n tamam\u0131n\u0131 satabileceklerini s\u00f6yledi. Demir, &#8220;\u00d6zellikle Ortado\u011fu ve Rusya&#8217;dan \u00e7ok ciddi talepler al\u0131yoruz&#8221; diye konu\u015ftu. Yat\u0131r\u0131m de\u011feri 250 milyon dolar olan projedeki konutlar 8 ila 10 bin TL aras\u0131nda sat\u0131\u015fa \u00e7\u0131kar\u0131lacak.<\/h4>\n<\/div>\n<\/div>\n","protected":false},"excerpt":{"rendered":"<p>Sabah Gazetesi&#8217;nden Seda Tabak&#8217;\u0131n haberine g\u00f6re Demir \u0130n\u015faat ve Arta\u015f \u0130n\u015faat Had\u0131mk\u00f6y&#8217;de Arta\u015f&#8217;a ait 52 d\u00f6n\u00fcml\u00fck arazi \u00fczerinde konut, ticari ve sosyal alan projesi i\u00e7in el s\u0131k\u0131\u015ft\u0131&#8230; \u0130n\u015faat sekt\u00f6r\u00fcn\u00fcn iki b\u00fcy\u00fck firmas\u0131 olan Demir ve Arta\u015f \u0130n\u015faat, ortak proje i\u00e7in kollar\u0131 s\u0131vad\u0131. Demir \u0130n\u015faat, Arta\u015f\u2019\u0131n Had\u0131mk\u00f6y arazisinde 250 milyon TL\u2019lik proje yapacaklar&#8230; Demir ve Arta\u015f [&hellip;]<\/p>\n","protected":false},"author":1,"featured_media":8520,"comment_status":"open","ping_status":"open","sticky":false,"template":"","format":"standard","meta":{"ngg_post_thumbnail":0},"categories":[221,26,5217,97,5388],"tags":[2664,187,185,62,9159,11273,67,80,262,106,11095],"_links":{"self":[{"href":"https:\/\/emlaktuel.com\/index.php?rest_route=\/wp\/v2\/posts\/16829"}],"collection":[{"href":"https:\/\/emlaktuel.com\/index.php?rest_route=\/wp\/v2\/posts"}],"about":[{"href":"https:\/\/emlaktuel.com\/index.php?rest_route=\/wp\/v2\/types\/post"}],"author":[{"embeddable":true,"href":"https:\/\/emlaktuel.com\/index.php?rest_route=\/wp\/v2\/users\/1"}],"replies":[{"embeddable":true,"href":"https:\/\/emlaktuel.com\/index.php?rest_route=%2Fwp%2Fv2%2Fcomments&post=16829"}],"version-history":[{"count":3,"href":"https:\/\/emlaktuel.com\/index.php?rest_route=\/wp\/v2\/posts\/16829\/revisions"}],"predecessor-version":[{"id":16832,"href":"https:\/\/emlaktuel.com\/index.php?rest_route=\/wp\/v2\/posts\/16829\/revisions\/16832"}],"wp:featuredmedia":[{"embeddable":true,"href":"https:\/\/emlaktuel.com\/index.php?rest_route=\/wp\/v2\/media\/8520"}],"wp:attachment":[{"href":"https:\/\/emlaktuel.com\/index.php?rest_route=%2Fwp%2Fv2%2Fmedia&parent=16829"}],"wp:term":[{"taxonomy":"category","embeddable":true,"href":"https:\/\/emlaktuel.com\/index.php?rest_route=%2Fwp%2Fv2%2Fcategories&post=16829"},{"taxonomy":"post_tag","embeddable":true,"href":"https:\/\/emlaktuel.com\/index.php?rest_route=%2Fwp%2Fv2%2Ftags&post=16829"}],"curies":[{"name":"wp","href":"https:\/\/api.w.org\/{rel}","templated":true}]}}