{"id":16738,"date":"2017-08-17T19:47:40","date_gmt":"2017-08-17T16:47:40","guid":{"rendered":"http:\/\/emlaktuel.com\/?p=16738"},"modified":"2018-07-05T17:04:07","modified_gmt":"2018-07-05T14:04:07","slug":"galatasaray-divan-kurulunda-gerginlik-yasandi","status":"publish","type":"post","link":"https:\/\/emlaktuel.com\/?p=16738","title":{"rendered":"Galatasaray Divan Kurulu&#8217;nda gerginlik ya\u015fand\u0131"},"content":{"rendered":"<div id=\"detail-widget\" class=\"big\">\n<h4><img loading=\"lazy\" class=\"alignleft size-full wp-image-16739\" src=\"http:\/\/emlaktuel.com\/wp-content\/uploads\/2017\/08\/manset329315-galatasaray-divan-kurulu-nda-gerginlik.jpg\" alt=\"\" width=\"642\" height=\"355\" \/><\/h4>\n<h4>Galatasaray Kul\u00fcb\u00fc Ola\u011fan\u00fcst\u00fc Divan Kurulu toplant\u0131s\u0131nda ya\u015fanan gerginlik nedeniyle oturuma ara verilmek zorunda kal\u0131nd\u0131.<\/h4>\n<\/div>\n<div id=\"detail-text\">\n<h4>Galatasaray Kul\u00fcb\u00fc Ola\u011fan\u00fcst\u00fc Divan Kurulu toplant\u0131s\u0131nda ya\u015fanan gerginlik nedeniyle oturuma ara verilmek zorunda kal\u0131nd\u0131.<\/h4>\n<h4>Gayrettepe Dedeman Otel&#8217;de ger\u00e7ekle\u015ftirilen toplant\u0131n\u0131n g\u00f6r\u00fc\u015fmeler b\u00f6l\u00fcm\u00fcnde s\u00f6z alan eski Galatasaray Sportif A\u015e y\u00f6neticisi Levent Nazifo\u011flu&#8217;nun kul\u00fcp ba\u015fkan\u0131 Dursun \u00d6zbek&#8217;e d\u00f6n\u00fck olarak yapt\u0131\u011f\u0131 konu\u015fma nedeniyle salonda gerginlik ya\u015fand\u0131.<\/h4>\n<h4>\u0130lk olarak, kendisinden \u00f6nce konu\u015fan eski y\u00f6netici ve ba\u015fkan aday\u0131 Mehmet Helvac\u0131&#8217;ya, &#8220;Art\u0131k sizin gibilere yer yok burada. Hala sizin haz\u0131rlad\u0131\u011f\u0131n\u0131z kontratlarla u\u011fra\u015f\u0131yoruz.&#8221; diyerek tepki g\u00f6steren Nazifo\u011flu&#8217;nun s\u00f6zleri nedeniyle salondaki ortam gerildi.<\/h4>\n<h4>Daha sonra barkovizyonda yeni transferlerin maliyetlerinin yer ald\u0131\u011f\u0131 bir g\u00f6rsel hakk\u0131nda konu\u015fan Nazifo\u011flu, bonservis giderinin 41 milyon avro oldu\u011funu aktar\u0131p, ba\u015fkan \u00d6zbek&#8217;e d\u00f6nerek, &#8220;Her yerde 34 milyon avro diyorsun. Burada 41 milyon g\u00f6z\u00fck\u00fcyor. Bu rakam do\u011fru mu?&#8221; demesi \u00fczerine baz\u0131 \u00fcyeler tepki g\u00f6sterirken, baz\u0131 \u00fcyeler ise alk\u0131\u015fla destek verdi.<\/h4>\n<h4>Kimseden \u00e7ekincesi olmad\u0131\u011f\u0131n\u0131 aktararak konu\u015fmas\u0131n\u0131 s\u00fcrd\u00fcren Nazifo\u011flu, tak\u0131m giderinin bu sezon bonservis, oyuncu \u00fccretleri, menajer \u00f6demeleri ve fesih bedelleriyle birlikte 100 milyon avroya \u00e7\u0131kt\u0131\u011f\u0131n\u0131 savundu.<\/h4>\n<h4>Dursun \u00d6zbek&#8217;in, Alp Yalman ile kendisine Galatasaray Sportif A\u015e&#8217;de g\u00f6rev verdi\u011fi s\u00fcrece de\u011finen Nazifo\u011flu, &#8220;Bize, &#8216;Galatasaray&#8217;a geleceksiniz. Her yere haciz geliyor. Bankalar hisselere el koyacak. Buraya gelip kurtaracaks\u0131n\u0131z.&#8217; demi\u015fti. Beni kand\u0131ramad\u0131 ama Alp a\u011fabeyi kand\u0131rd\u0131. \u00c7\u00fcnk\u00fc o benden daha iyi Galatasarayl\u0131.&#8221; ifadelerini kulland\u0131.<\/h4>\n<h4>Nazifo\u011flu&#8217;nun y\u00f6netime d\u00f6nerek, &#8220;Buraya gelip cevap verirsiniz.&#8221; s\u00f6zlerine, ba\u015fkan \u00d6zbek, &#8220;Zaten anlat\u0131yorsunuz. Ne cevap vereyim?&#8221; kar\u015f\u0131l\u0131\u011f\u0131n\u0131 verirken, salonda ortam daha da gerildi.<\/h4>\n<h4>Bu s\u0131rada y\u00f6netim kurulu \u00fcyelerinden Alper Narman ve Bur\u00e7in Aslan ile Nazifo\u011flu aras\u0131nda s\u00f6zl\u00fc tart\u0131\u015fmalar ba\u015flad\u0131. Olduk\u00e7a sinirli g\u00f6r\u00fcnen Narman, solandan \u00e7\u0131karken, \u00fcyeler aras\u0131nda tart\u0131\u015fmalar ba\u015flad\u0131.<\/h4>\n<h4>Oturumda kavga ortam\u0131n\u0131n olu\u015fmas\u0131 \u00fczerine araya giren divan kurulu ba\u015fkan\u0131 \u0130rfan Aktar, toplant\u0131ya 10 dakika ara vermek zorunda kald\u0131.<\/h4>\n<h4>Verilen arada ba\u015fkan Dursun \u00d6zbek&#8217;in olduk\u00e7a \u00fczg\u00fcn olmas\u0131 dikkati \u00e7ekti.<\/h4>\n<h4><strong>Nazifo\u011flu \u00f6z\u00fcr diledi<\/strong><\/h4>\n<h4>Levent Nazifo\u011flu, toplant\u0131n\u0131n tekrar ba\u015flanmas\u0131 sonras\u0131 k\u00fcrs\u00fcye gelip konu\u015fmas\u0131n\u0131 s\u00fcrd\u00fcr\u00fcrken, &#8220;Ali Sami Yen ba\u015fkan\u0131m\u0131z\u0131n koltu\u011funda oturan ki\u015fiye bu tarzda konu\u015ftu\u011fum i\u00e7in \u00f6z\u00fcr diliyorum.&#8221; dedi.<\/h4>\n<h4>\u00d6zbek&#8217;in g\u00f6rev verirken, kul\u00fcp bor\u00e7lar\u0131n\u0131 s\u0131f\u0131rlamaya odaklanaca\u011f\u0131n\u0131 ve futbolu tamamen kendilerine b\u0131rakaca\u011f\u0131n\u0131 s\u00f6yledi\u011fini anlatan Nazifo\u011flu, \u015f\u00f6yle konu\u015ftu:<\/h4>\n<h4>&#8220;Gen\u00e7lerden olu\u015fan kadro yapaca\u011f\u0131n\u0131, fazla para harcamayaca\u011f\u0131n\u0131 ve bask\u0131lara direnmemiz gerekti\u011fini s\u00f6yledi. Bunun \u00fczerine g\u00f6revi kabul edip, &#8216;Kimse sizinle ilgili ele\u015ftiride bulunmayacak, herkes her \u015feyi bana s\u00f6yleyecek.&#8217; dedim. B\u00fct\u00fcn gazetecilerle kavga ettim. Seyirciyle kavga ettim ve ba\u015fkan\u0131 rahat b\u0131rakt\u0131rd\u0131m. Riva projesi ger\u00e7ekle\u015fti\u011finde g\u00f6z ya\u015flar\u0131yla arad\u0131m, &#8216;B\u00fcy\u00fck ba\u015fkans\u0131n, Galatasaray&#8217;\u0131 kurtard\u0131k, \u00e7ok mutluyum.&#8217; dedim. Tak\u0131ma transfer yap\u0131lmas\u0131 i\u00e7in ba\u015fkan\u0131 ikna etmeye \u00e7al\u0131\u015ft\u0131\u011f\u0131mda, bu paralar\u0131 veremeyece\u011fimizi s\u00f6yledi. Sonra bakt\u0131k bir \u00e7ok transfer yap\u0131ld\u0131. O zaman, &#8216;Ba\u015fkan \u00f6yle konu\u015fmam\u0131\u015ft\u0131k&#8217; dedim. Bir tarafta kupalar, bir tarafta bor\u00e7lar\u0131n s\u0131f\u0131rlanmas\u0131 vard\u0131. Bor\u00e7lar\u0131 \u00f6demeyi de\u011fil, kupalar\u0131 kazanmay\u0131 se\u00e7ti. Riva projesinden gelen ilk parayla banka bor\u00e7lar\u0131n\u0131 kapatt\u0131k, sonra 135 milyon avro yine kredi \u00e7ektik. \u015eimdi nas\u0131l olacak. Eskiden Riva arazisi var diye i\u00e7imize su serpiliyordu. \u015eimdi Riva yok. G\u00fcnl\u00fck ba\u015far\u0131larla yapamay\u0131z. Bunlar\u0131 konu\u015fmayay\u0131m m\u0131.&#8221;<\/h4>\n<h4>Konu\u015fma tarz\u0131ndan dolay\u0131 tekrar ba\u015fkan \u00d6zbek ve \u00fcyelerden \u00f6z\u00fcr dileyen Levent Nazifo\u011flu, &#8220;Ben kendimi yak\u0131yorum. Bundan sonra benden bir \u015fey olur mu? Kim bana oy verir, kim beni listesine al\u0131r. Ama bunlar\u0131 konu\u015fmak laz\u0131m. Bu \u015fartlarda gidilirse, 2-3 \u015fampiyonluk daha alabiliriz ama 5 sene sonra yine ayn\u0131 bor\u00e7 sarmal\u0131na girilecektir. Sora elimizde de bir \u015feyimiz kalmayacak. \u00d6nlemimizi almam\u0131z laz\u0131m.&#8221; de\u011ferlendirmesinde bulundu.<\/h4>\n<\/div>\n","protected":false},"excerpt":{"rendered":"<p>Galatasaray Kul\u00fcb\u00fc Ola\u011fan\u00fcst\u00fc Divan Kurulu toplant\u0131s\u0131nda ya\u015fanan gerginlik nedeniyle oturuma ara verilmek zorunda kal\u0131nd\u0131. Galatasaray Kul\u00fcb\u00fc Ola\u011fan\u00fcst\u00fc Divan Kurulu toplant\u0131s\u0131nda ya\u015fanan gerginlik nedeniyle oturuma ara verilmek zorunda kal\u0131nd\u0131. Gayrettepe Dedeman Otel&#8217;de ger\u00e7ekle\u015ftirilen toplant\u0131n\u0131n g\u00f6r\u00fc\u015fmeler b\u00f6l\u00fcm\u00fcnde s\u00f6z alan eski Galatasaray Sportif A\u015e y\u00f6neticisi Levent Nazifo\u011flu&#8217;nun kul\u00fcp ba\u015fkan\u0131 Dursun \u00d6zbek&#8217;e d\u00f6n\u00fck olarak yapt\u0131\u011f\u0131 konu\u015fma nedeniyle salonda gerginlik [&hellip;]<\/p>\n","protected":false},"author":1,"featured_media":16739,"comment_status":"open","ping_status":"open","sticky":false,"template":"","format":"standard","meta":{"ngg_post_thumbnail":0},"categories":[5214],"tags":[268,9120,11148,11320,11118,106],"_links":{"self":[{"href":"https:\/\/emlaktuel.com\/index.php?rest_route=\/wp\/v2\/posts\/16738"}],"collection":[{"href":"https:\/\/emlaktuel.com\/index.php?rest_route=\/wp\/v2\/posts"}],"about":[{"href":"https:\/\/emlaktuel.com\/index.php?rest_route=\/wp\/v2\/types\/post"}],"author":[{"embeddable":true,"href":"https:\/\/emlaktuel.com\/index.php?rest_route=\/wp\/v2\/users\/1"}],"replies":[{"embeddable":true,"href":"https:\/\/emlaktuel.com\/index.php?rest_route=%2Fwp%2Fv2%2Fcomments&post=16738"}],"version-history":[{"count":1,"href":"https:\/\/emlaktuel.com\/index.php?rest_route=\/wp\/v2\/posts\/16738\/revisions"}],"predecessor-version":[{"id":16740,"href":"https:\/\/emlaktuel.com\/index.php?rest_route=\/wp\/v2\/posts\/16738\/revisions\/16740"}],"wp:featuredmedia":[{"embeddable":true,"href":"https:\/\/emlaktuel.com\/index.php?rest_route=\/wp\/v2\/media\/16739"}],"wp:attachment":[{"href":"https:\/\/emlaktuel.com\/index.php?rest_route=%2Fwp%2Fv2%2Fmedia&parent=16738"}],"wp:term":[{"taxonomy":"category","embeddable":true,"href":"https:\/\/emlaktuel.com\/index.php?rest_route=%2Fwp%2Fv2%2Fcategories&post=16738"},{"taxonomy":"post_tag","embeddable":true,"href":"https:\/\/emlaktuel.com\/index.php?rest_route=%2Fwp%2Fv2%2Ftags&post=16738"}],"curies":[{"name":"wp","href":"https:\/\/api.w.org\/{rel}","templated":true}]}}