{"id":16694,"date":"2017-08-16T14:18:52","date_gmt":"2017-08-16T11:18:52","guid":{"rendered":"http:\/\/emlaktuel.com\/?p=16694"},"modified":"2018-07-05T17:03:33","modified_gmt":"2018-07-05T14:03:33","slug":"vekon-depreme-karsi-hafif-celik-yapi-sistemini-oneriyor","status":"publish","type":"post","link":"https:\/\/emlaktuel.com\/?p=16694","title":{"rendered":"Vekon, depreme kar\u015f\u0131 hafif \u00e7elik yap\u0131 sistemini \u00f6neriyor"},"content":{"rendered":"<h4><img loading=\"lazy\" class=\"alignleft size-full wp-image-16695\" src=\"http:\/\/emlaktuel.com\/wp-content\/uploads\/2017\/08\/1502880627_SOMAL___HASTANE.jpg\" alt=\"\" width=\"1772\" height=\"1329\" \/><\/h4>\n<h4><strong>Vefa Holding \u0130cra Kurulu Ba\u015fkan\u0131 Turan Ko\u00e7yi\u011fit, depreme dayan\u0131kl\u0131l\u0131\u011f\u0131, esteti\u011fi, konforu, y\u00fcksek izolasyon de\u011ferleri ile hafif \u00e7elik yap\u0131 sisteminin deprem ku\u015fa\u011f\u0131nda yer alan T\u00fcrkiye i\u00e7in vazge\u00e7ilmez oldu\u011funu s\u00f6yledi.<\/strong><\/h4>\n<h4>Bir\u00e7ok y\u0131k\u0131c\u0131 deprem ya\u015fayan \u00fclkemiz son olarak 17 A\u011fustos, 12 Kas\u0131m 1999 ve 2013 Van depremleriyle sars\u0131ld\u0131. Halen \u00fclkemizin belli b\u00f6lgelerinde depremler olmaya devam ediyor. Bu depremlerde g\u00f6sterdi ki y\u00fczde 92\u2019si deprem ku\u015fa\u011f\u0131nda yer alan T\u00fcrkiye\u2019de binalar\u0131n depreme kar\u015f\u0131 g\u00fcvenli bir \u015fekilde in\u015fa edilmesi \u00e7ok b\u00fcy\u00fck \u00f6nem ta\u015f\u0131yor. Vefa Holding \u0130cra Kurulu Ba\u015fkan\u0131 Turan Ko\u00e7yi\u011fit, depreme dayan\u0131kl\u0131l\u0131\u011f\u0131, esteti\u011fi, konforu, y\u00fcksek izolasyon de\u011ferleri ile hafif \u00e7elik yap\u0131 sisteminin deprem ku\u015fa\u011f\u0131nda yer alan T\u00fcrkiye i\u00e7in vazge\u00e7ilmez oldu\u011funu s\u00f6yledi. T\u00fcrkiye&#8217;de 1999 depreminden sonra geli\u015fmeye ba\u015flayan hafif \u00e7elik yap\u0131 sekt\u00f6r\u00fcn\u00fcn halen \u00e7ok fazla bilinmedi\u011fini hat\u0131rlatan Ko\u00e7yi\u011fit, hafif \u00e7elik yap\u0131lar\u0131n betonarme yap\u0131dan \u00e7ok daha g\u00fc\u00e7l\u00fc oldu\u011funun alt\u0131n\u0131 \u00e7izdi.<\/h4>\n<h4><img loading=\"lazy\" class=\"alignleft  wp-image-16696\" src=\"http:\/\/emlaktuel.com\/wp-content\/uploads\/2017\/08\/1502880625_TURAN_KO__Y______T.jpg\" alt=\"\" width=\"254\" height=\"964\" \/><\/h4>\n<h4><strong>Depreme kar\u015f\u0131 \u00e7ok dayan\u0131kl\u0131d\u0131r<\/strong><\/h4>\n<h4>Hafif \u00e7elik yap\u0131lar\u0131n kentsel d\u00f6n\u00fc\u015f\u00fcm i\u00e7in de \u00e7ok do\u011fru bir \u00e7\u00f6z\u00fcm oldu\u011funu ifade eden Ko\u00e7yi\u011fit, \u015f\u00f6yle devam etti: \u201c\u00c7\u00fcnk\u00fc bu yap\u0131lar esnek yap\u0131s\u0131 ile depreme kar\u015f\u0131 \u00e7ok dayan\u0131kl\u0131d\u0131r. Esnek yap\u0131s\u0131, mimari \u00e7izimleri kolayla\u015ft\u0131r\u0131r ve \u00f6zel tasar\u0131mlara imk\u00e2n tan\u0131r. \u00d6n \u00fcretimli yap\u0131sal \u00e7elik \u00fcr\u00fcnler sadece c\u0131vata ba\u011flant\u0131s\u0131 ile monte edilir. \u00dcr\u00fcn montaj\u0131n\u0131 h\u0131zland\u0131ran bu \u00f6zellik, yap\u0131sal \u00e7elik \u00fcr\u00fcnlerin alternatiflerine k\u0131yasla \u00e7ok daha k\u0131sa s\u00fcrede in\u015fa edilmesini sa\u011flar. \u00c7elik, geri d\u00f6n\u00fc\u015f\u00fcml\u00fc bir malzeme oldu\u011fu i\u00e7in yap\u0131sal \u00e7elik sistem \u00e7evreyi korur.<\/h4>\n<h4>\u00d6n \u00fcretim, in\u015fa s\u00fcrecinin her a\u015famas\u0131n\u0131 denetim alt\u0131nda tutmay\u0131 sa\u011flar. \u00dcretimin her a\u015famas\u0131n\u0131n denetlenmesi, \u015fantiyedeki olas\u0131 aksakl\u0131klar\u0131 ortadan kald\u0131r\u0131r. Yap\u0131sal \u00e7elik \u00fcr\u00fcnler, c\u0131vata ba\u011flant\u0131s\u0131 d\u0131\u015f\u0131nda b\u00fct\u00fcn i\u015flemleri tamamlan\u0131\u015f olarak \u015fantiyeye sevk edildi\u011fi i\u00e7in zaman kayb\u0131 ya\u015fanmaz.\u201d<\/h4>\n<h4><strong>Hafif \u00e7elik yap\u0131 sistemi T\u00fcrkiye\u2019de kabul g\u00f6rd\u00fc<\/strong><\/h4>\n<h4>Ko\u00e7yi\u011fit, Vekon olarak prefabrike yap\u0131, ya\u015fam konteyneri, hafif \u00e7elik yap\u0131 ve yap\u0131sal \u00e7elik binalar\u0131n tasar\u0131m, \u00fcretim ve uygulama s\u00fcre\u00e7lerini anahtar teslim hizmet modeliyle tek ba\u015f\u0131na \u00fcstlendiklerini belirtti. \u00d6n \u00fcretimli yap\u0131 sekt\u00f6r\u00fcn\u00fc d\u00fcnya \u00e7ap\u0131nda bir noktaya ula\u015ft\u0131rd\u0131klar\u0131n\u0131 dile getiren Ko\u00e7yi\u011fit, \u201cVekon, yenilik\u00e7i \u00fcretim ve hizmet anlay\u0131\u015f\u0131yla hafif \u00e7elik yap\u0131 sisteminin T\u00fcrkiye\u2019de kabul g\u00f6rmesini ve yayg\u0131nla\u015fmas\u0131n\u0131 sa\u011flam\u0131\u015ft\u0131r. \u00dcretim ve hizmet teknolojisini, k\u00fcresel in\u015faat sekt\u00f6r\u00fcn\u00fcn geli\u015fimine paralel olarak s\u00fcrekli yenileyen Vekon, \u00e7eli\u011fi estetik ve konforla birle\u015ftirmeyi ba\u015fararak ya\u015fam alan\u0131 in\u015fas\u0131na yepyeni bir soluk kazand\u0131rm\u0131\u015ft\u0131r\u201d dedi.<\/h4>\n<h4>Vekon\u2019un hafif \u00e7elik yap\u0131 \u00fcretiminde kulland\u0131\u011f\u0131 t\u00fcm malzemeler olduk\u00e7a hafif oldu\u011funun alt\u0131n\u0131 \u00e7izen Ko\u00e7yi\u011fit, \u201cBu da bina y\u00fck\u00fcn\u00fc azaltarak her t\u00fcrl\u00fc zemine bina in\u015fas\u0131n\u0131 olanakl\u0131 k\u0131lar. \u00c7eli\u011fin ah\u015faptan 21, betonarmeden 10 kat daha esnek olmas\u0131, farkl\u0131 \u00f6zelliklere sahip zeminlerde yine \u00e7eli\u011fi avantajl\u0131 konuma ta\u015f\u0131yan bir \u00f6zelliktir. \u00d6zellikle deprem g\u00fcvenli\u011fi a\u00e7\u0131s\u0131ndan risk ta\u015f\u0131yan b\u00f6lgelerde, \u00e7elik, hayat kurtaran bir yap\u0131 sistemidir. Vekon hafif \u00e7elik yap\u0131lar s\u00f6k\u00fclebilir, ta\u015f\u0131nabilir ve tekrar monte edilebilir \u00f6zelliktedir. Bu da malzeme israf\u0131n\u0131 tamamen ortadan kald\u0131r\u0131r ve maliyet avantaj\u0131 sa\u011flar\u201d diye konu\u015ftu.<\/h4>\n<h4><strong>Yurti\u00e7i ve yurtd\u0131\u015f\u0131nda geni\u015f yelpazede \u00e7\u00f6z\u00fcmler sunuyor<\/strong><\/h4>\n<h4>Yurt i\u00e7i ve yurt d\u0131\u015f\u0131nda bir\u00e7ok b\u00fcy\u00fck \u00e7apl\u0131 projeye imza atan Vekon; Venezuela\u2019da 1.800 konut, Somali\u2019de 200 yatakl\u0131 hastane, Antalya\u2019da 40 adet otel villalar\u0131, Gabon\u2019da 568 adet toplu konut ve ara\u015ft\u0131rma &#8211; e\u011fitim merkezi, \u0130stanbul\u2019da hobi evleri, Kilis ve Urfa\u2019da okullar ve sosyal tesis binalar\u0131, farkl\u0131 \u015fehirlerdeki sat\u0131\u015f ofisleri, yurt binalar\u0131 gibi \u00e7ok geni\u015f yelpazede \u00e7\u00f6z\u00fcmler sunuyor. Depremlerin hemen ard\u0131ndan depremzedeleri hayata ba\u011flayacak Acil Yerle\u015fim \u00dcniteleri ve ya\u015fam konteynerleri kuran Vekon, Mara\u015f\u2019ta ve Osmaniye\u2019de ya\u015fam konteynerleri yaparak teslim etti. Acil Yerle\u015fim \u00dcniteleri, afet sonras\u0131 bar\u0131nma ba\u015fta olmak \u00fczere acil konaklama ihtiyac\u0131n\u0131n kolay ve h\u0131zl\u0131 bir \u015fekilde giderilmesi amac\u0131yla geli\u015ftirildi.<\/h4>\n","protected":false},"excerpt":{"rendered":"<p>Vefa Holding \u0130cra Kurulu Ba\u015fkan\u0131 Turan Ko\u00e7yi\u011fit, depreme dayan\u0131kl\u0131l\u0131\u011f\u0131, esteti\u011fi, konforu, y\u00fcksek izolasyon de\u011ferleri ile hafif \u00e7elik yap\u0131 sisteminin deprem ku\u015fa\u011f\u0131nda yer alan T\u00fcrkiye i\u00e7in vazge\u00e7ilmez oldu\u011funu s\u00f6yledi. Bir\u00e7ok y\u0131k\u0131c\u0131 deprem ya\u015fayan \u00fclkemiz son olarak 17 A\u011fustos, 12 Kas\u0131m 1999 ve 2013 Van depremleriyle sars\u0131ld\u0131. Halen \u00fclkemizin belli b\u00f6lgelerinde depremler olmaya devam ediyor. Bu depremlerde [&hellip;]<\/p>\n","protected":false},"author":1,"featured_media":0,"comment_status":"open","ping_status":"open","sticky":false,"template":"","format":"standard","meta":{"ngg_post_thumbnail":0},"categories":[221,26],"tags":[11375,11136,11545,9079,1258,88,11087,11284],"_links":{"self":[{"href":"https:\/\/emlaktuel.com\/index.php?rest_route=\/wp\/v2\/posts\/16694"}],"collection":[{"href":"https:\/\/emlaktuel.com\/index.php?rest_route=\/wp\/v2\/posts"}],"about":[{"href":"https:\/\/emlaktuel.com\/index.php?rest_route=\/wp\/v2\/types\/post"}],"author":[{"embeddable":true,"href":"https:\/\/emlaktuel.com\/index.php?rest_route=\/wp\/v2\/users\/1"}],"replies":[{"embeddable":true,"href":"https:\/\/emlaktuel.com\/index.php?rest_route=%2Fwp%2Fv2%2Fcomments&post=16694"}],"version-history":[{"count":1,"href":"https:\/\/emlaktuel.com\/index.php?rest_route=\/wp\/v2\/posts\/16694\/revisions"}],"predecessor-version":[{"id":16697,"href":"https:\/\/emlaktuel.com\/index.php?rest_route=\/wp\/v2\/posts\/16694\/revisions\/16697"}],"wp:attachment":[{"href":"https:\/\/emlaktuel.com\/index.php?rest_route=%2Fwp%2Fv2%2Fmedia&parent=16694"}],"wp:term":[{"taxonomy":"category","embeddable":true,"href":"https:\/\/emlaktuel.com\/index.php?rest_route=%2Fwp%2Fv2%2Fcategories&post=16694"},{"taxonomy":"post_tag","embeddable":true,"href":"https:\/\/emlaktuel.com\/index.php?rest_route=%2Fwp%2Fv2%2Ftags&post=16694"}],"curies":[{"name":"wp","href":"https:\/\/api.w.org\/{rel}","templated":true}]}}