{"id":16688,"date":"2017-08-16T11:56:10","date_gmt":"2017-08-16T08:56:10","guid":{"rendered":"http:\/\/emlaktuel.com\/?p=16688"},"modified":"2018-07-05T17:03:28","modified_gmt":"2018-07-05T14:03:28","slug":"dap-yapidan-izmire-400-milyonluk-dev-yatirim","status":"publish","type":"post","link":"https:\/\/emlaktuel.com\/?p=16688","title":{"rendered":"Dap Yap\u0131&#8217;dan \u0130zmir&#8217;e 400 milyonluk dev yat\u0131r\u0131m"},"content":{"rendered":"<div>\n<div id=\"haberdetaybaslik\">\n<h4><img loading=\"lazy\" class=\"size-full wp-image-16689 aligncenter\" src=\"http:\/\/emlaktuel.com\/wp-content\/uploads\/2017\/08\/dap-yapi-izmir.jpg\" alt=\"\" width=\"660\" height=\"380\" \/><\/h4>\n<h4>Bug\u00fcne kadar \u0130stanbul\u2019da pek \u00e7ok markal\u0131 projeye imza atan Dap Yap\u0131\u00a0\u0130stanbul d\u0131\u015f\u0131ndaki ilk projesini \u0130zmir\u2019de hayata ge\u00e7iriyor.<span style=\"color: #2e2e2e;\">\u00a0\u0130zmir\u2019deki ilk projesini 400 milyon liral\u0131k yat\u0131r\u0131mla hayata ge\u00e7irecek olan Dap Yap\u0131, 13 bin 500 \u00f6ntalep ald\u0131.<\/span><\/h4>\n<\/div>\n<\/div>\n<div>\n<h4><span style=\"color: #2e2e2e;\"><img loading=\"lazy\" class=\"size-full wp-image-11348 aligncenter\" src=\"http:\/\/emlaktuel.com\/wp-content\/uploads\/2017\/02\/77784.jpg\" alt=\"\" width=\"633\" height=\"290\" \/><br \/>\nDap Holding Y\u00f6netim Kurulu Ba\u015fkan\u0131 Ziya Y\u0131lmaz, \u0130zmir-\u0130stanbul otoban projesinin tamamlanmas\u0131yla birlikte iki kent aras\u0131ndaki mesafenin 3.5 saate inece\u011fini, bunun da \u0130zmir\u2019in geli\u015fimini \u00e7ok h\u0131zland\u0131raca\u011f\u0131n\u0131 belirtti. \u0130stanbul\u2019un art\u0131k g\u00f6\u00e7 veren bir \u015fehir haline geldi\u011fini \u0130zmir\u2019in ise g\u00f6\u00e7 almaya devam etti\u011fini ifade eden Y\u0131lmaz, \u201c\u0130zmir\u2019in k\u00f6t\u00fc olan yap\u0131 stokunun da de\u011fi\u015fmesiyle birlikte kentteki gayrimenkul fiyatlar\u0131 \u00e7ok h\u0131zl\u0131 artmaya devam edecek. \u015eu anda iyi projelerde metrekare fiyatlar\u0131 8-9 bin TL civar\u0131nda. 2 y\u0131l sonra ise \u0130zmir\u2019de iyi projelerde 10 bin TL\u2019nin alt\u0131nda ev bulmak m\u00fcmk\u00fcn olmayacak.10 y\u0131l i\u00e7inde ise fiyatlar \u0130stanbul&#8217;u ge\u00e7ecek\u201d dedi.<\/p>\n<p><strong>Adalar manzaral\u0131 AVM\u00a0bitmek \u00fczere<\/strong><\/p>\n<p>\u201cD\u00fcnyan\u0131n En \u0130yi Yap\u0131 Geli\u015ftirme\u201d projesi se\u00e7ilen \u0130stMarina\u2019n\u0131n, AVM etab\u0131n\u0131 teslim etmeye haz\u0131rland\u0131klar\u0131n\u0131, AVM\u2019nin y\u0131l sonunda hayata ge\u00e7ece\u011fini s\u00f6yleyen\u00a0Ziya Y\u0131lmaz, \u201c\u0130stMarina AVM \u00f6zellikleri, lokasyonu ve manzaras\u0131yla Anadolu Yakas\u0131\u2019n\u0131n yeni bulu\u015fma noktas\u0131 olacak. Yerli ve yabanc\u0131 markalar\u0131n hizmet verece\u011fi \u0130st- Marina AVM, kafe ve restoranlar\u0131 ile de en ba\u015fta Kartal\u2019a ve b\u00f6lgeye \u00e7ok \u015fey katacak. Denize 700 metre cepheli olan AVM\u2019ye markalardan talep y\u00fcksek. \u015eu anda y\u00fczde 75 dolulu\u011fa ula\u015fm\u0131\u015f durumday\u0131z\u201d \u015feklinde\u00a0konu\u015ftu.<\/p>\n<p>\u0130stMarina\u2019da sadece yol ve kav\u015faklar i\u00e7in 45 milyon TL yat\u0131r\u0131m yapt\u0131klar\u0131n\u0131 belirten Y\u0131lmaz; \u201cProjenin yol ve kav\u015faklar\u0131 i\u00e7in 30 milyon TL harcama yap\u0131lm\u0131\u015ft\u0131. Yol ve kav\u015faklarda 15 milyon TL ilave yat\u0131r\u0131m\u0131m\u0131z oldu. 45 milyon TL\u2019yi bulan yol ve kav\u015fak harcamas\u0131yla \u0130stMarina\u2019n\u0131n ne denli de\u011ferli bir proje oldu\u011funu bir kez daha g\u00f6rebiliyoruz. \u0130stMarina\u2019da 2 bin ki\u015finin ibadet edebilece\u011fi bir cami, 30 bin metrekare alana sahip Ac\u0131badem Hastanesi ve 10 bin metrekarelik Mektebim Koleji\u2019nin yer alaca\u011f\u0131 okul da hizmete sunulacak\u201d \u015feklinde konu\u015ftu.<\/p>\n<p><strong>T\u00fcrkiye&#8217;de talep rekoru k\u0131raca\u011f\u0131z<\/strong><\/p>\n<p>\u00d6n talep toplamaya ba\u015flad\u0131klar\u0131 projede hali haz\u0131rda 13 bin 500 talep ald\u0131klar\u0131n\u0131 s\u00f6yleyen Ziya Y\u0131lmaz, \u201cTalep toplamaya ba\u015flay\u0131nca g\u00fcnde 300 hatta 1000\u2019e yak\u0131n talep al\u0131yoruz. Sekt\u00f6r\u00fcn en b\u00fcy\u00fck talebini bu projede ald\u0131k\u201d diye konu\u015ftu. \u0130zmirlilerin ilgisinden olduk\u00e7a memnun olduklar\u0131n\u0131 belirten Y\u0131lmaz, \u0130zmir projelerine ba\u015fta \u0130stanbullular olmak \u00fczere ba\u015fka \u015fehirlerden de talep geldi\u011fini s\u00f6yledi.<\/span><\/h4>\n<\/div>\n","protected":false},"excerpt":{"rendered":"<p>Bug\u00fcne kadar \u0130stanbul\u2019da pek \u00e7ok markal\u0131 projeye imza atan Dap Yap\u0131\u00a0\u0130stanbul d\u0131\u015f\u0131ndaki ilk projesini \u0130zmir\u2019de hayata ge\u00e7iriyor.\u00a0\u0130zmir\u2019deki ilk projesini 400 milyon liral\u0131k yat\u0131r\u0131mla hayata ge\u00e7irecek olan Dap Yap\u0131, 13 bin 500 \u00f6ntalep ald\u0131. Dap Holding Y\u00f6netim Kurulu Ba\u015fkan\u0131 Ziya Y\u0131lmaz, \u0130zmir-\u0130stanbul otoban projesinin tamamlanmas\u0131yla birlikte iki kent aras\u0131ndaki mesafenin 3.5 saate inece\u011fini, bunun da \u0130zmir\u2019in [&hellip;]<\/p>\n","protected":false},"author":1,"featured_media":16689,"comment_status":"open","ping_status":"open","sticky":false,"template":"","format":"standard","meta":{"ngg_post_thumbnail":0},"categories":[221,5217,97,5388],"tags":[4347,183,7140,290,11483,9107,9108,91,106,11283,96,301],"_links":{"self":[{"href":"https:\/\/emlaktuel.com\/index.php?rest_route=\/wp\/v2\/posts\/16688"}],"collection":[{"href":"https:\/\/emlaktuel.com\/index.php?rest_route=\/wp\/v2\/posts"}],"about":[{"href":"https:\/\/emlaktuel.com\/index.php?rest_route=\/wp\/v2\/types\/post"}],"author":[{"embeddable":true,"href":"https:\/\/emlaktuel.com\/index.php?rest_route=\/wp\/v2\/users\/1"}],"replies":[{"embeddable":true,"href":"https:\/\/emlaktuel.com\/index.php?rest_route=%2Fwp%2Fv2%2Fcomments&post=16688"}],"version-history":[{"count":1,"href":"https:\/\/emlaktuel.com\/index.php?rest_route=\/wp\/v2\/posts\/16688\/revisions"}],"predecessor-version":[{"id":16690,"href":"https:\/\/emlaktuel.com\/index.php?rest_route=\/wp\/v2\/posts\/16688\/revisions\/16690"}],"wp:featuredmedia":[{"embeddable":true,"href":"https:\/\/emlaktuel.com\/index.php?rest_route=\/wp\/v2\/media\/16689"}],"wp:attachment":[{"href":"https:\/\/emlaktuel.com\/index.php?rest_route=%2Fwp%2Fv2%2Fmedia&parent=16688"}],"wp:term":[{"taxonomy":"category","embeddable":true,"href":"https:\/\/emlaktuel.com\/index.php?rest_route=%2Fwp%2Fv2%2Fcategories&post=16688"},{"taxonomy":"post_tag","embeddable":true,"href":"https:\/\/emlaktuel.com\/index.php?rest_route=%2Fwp%2Fv2%2Ftags&post=16688"}],"curies":[{"name":"wp","href":"https:\/\/api.w.org\/{rel}","templated":true}]}}