{"id":16676,"date":"2017-08-15T14:40:10","date_gmt":"2017-08-15T11:40:10","guid":{"rendered":"http:\/\/emlaktuel.com\/?p=16676"},"modified":"2018-07-05T17:03:13","modified_gmt":"2018-07-05T14:03:13","slug":"tokiden-250-tl-taksitle-ev","status":"publish","type":"post","link":"https:\/\/emlaktuel.com\/?p=16676","title":{"rendered":"Toki&#8217;den 250 TL taksitle ev"},"content":{"rendered":"<h4><img loading=\"lazy\" class=\"alignleft size-full wp-image-16113\" src=\"http:\/\/emlaktuel.com\/wp-content\/uploads\/2017\/07\/5e62f1743eef75b2031a3df493c46a94.jpeg\" alt=\"\" width=\"3872\" height=\"2592\" \/><\/h4>\n<h4>TOK\u0130&#8217;den b\u00fcy\u00fck f\u0131rsat! TOK\u0130 Ba\u015fkan\u0131 Mehmet Erg\u00fcn Turan 15 y\u0131lda 800 bin 112 konut \u00fcrettiklerini belirtti. 250 TL taksitle ev sahibi olma imkan\u0131 sunan TOK\u0130, her y\u0131l evi olmayan 15 bin emekliyi ev sahibi yapacak.<\/h4>\n<h4>Toki Ba\u015fbakanl\u0131k Toplu Konut \u0130daresi (TOK\u0130) Ba\u015fkan\u0131 Mehmet\u00a0Erg\u00fcn Turan, konut \u00fcretimi hakk\u0131nda bir tak\u0131m a\u00e7\u0131klamalarda bulundu. Ba\u015fkan Erg\u00fcn Turan, 15 y\u0131lda 800 bin 112 konut \u00fcrettiklerini belirtti. \u00a0 Ba\u015fkan Turan, &#8220;Dar gelirli, konuta eri\u015fmekte zorlanan vatanda\u015flar\u0131 konut sahibi yapmak i\u00e7in var g\u00fcc\u00fcm\u00fcz ile \u00e7al\u0131\u015f\u0131yoruz&#8221; dedi. Turan, TOK\u0130&#8217;nin \u00fcretti\u011fi konutlar\u0131n y\u00fczde 85&#8217;inin sosyal konut oldu\u011funu s\u00f6yledi. Turan, &#8220;Dar ve orta gelir grubundaki vatanda\u015flar\u0131m\u0131za d\u00f6n\u00fck konut ve sosyal ya\u015fam alanlar\u0131m\u0131z\u0131n in\u015fas\u0131 s\u00fcrerken, \u00f6zel kontenjan ay\u0131rd\u0131\u011f\u0131m\u0131z ba\u015fta \u015fehit yak\u0131n\u0131 ve gazilerimiz olmak \u00fczere konut ihtiyac\u0131 olan vatanda\u015flar\u0131m\u0131z\u0131 \u00a0TOK\u0130\u00a0 \u00e7at\u0131s\u0131 alt\u0131nda yuva sahibi yapmaya \u00e7al\u0131\u015f\u0131yoruz. Emekli b\u00fcy\u00fcklerimizi de dinlenme d\u00f6nemlerinde rahat ettirmek istiyoruz. Evi olmayan emekliler i\u00e7in her projeden ay\u0131rd\u0131\u011f\u0131m\u0131z konut oran\u0131 y\u00fczde 25&#8217;tir. 240 aya kadar vadeli sat\u0131\u015f yap\u0131l\u0131yor. Taksit tutarlar\u0131 ise 250 liradan ba\u015flayarak, \u015fehirlere g\u00f6re farkl\u0131l\u0131k g\u00f6steriyor. \u0130dare olarak hedefimiz her y\u0131l evi olmayan 15 bin emekli vatanda\u015f\u0131m\u0131z\u0131 konut sahibi yapmakt\u0131r.&#8221; \u015feklinde konu\u015ftu.<\/h4>\n<h4>Takvim<\/h4>\n","protected":false},"excerpt":{"rendered":"<p>TOK\u0130&#8217;den b\u00fcy\u00fck f\u0131rsat! TOK\u0130 Ba\u015fkan\u0131 Mehmet Erg\u00fcn Turan 15 y\u0131lda 800 bin 112 konut \u00fcrettiklerini belirtti. 250 TL taksitle ev sahibi olma imkan\u0131 sunan TOK\u0130, her y\u0131l evi olmayan 15 bin emekliyi ev sahibi yapacak. Toki Ba\u015fbakanl\u0131k Toplu Konut \u0130daresi (TOK\u0130) Ba\u015fkan\u0131 Mehmet\u00a0Erg\u00fcn Turan, konut \u00fcretimi hakk\u0131nda bir tak\u0131m a\u00e7\u0131klamalarda bulundu. Ba\u015fkan Erg\u00fcn Turan, 15 [&hellip;]<\/p>\n","protected":false},"author":1,"featured_media":16113,"comment_status":"open","ping_status":"open","sticky":false,"template":"","format":"standard","meta":{"ngg_post_thumbnail":0},"categories":[221,5217,97,5388,5222],"tags":[11248,11384,11122,9106,80,11267,10888,450,11178,11181],"_links":{"self":[{"href":"https:\/\/emlaktuel.com\/index.php?rest_route=\/wp\/v2\/posts\/16676"}],"collection":[{"href":"https:\/\/emlaktuel.com\/index.php?rest_route=\/wp\/v2\/posts"}],"about":[{"href":"https:\/\/emlaktuel.com\/index.php?rest_route=\/wp\/v2\/types\/post"}],"author":[{"embeddable":true,"href":"https:\/\/emlaktuel.com\/index.php?rest_route=\/wp\/v2\/users\/1"}],"replies":[{"embeddable":true,"href":"https:\/\/emlaktuel.com\/index.php?rest_route=%2Fwp%2Fv2%2Fcomments&post=16676"}],"version-history":[{"count":1,"href":"https:\/\/emlaktuel.com\/index.php?rest_route=\/wp\/v2\/posts\/16676\/revisions"}],"predecessor-version":[{"id":16677,"href":"https:\/\/emlaktuel.com\/index.php?rest_route=\/wp\/v2\/posts\/16676\/revisions\/16677"}],"wp:featuredmedia":[{"embeddable":true,"href":"https:\/\/emlaktuel.com\/index.php?rest_route=\/wp\/v2\/media\/16113"}],"wp:attachment":[{"href":"https:\/\/emlaktuel.com\/index.php?rest_route=%2Fwp%2Fv2%2Fmedia&parent=16676"}],"wp:term":[{"taxonomy":"category","embeddable":true,"href":"https:\/\/emlaktuel.com\/index.php?rest_route=%2Fwp%2Fv2%2Fcategories&post=16676"},{"taxonomy":"post_tag","embeddable":true,"href":"https:\/\/emlaktuel.com\/index.php?rest_route=%2Fwp%2Fv2%2Ftags&post=16676"}],"curies":[{"name":"wp","href":"https:\/\/api.w.org\/{rel}","templated":true}]}}