{"id":1663,"date":"2016-06-17T13:07:47","date_gmt":"2016-06-17T10:07:47","guid":{"rendered":"http:\/\/emlaktuel.com\/?p=1663"},"modified":"2018-07-05T14:04:45","modified_gmt":"2018-07-05T11:04:45","slug":"folkart-blu-cesmede-gorucuye-cikti","status":"publish","type":"post","link":"https:\/\/emlaktuel.com\/?p=1663","title":{"rendered":"FOLKART BLU \u00c7e\u015fme&#8217;de g\u00f6r\u00fcc\u00fcye \u00e7\u0131kt\u0131!"},"content":{"rendered":"<h1 class=\"name post-title entry-title\"><\/h1>\n<div class=\"entry\">\n<p><strong>Folkart Yap\u0131 taraf\u0131ndan hayata ge\u00e7irilen Folkart Blu \u00c7e\u015fme G\u00f6r\u00fcc\u00fcye \u00c7\u0131kt\u0131<\/strong><\/p>\n<p>&nbsp;<\/p>\n<p>T\u00fcrkiye\u2019nin en g\u00f6zde tatil beldelerinden \u00c7e\u015fme\u2019de in\u015faas\u0131na ba\u015flanacak olan Folkart Blu \u00c7e\u015fme projesi Laika Beach\u2019in bulundu\u011fu arsa \u00fczerine in\u015fa edilecek. 4 bin 124 metrekaresi ye\u015fil alanlara ayr\u0131lan projede bir \u00e7ok metrekarede daire se\u00e7enekleri bulunuyor. Folkart Blu \u00c7e\u015fme\u2019deki daireler 2.65 ila 3 metre tavan y\u00fcksekli\u011fine sahip. Projede daire sahiplerine housekeeping ve resepsiyon hizmetleri sunuluyor.<\/p>\n<p><img loading=\"lazy\" class=\"alignnone size-medium wp-image-1665\" src=\"http:\/\/emlaktuel.com\/wp-content\/uploads\/2016\/06\/Screen-shot-2016-06-17-at-13.04.59-300x189.png\" alt=\"Screen shot 2016-06-17 at 13.04.59\" width=\"300\" height=\"189\" \/> <img loading=\"lazy\" class=\"alignnone size-medium wp-image-1666\" src=\"http:\/\/emlaktuel.com\/wp-content\/uploads\/2016\/06\/Screen-shot-2016-06-17-at-13.04.54-300x120.png\" alt=\"Screen shot 2016-06-17 at 13.04.54\" width=\"300\" height=\"120\" \/> <img loading=\"lazy\" class=\"alignnone size-medium wp-image-1667\" src=\"http:\/\/emlaktuel.com\/wp-content\/uploads\/2016\/06\/Screen-shot-2016-06-17-at-13.04.49-300x200.png\" alt=\"Screen shot 2016-06-17 at 13.04.49\" width=\"300\" height=\"200\" \/><\/p>\n<p>Folkart Blu \u00c7e\u015fme, 6 bin 787 metrekarelik arsa \u00fczerine kuruluyor. Farkl\u0131 mimarideki 5 katl\u0131 bloktan olu\u015fan projede toplam 83 daire bulunacak. Projede 36 adet 61 ila 273 metrekarelik 1+1, 22 adet 111 ila 305 metrekarelik 2+1, 20 adet 147 ila 320 metrekarelik 3+1, 5 adet 270 ila 312 metrekarelik 4+1 dubleks daireler yer al\u0131yor.<\/p>\n<p>Ger\u00e7ek l\u00fcks, s\u0131n\u0131rs\u0131z ya\u015famak ve evini denize a\u00e7makt\u0131r. Elinizi uzatsan\u0131z denize dokunabilece\u011finiz Folkart Blu \u00c7e\u015fme, Pa\u015faliman\u0131 Koyu\u2019na bakan e\u015fsiz manzaras\u0131yla i\u00e7i d\u0131\u015f\u0131 deniz olan bir ya\u015fam vadediyor. Farkl\u0131 ebatlardaki s\u00fcitinizin ister teras\u0131nda g\u00f6ky\u00fcz\u00fcn\u00fc seyrederken ister salonunda konuklar\u0131n\u0131z\u0131 a\u011f\u0131rlarken, ister deliksiz bir uykunun ortas\u0131nda dalgalar\u0131n sesiyle ya\u015famaya haz\u0131r m\u0131s\u0131n\u0131z?<\/p>\n<p><a href=\"http:\/\/folkartblucesme.com\/index.html\">Folkartblucesme hakk\u0131nda bilgi i\u00e7in t\u0131klay\u0131n\u0131z<\/a><\/p>\n<\/div>\n","protected":false},"excerpt":{"rendered":"<p>Folkart Yap\u0131 taraf\u0131ndan hayata ge\u00e7irilen Folkart Blu \u00c7e\u015fme G\u00f6r\u00fcc\u00fcye \u00c7\u0131kt\u0131 &nbsp; T\u00fcrkiye\u2019nin en g\u00f6zde tatil beldelerinden \u00c7e\u015fme\u2019de in\u015faas\u0131na ba\u015flanacak olan Folkart Blu \u00c7e\u015fme projesi Laika Beach\u2019in bulundu\u011fu arsa \u00fczerine in\u015fa edilecek. 4 bin 124 metrekaresi ye\u015fil alanlara ayr\u0131lan projede bir \u00e7ok metrekarede daire se\u00e7enekleri bulunuyor. Folkart Blu \u00c7e\u015fme\u2019deki daireler 2.65 ila 3 metre tavan y\u00fcksekli\u011fine [&hellip;]<\/p>\n","protected":false},"author":1,"featured_media":1664,"comment_status":"open","ping_status":"open","sticky":false,"template":"","format":"standard","meta":{"ngg_post_thumbnail":0},"categories":[221,1,26,219,220,97],"tags":[11272,310,11169,722,11170,721,62,715,716,719,717,91,80,718,720,106,11156,96],"_links":{"self":[{"href":"https:\/\/emlaktuel.com\/index.php?rest_route=\/wp\/v2\/posts\/1663"}],"collection":[{"href":"https:\/\/emlaktuel.com\/index.php?rest_route=\/wp\/v2\/posts"}],"about":[{"href":"https:\/\/emlaktuel.com\/index.php?rest_route=\/wp\/v2\/types\/post"}],"author":[{"embeddable":true,"href":"https:\/\/emlaktuel.com\/index.php?rest_route=\/wp\/v2\/users\/1"}],"replies":[{"embeddable":true,"href":"https:\/\/emlaktuel.com\/index.php?rest_route=%2Fwp%2Fv2%2Fcomments&post=1663"}],"version-history":[{"count":2,"href":"https:\/\/emlaktuel.com\/index.php?rest_route=\/wp\/v2\/posts\/1663\/revisions"}],"predecessor-version":[{"id":1669,"href":"https:\/\/emlaktuel.com\/index.php?rest_route=\/wp\/v2\/posts\/1663\/revisions\/1669"}],"wp:featuredmedia":[{"embeddable":true,"href":"https:\/\/emlaktuel.com\/index.php?rest_route=\/wp\/v2\/media\/1664"}],"wp:attachment":[{"href":"https:\/\/emlaktuel.com\/index.php?rest_route=%2Fwp%2Fv2%2Fmedia&parent=1663"}],"wp:term":[{"taxonomy":"category","embeddable":true,"href":"https:\/\/emlaktuel.com\/index.php?rest_route=%2Fwp%2Fv2%2Fcategories&post=1663"},{"taxonomy":"post_tag","embeddable":true,"href":"https:\/\/emlaktuel.com\/index.php?rest_route=%2Fwp%2Fv2%2Ftags&post=1663"}],"curies":[{"name":"wp","href":"https:\/\/api.w.org\/{rel}","templated":true}]}}