{"id":16627,"date":"2017-08-14T11:22:23","date_gmt":"2017-08-14T08:22:23","guid":{"rendered":"http:\/\/emlaktuel.com\/?p=16627"},"modified":"2018-07-05T17:02:39","modified_gmt":"2018-07-05T14:02:39","slug":"avrupa-konutlari-yamanevler-ne-kadar-prim-yapar","status":"publish","type":"post","link":"https:\/\/emlaktuel.com\/?p=16627","title":{"rendered":"Avrupa Konutlar\u0131 Yamanevler ne kadar prim yapar?"},"content":{"rendered":"<div>\n<div id=\"haberdetaybaslik\">\n<h4><img loading=\"lazy\" class=\"alignleft size-full wp-image-16441\" src=\"http:\/\/emlaktuel.com\/wp-content\/uploads\/2017\/08\/avrupa-konutlari-yamanevler-lansman-630x360.jpg\" alt=\"\" width=\"660\" height=\"380\" \/><\/h4>\n<h4>Arta\u015f \u0130n\u015faat\u0131n \u0130stanbul Anadolu yakas\u0131nda hayata ge\u00e7irdi\u011fi ilk projesi olan Avrupa Konutlar\u0131 Yamanevler projesi ne kadar prim yapar? Daha \u00f6nce hep Avrupa yakas\u0131nda proje \u00fcreten Arta\u015f in\u015faat Anadolu yakas\u0131nada a\u00e7\u0131ld\u0131&#8230; Proje olarak konut tesliminde nas\u0131l bir potansiyel g\u00f6sterir ve ne kadar prim yapar?<\/h4>\n<h4><\/h4>\n<h4><img loading=\"lazy\" class=\"size-full wp-image-16628 aligncenter\" src=\"http:\/\/emlaktuel.com\/wp-content\/uploads\/2017\/08\/bloklar25.jpg\" alt=\"\" width=\"630\" height=\"355\" \/> <img loading=\"lazy\" class=\"alignleft size-full wp-image-16629\" src=\"http:\/\/emlaktuel.com\/wp-content\/uploads\/2017\/08\/bloklar25-1.jpg\" alt=\"\" width=\"630\" height=\"355\" \/>8 A\u011fustos sal\u0131 g\u00fcn\u00fc yap\u0131lan bas\u0131n toplant\u0131sndan sonra lansman sat\u0131\u015flar\u0131na ba\u015flayan Avrupa Konutlar\u0131 Yamanevler projesi, \u00dcmraniye Alemda\u011f caddesi \u00fczerinde Oryata\u015f A.\u015e&#8217;ye ait \u00dcmran boru fabrikas\u0131n\u0131n bulundu\u011fu arazi \u00fczerinde bir fabrikadan kentsel d\u00f6n\u00fc\u015f\u00fcm olarak projelendirildi. 11 Eyl\u00fclde ise Dubai&#8217;de\u00a0<span style=\"color: #2e2e2e;\">Cityscape Fuar\u0131&#8217;nda<\/span>\u00a02&#8217;nci kez lansmana \u00e7\u0131kacak olan Avrupa Konutlar\u0131 Yamanevler \u00a0projesi 11 konut 2 ofis blo\u011fu olarak toplamda 13 bloktan olu\u015facak. 1672 ve 38 ticari birimden olu\u015fan projede metrekare fiyatlar\u0131 6 bin 550 TL&#8217;den ba\u015fl\u0131yor.<\/h4>\n<h4>Arta\u015f in\u015faat\u0131n bu dev projesinin prim potansiyeli hakk\u0131nda Arta\u015f y\u00f6netim Kurulu Ba\u015fkan\u0131 S\u00fcleyman \u00c7etinsaya a\u00e7\u0131klamalarda bulandu. Bas\u0131n toplant\u0131s\u0131 sonras\u0131 bas\u0131n mesuplar\u0131n\u0131n sorular\u0131n\u0131 yan\u0131tlayan \u00c7etinsaya,\u00a0<span style=\"color: #2e2e2e;\">projenin 24 ayda tamamlanmas\u0131n\u0131 hedeflediklerini ve Yamanevler&#8217;e bug\u00fcnden yat\u0131r\u0131m yapanlar\u0131n teslim tarihinde\u00a0<strong>y\u00fczde 35 prim getirisi<\/strong>\u00a0yakalayacaklar\u0131n\u0131 tahmin etti\u011fini s\u00f6yledi.\u00a0<\/span><\/h4>\n<h4><span style=\"color: #2e2e2e;\">Dev Projede 1+1&#8217;den 4+1&#8217;e kadar \u00e7e\u015ftlikte\u00a0ve b\u00fcy\u00fckl\u00fcklerde in\u015fa edilecek olan konutlar\u0131n\u00a0<strong>sat\u0131\u015f fiyatlar\u0131<\/strong>\u00a0lansman d\u00f6nemi i\u00e7inde\u00a0<strong>484 bin TL ba\u015flay\u0131p\u00a01 milyon 812 bin TL&#8217;ye kadar \u00e7\u0131k\u0131yor.<\/strong>\u00a0Bu fiyatlara y\u00fczde 1 oran\u0131nda olan KDV, abonmanl\u0131k bedelleri, dask bedeli ve tapu masraflar\u0131 dahil.<\/span><\/h4>\n<h4><\/h4>\n<\/div>\n<\/div>\n<div><\/div>\n","protected":false},"excerpt":{"rendered":"<p>Arta\u015f \u0130n\u015faat\u0131n \u0130stanbul Anadolu yakas\u0131nda hayata ge\u00e7irdi\u011fi ilk projesi olan Avrupa Konutlar\u0131 Yamanevler projesi ne kadar prim yapar? Daha \u00f6nce hep Avrupa yakas\u0131nda proje \u00fcreten Arta\u015f in\u015faat Anadolu yakas\u0131nada a\u00e7\u0131ld\u0131&#8230; Proje olarak konut tesliminde nas\u0131l bir potansiyel g\u00f6sterir ve ne kadar prim yapar? 8 A\u011fustos sal\u0131 g\u00fcn\u00fc yap\u0131lan bas\u0131n toplant\u0131sndan sonra lansman sat\u0131\u015flar\u0131na ba\u015flayan Avrupa [&hellip;]<\/p>\n","protected":false},"author":1,"featured_media":0,"comment_status":"open","ping_status":"open","sticky":false,"template":"","format":"standard","meta":{"ngg_post_thumbnail":0},"categories":[5218,5217,219,97,5388],"tags":[325,130,9041,9046,9042,11556,150,3410,511,88,80,11167],"_links":{"self":[{"href":"https:\/\/emlaktuel.com\/index.php?rest_route=\/wp\/v2\/posts\/16627"}],"collection":[{"href":"https:\/\/emlaktuel.com\/index.php?rest_route=\/wp\/v2\/posts"}],"about":[{"href":"https:\/\/emlaktuel.com\/index.php?rest_route=\/wp\/v2\/types\/post"}],"author":[{"embeddable":true,"href":"https:\/\/emlaktuel.com\/index.php?rest_route=\/wp\/v2\/users\/1"}],"replies":[{"embeddable":true,"href":"https:\/\/emlaktuel.com\/index.php?rest_route=%2Fwp%2Fv2%2Fcomments&post=16627"}],"version-history":[{"count":1,"href":"https:\/\/emlaktuel.com\/index.php?rest_route=\/wp\/v2\/posts\/16627\/revisions"}],"predecessor-version":[{"id":16630,"href":"https:\/\/emlaktuel.com\/index.php?rest_route=\/wp\/v2\/posts\/16627\/revisions\/16630"}],"wp:attachment":[{"href":"https:\/\/emlaktuel.com\/index.php?rest_route=%2Fwp%2Fv2%2Fmedia&parent=16627"}],"wp:term":[{"taxonomy":"category","embeddable":true,"href":"https:\/\/emlaktuel.com\/index.php?rest_route=%2Fwp%2Fv2%2Fcategories&post=16627"},{"taxonomy":"post_tag","embeddable":true,"href":"https:\/\/emlaktuel.com\/index.php?rest_route=%2Fwp%2Fv2%2Ftags&post=16627"}],"curies":[{"name":"wp","href":"https:\/\/api.w.org\/{rel}","templated":true}]}}