{"id":16616,"date":"2017-08-14T10:39:37","date_gmt":"2017-08-14T07:39:37","guid":{"rendered":"http:\/\/emlaktuel.com\/?p=16616"},"modified":"2018-07-05T17:02:33","modified_gmt":"2018-07-05T14:02:33","slug":"tamer-son-depremin-cozumu-nitelikli-kentsel-donusum","status":"publish","type":"post","link":"https:\/\/emlaktuel.com\/?p=16616","title":{"rendered":"Tamer Son: Depremin \u00e7\u00f6z\u00fcm\u00fc nitelikli kentsel d\u00f6n\u00fc\u015f\u00fcm"},"content":{"rendered":"<h4><img loading=\"lazy\" class=\"alignleft size-full wp-image-16634\" src=\"http:\/\/emlaktuel.com\/wp-content\/uploads\/2017\/08\/tamer-son.jpg\" alt=\"\" width=\"858\" height=\"458\" \/><\/h4>\n<h4>Olas\u0131 depremlere kar\u015f\u0131 6,5 milyon binan\u0131n acilen yenilenmesi gerekiyor<\/h4>\n<h4><strong><i>\u00dclkemiz tarihinin en ac\u0131 ve unutulmaz felaketlerinden biri olan 17 A\u011fustos depreminin \u00fczerinden tam 18 y\u0131l ge\u00e7ti. Resmi verilere g\u00f6re, T\u00fcrkiye\u2019de son 114 y\u0131lda b\u00fcy\u00fckl\u00fc\u011f\u00fc 6 ve \u00fczerinde ger\u00e7ekle\u015fen 56 depremde, 81 bin 637 ki\u015finin ya\u015fam\u0131n\u0131 yitirdi\u011fini hat\u0131rlatan \u00c7ukurova Gayrimenkul Y\u00f6netim Kurulu Ba\u015fkan\u0131 Tamer Son, ya\u015fan\u0131lan depremlerin nitelikli kentsel d\u00f6n\u00fc\u015f\u00fcm i\u00e7in ikaz niteli\u011fi ta\u015f\u0131d\u0131\u011f\u0131n\u0131 ifade etti. Ad\u0131m ad\u0131m yakla\u015fan Marmara depremine de dikkat \u00e7eken Tamer Son, olas\u0131 bir depremde ya\u015fanabilecek kay\u0131plar\u0131n \u00f6nlenmesi i\u00e7in 6,5 milyon binan\u0131n acilen yenilenmesi gerekti\u011finin alt\u0131n\u0131 \u00e7izdi.<\/i><\/strong><\/h4>\n<h4>17 A\u011fustos depreminin 18. y\u0131ld\u00f6n\u00fcm\u00fc kapsam\u0131nda a\u00e7\u0131klamalarda bulunan\u00a0<strong>\u00c7ukurova Gayrimenkul Y\u00f6netim Kurulu Ba\u015fkan\u0131 Tamer Son<\/strong>, T\u00fcrkiye\u2019nin y\u00fcz\u00f6l\u00e7\u00fcm\u00fcn\u00fcn y\u00fczde 92&#8217;sinin deprem ku\u015fa\u011f\u0131nda bulundu\u011funu ve n\u00fcfusun y\u00fczde 95&#8217;inin deprem tehdidi alt\u0131nda ya\u015fad\u0131\u011f\u0131n\u0131 hat\u0131rlatt\u0131. Resmi verilere g\u00f6re, T\u00fcrkiye\u2019de 1903 y\u0131l\u0131ndan bu yana ge\u00e7en 114 y\u0131lda b\u00fcy\u00fckl\u00fc\u011f\u00fc 6 ve \u00fczerinde ger\u00e7ekle\u015fen 56 depremde, 81 bin 637 ki\u015finin ya\u015fam\u0131n\u0131 yitirdi\u011fini s\u00f6yleyen Tamer Son, ya\u015fan\u0131lan depremlerin kentsel d\u00f6n\u00fc\u015f\u00fcm i\u00e7in ikaz niteli\u011fi ta\u015f\u0131d\u0131\u011f\u0131n\u0131 vurgulad\u0131.<\/h4>\n<h4>Hen\u00fcz ge\u00e7mi\u015f ac\u0131lar\u0131n yaralar\u0131n\u0131 saramam\u0131\u015fken ad\u0131m ad\u0131m yakla\u015fan Marmara depremi ba\u015fta olmak \u00fczere olas\u0131 t\u00fcm depremlerin \u00e7\u00f6z\u00fcm\u00fcn\u00fcn nitelikli kentsel d\u00f6n\u00fc\u015f\u00fcm oldu\u011funun alt\u0131n\u0131 \u00e7izen Tamer Son, s\u00f6zlerine \u015f\u00f6yle devam etti; \u201cT\u00fcrkiye\u2019nin 20 milyonu a\u015fan yap\u0131 sto\u011funun y\u00fczde 67\u2019si ruhsats\u0131z ve ka\u00e7ak, y\u00fczde 60\u2019\u0131 ise 20 ya\u015f\u0131n \u00fczerindeki konutlardan olu\u015fuyor. Bu duruma \u00e7\u00f6z\u00fcm olarak 2012 y\u0131l\u0131nda ba\u015flat\u0131lan kentsel d\u00f6n\u00fc\u015f\u00fcmde yenilenmesi hedeflenen 6,5 milyon binaya kar\u015f\u0131n, bug\u00fcne kadar kentsel d\u00f6n\u00fc\u015f\u00fcm s\u00fcrecine girebilmi\u015f bina say\u0131s\u0131 120 binde kald\u0131. Olas\u0131 bir depremde ya\u015fanabilecek kay\u0131plar\u0131n \u00f6nlenmesi i\u00e7in \u00f6ncelikli olan bu 6,5 milyon binan\u0131n acilen yenilenmesi gerekiyor. Bu noktada kentsel d\u00f6n\u00fc\u015f\u00fcm s\u00fcrecinde Deprem Y\u00f6netmeli\u011fi\u2019ne uygun g\u00fcvenli binalar\u0131n in\u015fa edilmesi kritik \u00f6nem ta\u015f\u0131yor.\u201d<\/h4>\n<h4><strong>Kentsel d\u00f6n\u00fc\u015f\u00fcm f\u0131rsat yar\u0131\u015f\u0131na d\u00f6n\u00fc\u015fmemeli!<\/strong><\/h4>\n<h4>6306 Say\u0131l\u0131 Kentsel D\u00f6n\u00fc\u015f\u00fcm Yasas\u0131\u2019n\u0131n uygulama y\u00f6netmeli\u011finde yap\u0131lan radikal de\u011fi\u015fikliklerle bina yenileme s\u00fcrecinin art\u0131k \u00e7ok daha h\u0131zl\u0131 ilerleyece\u011fine dikkat \u00e7eken Son, \u201c\u00dclkemiz i\u00e7in yolu, altyap\u0131s\u0131, ye\u015fil alan\u0131 ve sosyal imkanlar\u0131 ile planl\u0131, sa\u011fl\u0131kl\u0131 ve s\u00fcrd\u00fcr\u00fclebilir \u015fehirler ancak kentsel d\u00f6n\u00fc\u015f\u00fcmle sa\u011flanabilir. \u015eehir planlamas\u0131n\u0131 b\u00fct\u00fcnc\u00fcl ve sistematik bir anlay\u0131\u015fla yapmak, gelecek nesillere kaliteli ya\u015fam imkan\u0131 tan\u0131mak ve olas\u0131 felaketlerde kay\u0131plar\u0131 en aza indirgemek i\u00e7in kentsel d\u00f6n\u00fc\u015f\u00fcm f\u0131rsat\u0131n\u0131 iyi de\u011ferlendirmek gerekiyor. 2012 y\u0131l\u0131nda ba\u015flat\u0131lan bu s\u00fcre\u00e7 asl\u0131nda 1999 depremi sonras\u0131 kaybedilen onca zaman\u0131 bir nebze de olsa telafi edecek gibi g\u00f6r\u00fcn\u00fcyor. Ancak yine de her \u015fey insan\u0131m\u0131zda bitiyor. Kentsel d\u00f6n\u00fc\u015f\u00fcm\u00fc f\u0131rsat yar\u0131\u015f\u0131na \u00e7evirmeye \u00e7al\u0131\u015fmak yerine \u00e7\u00f6z\u00fcmc\u00fcl bir yakla\u015f\u0131mla ilerlenirse t\u00fcm hedefler ger\u00e7e\u011fe d\u00f6n\u00fc\u015febilir ve insanlar\u0131m\u0131z hak ettikleri nitelikli konutlarda g\u00fcven ve huzur i\u00e7inde ya\u015fayabilirler\u201d \u015feklinde konu\u015ftu.<\/h4>\n<h4><strong>Binalar depremde s\u0131\u011f\u0131n\u0131lacak g\u00fcvenli limanlara d\u00f6n\u00fc\u015fmeli<\/strong><\/h4>\n<h4>Binalar\u0131n deprem an\u0131nda ka\u00e7\u0131lacak de\u011fil, aksine i\u00e7ine g\u00fcvenle s\u0131\u011f\u0131n\u0131lacak g\u00fcvenli liman olmas\u0131 gerekti\u011fini belirten Son, \u201cKentsel d\u00f6n\u00fc\u015f\u00fcm, deprem ger\u00e7e\u011fi ile ya\u015fayan T\u00fcrkiye i\u00e7in adeta milli bir dava olmal\u0131. D\u00f6n\u00fc\u015f\u00fcmle birlikte Deprem Y\u00f6netmeli\u011fi\u2019ne uygun olarak, kaliteli malzemeler ve en son in\u015faat teknolojileri ile in\u015fa edilmi\u015f binalar\u0131n say\u0131s\u0131 h\u0131zla artacak. Bu noktada t\u00fcketicilerin de hem konut se\u00e7erken gerekli sorgulamalar\u0131 yapmalar\u0131 hem de binalar\u0131n\u0131 yeniletme s\u00fcrecinde m\u00fchendislik ve mimarl\u0131k hizmetlerine gereken hassasiyeti g\u00f6steren g\u00fcvenilir firmalar\u0131 tercih etmeleri \u00e7ok \u00f6nemli. Zemin et\u00fcd\u00fcnden projelendirmeye, malzeme kalitesinden yap\u0131m faaliyetine kadar bina \u00fcretim s\u00fcrecinin her a\u015famas\u0131nda al\u0131nacak m\u00fchendislik hizmetinin yap\u0131lar\u0131n g\u00fcvenli ve s\u00fcrd\u00fcr\u00fclebilir olmas\u0131n\u0131n en \u00f6nemli teminat\u0131 oldu\u011funu unutmamak gerekiyor\u201d diyerek s\u00f6zlerini sonland\u0131rd\u0131.<\/h4>\n<h4><strong><i><u>\u00c7ukurova Gayrimenkul Hakk\u0131nda<\/u><\/i><\/strong><\/h4>\n<h4><i>\u0130n\u015faat sekt\u00f6r\u00fcnde 1993 y\u0131l\u0131ndan beri faaliyet g\u00f6steren SON Grup b\u00fcnyesindeki \u00c7ukurova Gayrimenkul, bug\u00fcne kadar Adana, Mersin ve \u0130stanbul\u2019da pek \u00e7ok prestijli konut projesine imza att\u0131. Mersin\u2019de hayata ge\u00e7irilen bir yazl\u0131k projesi olan Liparis 2 ve Liparis 4 ile sekt\u00f6re giri\u015f yapan \u00c7ukurova Gayrimenkul, Adana&#8217;da proje ortaklar\u0131yla birlikte TMT Park Life, TMT G\u00f6lvadi, Y\u00fczevler, Platinkent, Eserkent, \u00c7ukurova Residence, \u00c7ukurova Kent, \u00c7ukurova Park, \u00c7ukurova Villalar\u0131 gibi nitelikli konut projeleri ger\u00e7ekle\u015ftirdi. Kartal\u2019da in\u015fa etti\u011fi adalar ve deniz manzaral\u0131\u00a0<strong>Adanuspark<\/strong>\u00a0ile rotas\u0131n\u0131 \u0130stanbul\u2019a \u00e7eviren ve ard\u0131ndan yine b\u00f6lgenin sembol projelerinden biri olan\u00a0<strong>\u00c7ukurova Tower<\/strong>\u2019\u0131 hayata ge\u00e7iren \u00c7ukurova Gayrimenkul, 2015 y\u0131l\u0131n\u0131n May\u0131s ay\u0131nda yine Kartal\u2019da \u201cBalkon Hayat\u0131n Keyfidir\u201d temas\u0131yla\u00a0<strong>\u00c7ukurova Balkon<\/strong>\u00a0projesine ba\u015flad\u0131. Yenilik\u00e7i, \u00e7evreci ve m\u00fc\u015fteri odakl\u0131 bir yakla\u015f\u0131mla faaliyetlerini s\u00fcrd\u00fcren \u00c7ukurova Gayrimenkul, \u015fehircilik anlay\u0131\u015f\u0131na sahip projelerini insana ve do\u011faya sayg\u0131l\u0131 konseptlerle geli\u015ftiriyor. Keyifli ve kaliteli ya\u015fam alanlar\u0131n\u0131 k\u00e2rl\u0131 yat\u0131r\u0131m f\u0131rsatlar\u0131 ile birle\u015ftirmeyi misyon edinen \u00c7ukurova Gayrimenkul, bilgi birikimini ve deneyimini estetik, teknoloji, l\u00fcks ve konfor ile b\u00fct\u00fcnleyerek bulundu\u011fu b\u00f6lgeye de\u011fer katan modern projeler in\u015fa ediyor. Bu \u00e7er\u00e7evede bir yandan gayrimenkul sekt\u00f6r\u00fcn\u00fcn h\u0131zla geli\u015fti\u011fi Adana\u2019da projeleri devam eden \u00c7ukurova Gayrimenkul, merkez olarak konumland\u0131rd\u0131\u011f\u0131 \u0130stanbul\u2019un cazip b\u00f6lgelerinde yeni konut projeleri ger\u00e7ekle\u015ftirmeye devam ediyor.<\/i><i><\/i><\/h4>\n<h4><strong><a href=\"http:\/\/www.cg.com.tr\/\" target=\"_blank\" rel=\"noopener noreferrer\" data-saferedirecturl=\"https:\/\/www.google.com\/url?hl=tr&amp;q=http:\/\/www.cg.com.tr&amp;source=gmail&amp;ust=1502781611109000&amp;usg=AFQjCNFs2TXpEYT8rH_GfrccRX0HNA_5tw\">www.cg.com.tr<\/a><\/strong><\/h4>\n","protected":false},"excerpt":{"rendered":"<p>Olas\u0131 depremlere kar\u015f\u0131 6,5 milyon binan\u0131n acilen yenilenmesi gerekiyor \u00dclkemiz tarihinin en ac\u0131 ve unutulmaz felaketlerinden biri olan 17 A\u011fustos depreminin \u00fczerinden tam 18 y\u0131l ge\u00e7ti. Resmi verilere g\u00f6re, T\u00fcrkiye\u2019de son 114 y\u0131lda b\u00fcy\u00fckl\u00fc\u011f\u00fc 6 ve \u00fczerinde ger\u00e7ekle\u015fen 56 depremde, 81 bin 637 ki\u015finin ya\u015fam\u0131n\u0131 yitirdi\u011fini hat\u0131rlatan \u00c7ukurova Gayrimenkul Y\u00f6netim Kurulu Ba\u015fkan\u0131 Tamer Son, ya\u015fan\u0131lan [&hellip;]<\/p>\n","protected":false},"author":1,"featured_media":16634,"comment_status":"open","ping_status":"open","sticky":false,"template":"","format":"standard","meta":{"ngg_post_thumbnail":0},"categories":[221,26,97,5388],"tags":[9091,9079,11282,88,80,1551,106,9092,11231,1679,3795],"_links":{"self":[{"href":"https:\/\/emlaktuel.com\/index.php?rest_route=\/wp\/v2\/posts\/16616"}],"collection":[{"href":"https:\/\/emlaktuel.com\/index.php?rest_route=\/wp\/v2\/posts"}],"about":[{"href":"https:\/\/emlaktuel.com\/index.php?rest_route=\/wp\/v2\/types\/post"}],"author":[{"embeddable":true,"href":"https:\/\/emlaktuel.com\/index.php?rest_route=\/wp\/v2\/users\/1"}],"replies":[{"embeddable":true,"href":"https:\/\/emlaktuel.com\/index.php?rest_route=%2Fwp%2Fv2%2Fcomments&post=16616"}],"version-history":[{"count":5,"href":"https:\/\/emlaktuel.com\/index.php?rest_route=\/wp\/v2\/posts\/16616\/revisions"}],"predecessor-version":[{"id":16635,"href":"https:\/\/emlaktuel.com\/index.php?rest_route=\/wp\/v2\/posts\/16616\/revisions\/16635"}],"wp:featuredmedia":[{"embeddable":true,"href":"https:\/\/emlaktuel.com\/index.php?rest_route=\/wp\/v2\/media\/16634"}],"wp:attachment":[{"href":"https:\/\/emlaktuel.com\/index.php?rest_route=%2Fwp%2Fv2%2Fmedia&parent=16616"}],"wp:term":[{"taxonomy":"category","embeddable":true,"href":"https:\/\/emlaktuel.com\/index.php?rest_route=%2Fwp%2Fv2%2Fcategories&post=16616"},{"taxonomy":"post_tag","embeddable":true,"href":"https:\/\/emlaktuel.com\/index.php?rest_route=%2Fwp%2Fv2%2Ftags&post=16616"}],"curies":[{"name":"wp","href":"https:\/\/api.w.org\/{rel}","templated":true}]}}