{"id":16613,"date":"2017-08-14T10:34:34","date_gmt":"2017-08-14T07:34:34","guid":{"rendered":"http:\/\/emlaktuel.com\/?p=16613"},"modified":"2018-07-05T17:02:29","modified_gmt":"2018-07-05T14:02:29","slug":"su-yalitimi-yapilmayan-binalar-depremin-yikici-etkilerine-davetiye-cikariyor","status":"publish","type":"post","link":"https:\/\/emlaktuel.com\/?p=16613","title":{"rendered":"\u201cSu yal\u0131t\u0131m\u0131 yap\u0131lmayan binalar\u00a0depremin y\u0131k\u0131c\u0131 etkilerine davetiye \u00e7\u0131kar\u0131yor\u201d"},"content":{"rendered":"<h4><img loading=\"lazy\" class=\"alignleft size-full wp-image-16614\" src=\"http:\/\/emlaktuel.com\/wp-content\/uploads\/2017\/08\/1500025786_KalekimGenelMuduru_AltugAkbas.jpg\" alt=\"\" width=\"2880\" height=\"1920\" \/><\/h4>\n<h4>Yap\u0131 kimyasallar\u0131 sekt\u00f6r\u00fcn\u00fcn \u00f6nc\u00fc kurulu\u015fu Kalekim, depremde meydana gelen b\u00fcy\u00fck y\u0131k\u0131mlar\u0131n en \u00f6nemli nedeninin korozyon oldu\u011funa dikkat \u00e7ekiyor. T\u00fcrkiye\u2019de yal\u0131t\u0131ms\u0131z binalar\u0131n say\u0131s\u0131n\u0131n \u00e7ok y\u00fcksek olmas\u0131 nedeniyle, su yal\u0131t\u0131m\u0131n\u0131n \u00f6nemine dikkat \u00e7ekmeyi g\u00f6rev edindiklerini belirten Kalekim Genel M\u00fcd\u00fcr\u00fc Altu\u011f Akba\u015f, \u201cDeprem ku\u015fa\u011f\u0131nda yer alan \u00fclkemizde su yal\u0131t\u0131m\u0131 konusu hayati \u00f6nem ta\u015f\u0131yor \u00e7\u00fcnk\u00fc binalar\u0131n ta\u015f\u0131y\u0131c\u0131 sistemi, korozyon nedeniyle 10 y\u0131l i\u00e7inde ba\u015flang\u0131\u00e7taki ta\u015f\u0131ma kapasitesinin y\u00fczde 65\u2019ini kaybediyor\u201d dedi.<\/h4>\n<h4>17 A\u011fustos 1999 Marmara Depreminin y\u0131ld\u00f6n\u00fcm\u00fc yakla\u015f\u0131rken su yal\u0131t\u0131m\u0131 ile deprem ili\u015fkisini anlatan bir a\u00e7\u0131klama yapan Kalekim Genel M\u00fcd\u00fcr\u00fc Altu\u011f Akba\u015f, binalarda korozyona neden olan sorunlar\u0131n en ba\u015f\u0131nda su yal\u0131t\u0131m\u0131n\u0131n geldi\u011fini vurgulad\u0131. Su yal\u0131t\u0131m\u0131 yap\u0131lm\u0131\u015f binalar\u0131n hem korozyona kar\u015f\u0131 senelerce direndi\u011fine, hem de depremin y\u0131k\u0131c\u0131 etkilerine kar\u015f\u0131 korundu\u011funa dikkat \u00e7eken Altu\u011f Akba\u015f, \u201cMarmara Depremi\u2019nden sonra yap\u0131lan kontrollerde, korozyon tehlikesi somut olarak ortaya \u00e7\u0131kt\u0131. \u00c7\u00fcnk\u00fc binalar\u0131n b\u00fcy\u00fck oranda korozyona u\u011frad\u0131\u011f\u0131 i\u00e7in \u00e7\u00f6kt\u00fc\u011f\u00fc tespit edildi\u201d diye konu\u015ftu.<\/h4>\n<h4>Depremin y\u0131k\u0131c\u0131 etkilerine davetiye \u00e7\u0131karan korozyonun olumsuz etkilerinin, hem vatanda\u015fa hem de \u00fclkemize her a\u00e7\u0131dan \u00f6nemli kay\u0131plar ya\u015fatt\u0131\u011f\u0131n\u0131 belirten Altu\u011f Akba\u015f, \u015funlar\u0131 s\u00f6yledi: \u201cDepreme dayan\u0131kl\u0131 binalar i\u00e7in su yal\u0131t\u0131m\u0131 \u015fart ve bunun her binada uygulanmas\u0131n\u0131n h\u0131zland\u0131r\u0131lmas\u0131 i\u00e7in \u00f6ncelikle \u2018Su Yal\u0131t\u0131m\u0131 Mevzuat\u0131\u2019n\u0131n \u00e7\u0131kar\u0131lmas\u0131 gerekiyor. Kentsel d\u00f6n\u00fc\u015f\u00fcm\u00fcn g\u00fcndemde oldu\u011fu g\u00fcn\u00fcm\u00fczde hayata ge\u00e7irilecek mevzuatla birlikte, su yal\u0131t\u0131m\u0131n\u0131n zorunlu tutuldu\u011fu yap\u0131larda kullan\u0131lan malzemelerin denetlenmesi de sa\u011flanm\u0131\u015f olacak.\u201d<\/h4>\n<h4>Ayr\u0131ca su yal\u0131t\u0131m\u0131 yap\u0131l\u0131rken, malzeme ve uygulamalar\u0131n standartlara uygunlu\u011funun da s\u0131k\u0131 bir \u015fekilde denetlenmesi gerekti\u011fini ifade eden Altu\u011f Akba\u015f, \u201dBinalara s\u0131zan su, korozyonun yan\u0131 s\u0131ra, insan sa\u011fl\u0131\u011f\u0131na zararl\u0131 k\u00fcf, mantar ve benzeri organik maddelerin olu\u015fumuna sebep oluyor. Gerek yap\u0131 g\u00fcvenli\u011fi, gerekse sa\u011fl\u0131k ve konfor \u015fartlar\u0131 a\u00e7\u0131s\u0131ndan binalarda mutlaka standartlara uygun malzemelerle su yal\u0131t\u0131m\u0131 uygulanmal\u0131\u201d dedi.<\/h4>\n","protected":false},"excerpt":{"rendered":"<p>Yap\u0131 kimyasallar\u0131 sekt\u00f6r\u00fcn\u00fcn \u00f6nc\u00fc kurulu\u015fu Kalekim, depremde meydana gelen b\u00fcy\u00fck y\u0131k\u0131mlar\u0131n en \u00f6nemli nedeninin korozyon oldu\u011funa dikkat \u00e7ekiyor. T\u00fcrkiye\u2019de yal\u0131t\u0131ms\u0131z binalar\u0131n say\u0131s\u0131n\u0131n \u00e7ok y\u00fcksek olmas\u0131 nedeniyle, su yal\u0131t\u0131m\u0131n\u0131n \u00f6nemine dikkat \u00e7ekmeyi g\u00f6rev edindiklerini belirten Kalekim Genel M\u00fcd\u00fcr\u00fc Altu\u011f Akba\u015f, \u201cDeprem ku\u015fa\u011f\u0131nda yer alan \u00fclkemizde su yal\u0131t\u0131m\u0131 konusu hayati \u00f6nem ta\u015f\u0131yor \u00e7\u00fcnk\u00fc binalar\u0131n ta\u015f\u0131y\u0131c\u0131 sistemi, korozyon [&hellip;]<\/p>\n","protected":false},"author":1,"featured_media":16614,"comment_status":"open","ping_status":"open","sticky":false,"template":"","format":"standard","meta":{"ngg_post_thumbnail":0},"categories":[221,26,5217,97,5388],"tags":[11142,9079,11195,88,11284,316],"_links":{"self":[{"href":"https:\/\/emlaktuel.com\/index.php?rest_route=\/wp\/v2\/posts\/16613"}],"collection":[{"href":"https:\/\/emlaktuel.com\/index.php?rest_route=\/wp\/v2\/posts"}],"about":[{"href":"https:\/\/emlaktuel.com\/index.php?rest_route=\/wp\/v2\/types\/post"}],"author":[{"embeddable":true,"href":"https:\/\/emlaktuel.com\/index.php?rest_route=\/wp\/v2\/users\/1"}],"replies":[{"embeddable":true,"href":"https:\/\/emlaktuel.com\/index.php?rest_route=%2Fwp%2Fv2%2Fcomments&post=16613"}],"version-history":[{"count":1,"href":"https:\/\/emlaktuel.com\/index.php?rest_route=\/wp\/v2\/posts\/16613\/revisions"}],"predecessor-version":[{"id":16615,"href":"https:\/\/emlaktuel.com\/index.php?rest_route=\/wp\/v2\/posts\/16613\/revisions\/16615"}],"wp:featuredmedia":[{"embeddable":true,"href":"https:\/\/emlaktuel.com\/index.php?rest_route=\/wp\/v2\/media\/16614"}],"wp:attachment":[{"href":"https:\/\/emlaktuel.com\/index.php?rest_route=%2Fwp%2Fv2%2Fmedia&parent=16613"}],"wp:term":[{"taxonomy":"category","embeddable":true,"href":"https:\/\/emlaktuel.com\/index.php?rest_route=%2Fwp%2Fv2%2Fcategories&post=16613"},{"taxonomy":"post_tag","embeddable":true,"href":"https:\/\/emlaktuel.com\/index.php?rest_route=%2Fwp%2Fv2%2Ftags&post=16613"}],"curies":[{"name":"wp","href":"https:\/\/api.w.org\/{rel}","templated":true}]}}