{"id":16604,"date":"2017-08-12T13:14:25","date_gmt":"2017-08-12T10:14:25","guid":{"rendered":"http:\/\/emlaktuel.com\/?p=16604"},"modified":"2018-07-05T17:02:20","modified_gmt":"2018-07-05T14:02:20","slug":"hasanoglu-insaat-alasiri-ilk-yatirimini-bahcekentte-yapacak","status":"publish","type":"post","link":"https:\/\/emlaktuel.com\/?p=16604","title":{"rendered":"Hasano\u011flu \u0130n\u015faat-Alasiri ilk yat\u0131r\u0131m\u0131n\u0131 Bah\u00e7ekent&#8217;te yapacak"},"content":{"rendered":"<h4 class=\"selectionShareable\"><img loading=\"lazy\" class=\"size-full wp-image-16605 aligncenter\" src=\"http:\/\/emlaktuel.com\/wp-content\/uploads\/2017\/08\/hasanoglu-ispartakule.jpg\" alt=\"\" width=\"660\" height=\"330\" \/><\/h4>\n<h4 class=\"selectionShareable\">T\u00fcrkiye in\u015faat sekt\u00f6r\u00fcn\u00fcn \u00f6zellikle son d\u00f6nemlerde yo\u011fun olarak y\u00f6neldi\u011fi K\u00f6rfez merkezli \u015firketlerle ortakl\u0131k e\u011filimine Hasano\u011flu \u0130n\u015faat da kat\u0131ld\u0131. Hasano\u011flu \u0130n\u015faat, Suudi Arabistanl\u0131 Alasiri Grup ile i\u015fbirli\u011fi anla\u015fmas\u0131 imzaland\u0131. At\u0131lan imzalarla birlikte ortak yat\u0131r\u0131mlar\u0131n da \u00f6n\u00fc a\u00e7\u0131lm\u0131\u015f oldu.<\/h4>\n<h3>\u0130lk ortak yat\u0131r\u0131m Bah\u00e7ekent arsas\u0131nda<\/h3>\n<h4 class=\"selectionShareable\">Suudi Arabistan&#8217;\u0131n \u00f6nemli aileleri ve gayrimenkul yat\u0131r\u0131mc\u0131lar\u0131ndan biri olarak kabul edilen Alasiri Grup ile ortakl\u0131k anla\u015fmas\u0131 imzalayan Hasano\u011flu \u0130n\u015faat, grupla ortak yat\u0131r\u0131mlar geli\u015ftirmek ve projeler hayata ge\u00e7irmek i\u00e7in harekete ge\u00e7ti. \u0130ki firma ortakl\u0131\u011f\u0131 ile hayata ge\u00e7irilecek ilk yat\u0131r\u0131m Hasano\u011flu \u0130n\u015faat&#8217;\u0131n Bah\u00e7ekent&#8217;teki arsas\u0131 \u00fczerinde y\u00fckselecek.<\/h4>\n<h3>Hasano\u011flu \u0130n\u015faat-Alasiri Grup anla\u015fmas\u0131<\/h3>\n<h4 class=\"selectionShareable\">\u0130ki firma aras\u0131ndaki ortakl\u0131\u011f\u0131n T\u00fcrkiye ekonomisi ve in\u015faat sekt\u00f6r\u00fc ad\u0131na b\u00fcy\u00fck \u00f6nem ta\u015f\u0131d\u0131\u011f\u0131n\u0131 dile getiren Hasano\u011ful \u0130n\u015faat Y\u00f6netim Kurulu \u00dcyesi Ali \u00c7ep: &#8220;Bug\u00fcn \u00e7ok \u00f6nemli bir ad\u0131m atarak, Alasiri Grup ile yeni bir i\u015f birli\u011fine imza att\u0131k. Suudi Arabistan\u2019\u0131n \u00f6nemli ailelerinden olan Alasiri Grup ayn\u0131 zamanda \u00fclkenin en \u00f6nemli gayrimenkul yat\u0131r\u0131mc\u0131lar\u0131ndan. B\u00f6ylesine \u00f6nemli bir grup ile i\u015f birli\u011fine gitmenin mutlulu\u011funu ya\u015f\u0131yoruz. Alasiri Grup ile birlikte \u00fclkemiz ve sekt\u00f6r\u00fcm\u00fcz ad\u0131na \u00e7ok \u00f6nemli yat\u0131r\u0131mlar ger\u00e7ekle\u015ftirece\u011fiz\u201d ifadelerini kulland\u0131.<\/h4>\n<h3>Hasano\u011flu \u0130n\u015faat projeleri<\/h3>\n<h4 class=\"selectionShareable\">1993 y\u0131l\u0131nda in\u015faat sekt\u00f6r\u00fcndeki faaliyetlerine ba\u015flayan Hasano\u011flu, gelece\u011fin teknolojilerinin estetik ve fonksiyonellik ile birle\u015fti\u011fi konut projelerine imza atm\u0131\u015ft\u0131. Kamu ve ozel sekt\u00f6r alan\u0131nda \u00f6nemli projeler geli\u015ftiren firma, 2000&#8217;li y\u0131llar\u0131n ba\u015f\u0131nda Ar-Ge \u00e7al\u0131\u015fmalar\u0131 ve yat\u0131r\u0131mlar\u0131 ile Banu Evleri Markas\u0131n\u0131 yaratm\u0131\u015ft\u0131. Bah\u00e7e\u015fehir&#8217;e hayata ge\u00e7irilen Banu Evleri&#8217;nin ard\u0131ndan\u00a0BANU EVLER\u0130 Ispartakule 1, BANU EVLER\u0130 Ispartakule 2 ve BANU EVLER\u0130 Ispartakule 3 projelerini de hayata ge\u00e7iren firma, Alasiri Grup ile ortakl\u0131\u011f\u0131 sonras\u0131ndaki ilk projesini de firman\u0131n Bah\u00e7ekent arsas\u0131nda uygulamaya alacak.\u00a0Hasano\u011flu \u0130n\u015faat, Mustafa Hasano\u011flu Vakf\u0131 ile birlikte y\u00fcr\u00fctt\u00fc\u011f\u00fc sosyal sorumluluk projeleri kapsam\u0131nda; e\u011fitim, \u00e7evre, k\u00fclt\u00fcr, sanat ve sa\u011fl\u0131k alan\u0131nda \u00f6nemli \u00e7al\u0131\u015fmalara da imza atmay\u0131 s\u00fcrd\u00fcr\u00fcyor.<\/h4>\n","protected":false},"excerpt":{"rendered":"<p>T\u00fcrkiye in\u015faat sekt\u00f6r\u00fcn\u00fcn \u00f6zellikle son d\u00f6nemlerde yo\u011fun olarak y\u00f6neldi\u011fi K\u00f6rfez merkezli \u015firketlerle ortakl\u0131k e\u011filimine Hasano\u011flu \u0130n\u015faat da kat\u0131ld\u0131. Hasano\u011flu \u0130n\u015faat, Suudi Arabistanl\u0131 Alasiri Grup ile i\u015fbirli\u011fi anla\u015fmas\u0131 imzaland\u0131. At\u0131lan imzalarla birlikte ortak yat\u0131r\u0131mlar\u0131n da \u00f6n\u00fc a\u00e7\u0131lm\u0131\u015f oldu. \u0130lk ortak yat\u0131r\u0131m Bah\u00e7ekent arsas\u0131nda Suudi Arabistan&#8217;\u0131n \u00f6nemli aileleri ve gayrimenkul yat\u0131r\u0131mc\u0131lar\u0131ndan biri olarak kabul edilen Alasiri Grup [&hellip;]<\/p>\n","protected":false},"author":1,"featured_media":16605,"comment_status":"open","ping_status":"open","sticky":false,"template":"","format":"standard","meta":{"ngg_post_thumbnail":0},"categories":[221,26,5217,97,5388],"tags":[11289,696,4721,561,9089,9090,67,1258,11203,11539,96],"_links":{"self":[{"href":"https:\/\/emlaktuel.com\/index.php?rest_route=\/wp\/v2\/posts\/16604"}],"collection":[{"href":"https:\/\/emlaktuel.com\/index.php?rest_route=\/wp\/v2\/posts"}],"about":[{"href":"https:\/\/emlaktuel.com\/index.php?rest_route=\/wp\/v2\/types\/post"}],"author":[{"embeddable":true,"href":"https:\/\/emlaktuel.com\/index.php?rest_route=\/wp\/v2\/users\/1"}],"replies":[{"embeddable":true,"href":"https:\/\/emlaktuel.com\/index.php?rest_route=%2Fwp%2Fv2%2Fcomments&post=16604"}],"version-history":[{"count":1,"href":"https:\/\/emlaktuel.com\/index.php?rest_route=\/wp\/v2\/posts\/16604\/revisions"}],"predecessor-version":[{"id":16606,"href":"https:\/\/emlaktuel.com\/index.php?rest_route=\/wp\/v2\/posts\/16604\/revisions\/16606"}],"wp:featuredmedia":[{"embeddable":true,"href":"https:\/\/emlaktuel.com\/index.php?rest_route=\/wp\/v2\/media\/16605"}],"wp:attachment":[{"href":"https:\/\/emlaktuel.com\/index.php?rest_route=%2Fwp%2Fv2%2Fmedia&parent=16604"}],"wp:term":[{"taxonomy":"category","embeddable":true,"href":"https:\/\/emlaktuel.com\/index.php?rest_route=%2Fwp%2Fv2%2Fcategories&post=16604"},{"taxonomy":"post_tag","embeddable":true,"href":"https:\/\/emlaktuel.com\/index.php?rest_route=%2Fwp%2Fv2%2Ftags&post=16604"}],"curies":[{"name":"wp","href":"https:\/\/api.w.org\/{rel}","templated":true}]}}