{"id":16513,"date":"2017-08-09T18:52:45","date_gmt":"2017-08-09T15:52:45","guid":{"rendered":"http:\/\/emlaktuel.com\/?p=16513"},"modified":"2018-07-05T17:01:20","modified_gmt":"2018-07-05T14:01:20","slug":"erdemirden-yuksek-katma-degerli-celikler-icin-stratejik-yatirim-atagi","status":"publish","type":"post","link":"https:\/\/emlaktuel.com\/?p=16513","title":{"rendered":"Erdemir\u2019den Y\u00fcksek Katma De\u011ferli \u00c7elikler \u0130\u00e7in Stratejik Yat\u0131r\u0131m Ata\u011f\u0131  \u00a0"},"content":{"rendered":"<h4 class=\"m_894242152674801680MsoListParagraph\"><\/h4>\n<h4 class=\"m_894242152674801680MsoListParagraph\"><b>OYAK Maden ve Metal\u00fcrji Grubu \u00e7at\u0131s\u0131 alt\u0131nda yeni bir b\u00fcy\u00fcme d\u00f6nemine ad\u0131m atan Erdemir, T\u00fcrkiye \u00e7elik sekt\u00f6r\u00fcn\u00fcn ihtiya\u00e7 duydu\u011fu yeni yat\u0131r\u0131mlar\u0131n m\u00fcjdesini verdi. T\u00fcrkiye\u2019de \u00fcretilmeyen y\u00fcksek katma de\u011ferli \u00e7eliklerin \u00fcretimine y\u00f6nelik \u0131s\u0131l i\u015flem tesisini kurmak i\u00e7in harekete ge\u00e7en Erdemir, \u00fclkemizin en \u00f6nemli \u00e7elik ithalat kalemlerinden olan galvanizli geni\u015f malzemeler \u00fcretimi i\u00e7in de \u00e7al\u0131\u015fmalara ba\u015flad\u0131.<u><\/u><u><\/u><\/b><\/h4>\n<h4 class=\"m_894242152674801680MsoListParagraph\"><b><u><\/u>\u00a0<u><\/u><\/b><\/h4>\n<h4 class=\"m_894242152674801680MsoListParagraph\">T\u00fcrkiye sanayisinin uluslararas\u0131 pazarlardaki g\u00fcc\u00fcn\u00fc art\u0131rma vizyonuyla hareket eden Erdemir, T\u00fcrkiye\u2019de \u00fcretilmeyen y\u00fcksek katma de\u011ferli \u00e7eliklerin \u00fcretimine y\u00f6nelik \u0131s\u0131l i\u015flem tesisini kurma \u00e7al\u0131\u015fmalar\u0131na ba\u015flad\u0131. T\u00fcrkiye \u00e7elik sanayi i\u00e7in bir ilk olan ve iki y\u0131l i\u00e7erisinde hayata ge\u00e7mesi planlanan bu yat\u0131r\u0131mla Erdemir, y\u00fcksek mukavemetli ve a\u015f\u0131nmaya kar\u015f\u0131 diren\u00e7li \u00e7elikleri \u00fcr\u00fcn gam\u0131na d\u00e2hil edecek. Yap\u0131lacak tesis Erdemir\u2019de bulunan, T\u00fcrkiye\u2019nin ilk ve tek levha haddehanesinin tamamlay\u0131c\u0131s\u0131 konumunda olacak.<u><\/u><u><\/u><\/h4>\n<h4 class=\"m_894242152674801680MsoListParagraph\"><u><\/u>\u00a0<u><\/u><\/h4>\n<h4 class=\"m_894242152674801680MsoListParagraph\"><b>Galvanizli geni\u015f malzemeler art\u0131k T\u00fcrkiye\u2019de \u00fcretilecek<u><\/u><u><\/u><\/b><\/h4>\n<h4 class=\"m_894242152674801680MsoListParagraph\">Erdemir, bir di\u011fer \u00f6nemli yat\u0131r\u0131m\u0131 olan 2. Galvanizleme Hatt\u0131\u2019n\u0131 da 2018 y\u0131l\u0131n\u0131n ilk yar\u0131s\u0131nda devreye alacak.\u00a0 350 bin ton kapasiteli bu hatt\u0131n i\u015fletmeye al\u0131nmas\u0131yla birlikte, \u00fclkemizin en \u00f6nemli katma de\u011ferli \u00e7elik ithalat kalemlerinden olan galvanizli geni\u015f malzemeler, T\u00fcrkiye\u2019de \u00fcretilir hale gelecek. Otomotiv, beyaz e\u015fya ve yap\u0131 sekt\u00f6r\u00fc a\u011f\u0131rl\u0131kl\u0131 olmak \u00fczere T\u00fcrk imalat sanayisi Erdemir kalitesiyle galvanizli geni\u015f malzemelere yurt i\u00e7inden ula\u015fabilecek.<u><\/u><u><\/u><\/h4>\n<h4 class=\"m_894242152674801680MsoListParagraph\"><u><\/u>\u00a0<img loading=\"lazy\" class=\"size-full wp-image-16515 aligncenter\" src=\"http:\/\/emlaktuel.com\/wp-content\/uploads\/2017\/08\/OYAK-YKB-Tu\u0308mg.-Mehmet-Tas\u0327.jpg\" alt=\"\" width=\"1000\" height=\"672\" \/><u><\/u><\/h4>\n<h4 class=\"m_894242152674801680MsoListParagraph\"><b>Ta\u015f: \u201cT\u00fcrkiye\u2019nin ihtiyac\u0131 do\u011frultusunda hareket ediyoruz\u201d<u><\/u><u><\/u><\/b><\/h4>\n<h4 class=\"m_894242152674801680MsoListParagraph\">OYAK\u2019\u0131n grup \u015firketleriyle birlikte sa\u011flam ad\u0131mlarla b\u00fcy\u00fcd\u00fc\u011f\u00fcn\u00fc s\u00f6yleyen OYAK Y\u00f6netim Kurulu Ba\u015fkan\u0131 Mehmet Ta\u015f; T\u00fcrkiye ekonomisinin cari a\u00e7\u0131kla m\u00fccadele, yat\u0131r\u0131m ve istihdam ihtiyac\u0131 do\u011frultusunda hareket ettiklerini, bu vizyoner yakla\u015f\u0131m\u0131n, gruba ba\u015far\u0131 getirirken \u00fclke ekonomisinin gelece\u011fine de katk\u0131 sa\u011flad\u0131\u011f\u0131n\u0131 belirtti.<u><\/u><u><\/u><\/h4>\n<h4 class=\"m_894242152674801680MsoListParagraph\"><b><u><\/u>\u00a0<img loading=\"lazy\" class=\"alignleft size-full wp-image-16514\" src=\"http:\/\/emlaktuel.com\/wp-content\/uploads\/2017\/08\/OYAK-Genel-Mu\u0308du\u0308ru\u0308-Su\u0308leyman-Savas\u0327-Erdem.jpg\" alt=\"\" width=\"1000\" height=\"672\" \/><u><\/u><\/b><\/h4>\n<h4 class=\"m_894242152674801680MsoListParagraph\"><b>Erdem: \u201c\u00dclkemizin k\u00fcresel rekabette \u00f6ne \u00e7\u0131kmas\u0131 i\u00e7in \u00fczerimize d\u00fc\u015feni yapaca\u011f\u0131z\u201d<u><\/u><u><\/u><\/b><\/h4>\n<h4 class=\"m_894242152674801680MsoListParagraph\">OYAK Grubu \u00e7at\u0131s\u0131 alt\u0131ndaki her \u015firketin, 2017 y\u0131l\u0131n\u0131n ilk alt\u0131 ay\u0131nda \u00f6nemli bir geli\u015fim ivmesi yakalad\u0131\u011f\u0131n\u0131 ifade eden OYAK Genel M\u00fcd\u00fcr\u00fc S\u00fcleyman Sava\u015f Erdem, Erdemir\u2019in yeni yat\u0131r\u0131m\u0131 ile ilgili olarak da \u015funlar\u0131 s\u00f6yledi:<u><\/u><u><\/u><\/h4>\n<h4 class=\"m_894242152674801680MsoListParagraph\">\u201cY\u00fcksek katma de\u011ferli ve T\u00fcrkiye\u2019de \u00fcretilmeyen \u00fcr\u00fcnlere y\u00f6nelik stratejik yat\u0131r\u0131mlar\u0131m\u0131zla, sanayimizin gelece\u011fini destekliyor, g\u00fc\u00e7lendiriyoruz. \u00c7elik sekt\u00f6r\u00fcn\u00fcn lideri olarak, \u00fclkemizin k\u00fcresel rekabette \u00f6ne \u00e7\u0131kmas\u0131 i\u00e7in \u00fczerimize d\u00fc\u015feni yapaca\u011f\u0131z. Teknolojideki yenilikleri takip ederek, bilgi \u00fcreterek, yeni yat\u0131r\u0131mlar\u0131m\u0131z\u0131n ve Ar-Ge \u00e7al\u0131\u015fmalar\u0131m\u0131z\u0131n da deste\u011fiyle katma de\u011ferli \u00fcr\u00fcnlerle \u00fcr\u00fcn gam\u0131m\u0131z\u0131 geni\u015fletece\u011fiz ve kapasite kullan\u0131m\u0131m\u0131z\u0131 en \u00fcst d\u00fczeyde tutarak ilerleyece\u011fiz. Kaynaklar\u0131m\u0131z\u0131 en etkin \u015fekilde y\u00f6neterek, T\u00fcrk sanayisinin yan\u0131nda olmaya devam edece\u011fiz.\u201d<u><\/u><u><\/u><\/h4>\n<h4 class=\"m_894242152674801680MsoListParagraph\"><u><\/u>\u00a0<img loading=\"lazy\" class=\"alignleft wp-image-16516\" src=\"http:\/\/emlaktuel.com\/wp-content\/uploads\/2017\/08\/OYAK-Maden-Metalurji-GB.-O\u0308mer-M.-Bakt\u0131r.jpg\" alt=\"\" width=\"276\" height=\"541\" \/><u><\/u><\/h4>\n<h4 class=\"m_894242152674801680MsoListParagraph\"><b>Bakt\u0131r: \u201cErdemir\u2019in bu yat\u0131r\u0131m\u0131 T\u00fcrkiye\u2019de ilk ve tek\u201d<u><\/u><u><\/u><\/b><\/h4>\n<h4 class=\"m_894242152674801680MsoListParagraph\">OYAK Maden ve Metal\u00fcrji Grubu Ba\u015fkan\u0131 \u00d6mer M. Bakt\u0131r, \u201c\u00c7elik sekt\u00f6r\u00fcn\u00fcn lider \u00fcreticisi olarak, sekt\u00f6r\u00fcn ihtiyac\u0131 olan teknolojik d\u00f6n\u00fc\u015f\u00fcm\u00fc te\u015fvik edecek nitelikte bir yat\u0131r\u0131m\u0131n arifesindeyiz. Y\u00fcksek mukavemetli ve a\u015f\u0131nmaya kar\u015f\u0131 diren\u00e7li \u00e7elikleri Erdemir\u2019in \u00fcr\u00fcn gam\u0131na dahil etmeye haz\u0131rlan\u0131yoruz. Erdemir\u2019de bulunan levha haddehanesinin tamamlay\u0131c\u0131s\u0131 konumunda olacak bu tesis ve b\u00fcy\u00fck yat\u0131r\u0131m\u0131n grubumuza finansal ve operasyonel ba\u015far\u0131 olarak yans\u0131yaca\u011f\u0131na, ayn\u0131 zamanda T\u00fcrkiye \u00e7elik sanayisinin uluslararas\u0131 pazarlardaki g\u00fcc\u00fcn\u00fc art\u0131raca\u011f\u0131na inan\u0131yorum. Grubumuza ve T\u00fcrkiye \u00e7elik sekt\u00f6r\u00fcne hay\u0131rl\u0131 olmas\u0131n\u0131 dilerken Erdemir\u2019in stratejik yat\u0131r\u0131mlar\u0131n\u0131n devam edece\u011fini bildirmekten memnuniyet duyuyorum\u201d dedi.<u><\/u><u><\/u><\/h4>\n<h4 class=\"m_894242152674801680MsoListParagraph\"><u><\/u>\u00a0<u><\/u><\/h4>\n<h4 class=\"m_894242152674801680MsoListParagraph\"><b>\u0130hracat y\u00fczde 57 artarak 44 \u00fclkeye ula\u015ft\u0131<u><\/u><u><\/u><\/b><\/h4>\n<h4 class=\"m_894242152674801680MsoListParagraph\">OYAK Maden ve Metal\u00fcrji Grubu, y\u00fcksek katma de\u011ferli \u00fcr\u00fcnlere y\u00f6nelik yat\u0131r\u0131mlar\u0131yla b\u00fcy\u00fcmeye odaklan\u0131rken, 2017 y\u0131l\u0131n\u0131n ilk alt\u0131 ay\u0131nda, ba\u011fl\u0131 \u015firketleriyle birlikte y\u00fcksek bir performans sergiledi ve \u00f6nemli finansal sonu\u00e7lar elde etti.<b> <\/b>Y\u0131l\u0131n ilk alt\u0131 ay\u0131nda 0,6 milyon ton uzun, 3,8 milyon ton yass\u0131 olmak \u00fczere toplamda 4,4 milyon ton nihai \u00fcr\u00fcn \u00fcreten Erdemir y\u0131l\u0131n ayn\u0131 d\u00f6neminde 0,6 milyon ton uzun ve 3,7 milyon ton yass\u0131 \u00fcr\u00fcn sat\u0131\u015f\u0131 ger\u00e7ekle\u015ftirdi. \u0130hracat\u0131n\u0131 da ge\u00e7en y\u0131l\u0131n ayn\u0131 d\u00f6nemine g\u00f6re y\u00fczde 57 art\u0131ran Erdemir, y\u0131l\u0131n ilk yar\u0131s\u0131nda 44 \u00fclkeye 0,8 milyon ton ihracat ger\u00e7ekle\u015ftirdi.\u00a0 Erdemir bir \u00f6nceki y\u0131l\u0131n ayn\u0131 d\u00f6nemine g\u00f6re y\u00fczde 36 art\u0131\u015fla 2,4 milyar ABD Dolar\u0131 sat\u0131\u015f geliri elde etti.<u><\/u><u><\/u><\/h4>\n<h4 class=\"m_894242152674801680MsoListParagraph\"><u><\/u>\u00a0<u><\/u><\/h4>\n<h4 class=\"m_894242152674801680MsoListParagraph\"><b>Erdemir Kurumsal Y\u00f6netim Notunu da y\u00fckseltti<u><\/u><u><\/u><\/b><\/h4>\n<h4 class=\"m_894242152674801680MsoListParagraph\">Erdemir, 2017 y\u0131l\u0131ndaki ba\u015far\u0131lar\u0131na kurumsal y\u00f6netim alan\u0131nda da bir yenisini ekledi.\u00a0 Kobirate Uluslararas\u0131 Kredi Derecelendirme ve Kurumsal Y\u00f6netim Hizmetleri A.\u015e.\u2019nin derecelendirme raporuna g\u00f6re \u015firket 2017 y\u0131l\u0131nda kurumsal y\u00f6netim ilkelerine uyum notunu 2 puanl\u0131k art\u0131\u015fla 9,22\u2019ye y\u00fckseltti. Erdemir\u2019in BIST Kurumsal Y\u00f6netim Endeksi\u2019nde bulunmay\u0131 \u00fcst d\u00fczeyde hak etti\u011fini belirten Kobirate, Erdemir\u2019de kamuyu ayd\u0131nlatma ve \u015feffafl\u0131\u011f\u0131n \u00fcst d\u00fczeyde oldu\u011funu vurgulad\u0131.\u00a0 Raporda pay ve menfaat sahiplerinin haklar\u0131n\u0131n adil bir \u015fekilde g\u00f6zetildi\u011fi belirtilirken, Erdemir\u2019in Sermaye Piyasas\u0131 Kurulu taraf\u0131ndan yay\u0131nlanan Kurumsal Y\u00f6netim \u0130lkeleri\u2019ne b\u00fcy\u00fck \u00f6l\u00e7\u00fcde uyum sa\u011flad\u0131\u011f\u0131 belirtildi.<\/h4>\n","protected":false},"excerpt":{"rendered":"<p>OYAK Maden ve Metal\u00fcrji Grubu \u00e7at\u0131s\u0131 alt\u0131nda yeni bir b\u00fcy\u00fcme d\u00f6nemine ad\u0131m atan Erdemir, T\u00fcrkiye \u00e7elik sekt\u00f6r\u00fcn\u00fcn ihtiya\u00e7 duydu\u011fu yeni yat\u0131r\u0131mlar\u0131n m\u00fcjdesini verdi. T\u00fcrkiye\u2019de \u00fcretilmeyen y\u00fcksek katma de\u011ferli \u00e7eliklerin \u00fcretimine y\u00f6nelik \u0131s\u0131l i\u015flem tesisini kurmak i\u00e7in harekete ge\u00e7en Erdemir, \u00fclkemizin en \u00f6nemli \u00e7elik ithalat kalemlerinden olan galvanizli geni\u015f malzemeler \u00fcretimi i\u00e7in de \u00e7al\u0131\u015fmalara ba\u015flad\u0131. \u00a0 [&hellip;]<\/p>\n","protected":false},"author":1,"featured_media":0,"comment_status":"open","ping_status":"open","sticky":false,"template":"","format":"standard","meta":{"ngg_post_thumbnail":0},"categories":[26,97],"tags":[11545,11364,2659,316,96],"_links":{"self":[{"href":"https:\/\/emlaktuel.com\/index.php?rest_route=\/wp\/v2\/posts\/16513"}],"collection":[{"href":"https:\/\/emlaktuel.com\/index.php?rest_route=\/wp\/v2\/posts"}],"about":[{"href":"https:\/\/emlaktuel.com\/index.php?rest_route=\/wp\/v2\/types\/post"}],"author":[{"embeddable":true,"href":"https:\/\/emlaktuel.com\/index.php?rest_route=\/wp\/v2\/users\/1"}],"replies":[{"embeddable":true,"href":"https:\/\/emlaktuel.com\/index.php?rest_route=%2Fwp%2Fv2%2Fcomments&post=16513"}],"version-history":[{"count":2,"href":"https:\/\/emlaktuel.com\/index.php?rest_route=\/wp\/v2\/posts\/16513\/revisions"}],"predecessor-version":[{"id":16518,"href":"https:\/\/emlaktuel.com\/index.php?rest_route=\/wp\/v2\/posts\/16513\/revisions\/16518"}],"wp:attachment":[{"href":"https:\/\/emlaktuel.com\/index.php?rest_route=%2Fwp%2Fv2%2Fmedia&parent=16513"}],"wp:term":[{"taxonomy":"category","embeddable":true,"href":"https:\/\/emlaktuel.com\/index.php?rest_route=%2Fwp%2Fv2%2Fcategories&post=16513"},{"taxonomy":"post_tag","embeddable":true,"href":"https:\/\/emlaktuel.com\/index.php?rest_route=%2Fwp%2Fv2%2Ftags&post=16513"}],"curies":[{"name":"wp","href":"https:\/\/api.w.org\/{rel}","templated":true}]}}