{"id":1650,"date":"2016-06-16T13:46:57","date_gmt":"2016-06-16T10:46:57","guid":{"rendered":"http:\/\/emlaktuel.com\/?p=1650"},"modified":"2018-07-05T14:04:35","modified_gmt":"2018-07-05T11:04:35","slug":"avrupark-bahcekentte-330-binden-daireler","status":"publish","type":"post","link":"https:\/\/emlaktuel.com\/?p=1650","title":{"rendered":"Avrupark Bah\u00e7ekent&#8217;te fiyatlar 330 binden ba\u015fl\u0131yor"},"content":{"rendered":"<div class=\"HaberDetayTitle\">\n<div id=\"fb-root\" class=\" fb_reset\">\n<div>\n<div class=\"haberDetayPage\">Emlak Konut Ho\u015fdere&#8217;de 3. Etap ihalesini kazanan Cihan \u0130n\u015faat ve Konut Yap\u0131 taraf\u0131ndan in\u015faa edilen Avrupark projesi \u00f6n talep s\u00fcrecinden sat\u0131\u015f s\u00fcrecine ge\u00e7iyor. Fiyatlar 330 binden ba\u015flang\u0131\u00e7 g\u00f6steriyor.<\/div>\n<div class=\"haberDetayPage\">\n<p><img loading=\"lazy\" class=\"alignnone wp-image-1651\" src=\"http:\/\/emlaktuel.com\/wp-content\/uploads\/2016\/06\/0000_original-300x169.jpg\" alt=\"avrupark\" width=\"495\" height=\"279\" \/><\/p>\n<p>Bah\u00e7ekent&#8217;de in\u015fa edilen Avrupark projesi&#8217;nde 1.394 konut ve 84 ticari \u00fcniteden bulunuyor. 78 bin metrekarelik alana kurulan proje, 160 bin metrekarelik dev bir \u015fehir park\u0131 olan Do\u011fa park\u0131na olduk\u00e7a yak\u0131n. Projede 1+1&#8217;ler 64-73 metrekare, 2+1&#8217;ler 100-120 metrekare, 3+1&#8217;ler 145-160 metrekare, 4+1&#8217;ler ise 174-185 metrekare olacak. Projede 1+1&#8217;ler tamamen t\u00fckendi.<\/p>\n<p><strong> Projede \u00f6deme Se\u00e7enekleri<\/strong><\/p>\n<p>1- Y\u00fczde 30 pe\u015finat, y\u00fczde 70 banka kredisi. Bu \u00f6deme ko\u015fulunda ve pe\u015fin \u00f6demelerde konut fiyat\u0131 \u00fczerinden y\u00fczde 5 oran\u0131nda indirim uygulan\u0131yor.<\/p>\n<p>3- Y\u00fczde 25 pe\u015finatla 36 ay vade farks\u0131z taksit yap\u0131l\u0131yor.<\/p>\n<\/div>\n<\/div>\n<\/div>\n<\/div>\n<div class=\"leftSide\"><\/div>\n","protected":false},"excerpt":{"rendered":"<p>Emlak Konut Ho\u015fdere&#8217;de 3. Etap ihalesini kazanan Cihan \u0130n\u015faat ve Konut Yap\u0131 taraf\u0131ndan in\u015faa edilen Avrupark projesi \u00f6n talep s\u00fcrecinden sat\u0131\u015f s\u00fcrecine ge\u00e7iyor. Fiyatlar 330 binden ba\u015flang\u0131\u00e7 g\u00f6steriyor. Bah\u00e7ekent&#8217;de in\u015fa edilen Avrupark projesi&#8217;nde 1.394 konut ve 84 ticari \u00fcniteden bulunuyor. 78 bin metrekarelik alana kurulan proje, 160 bin metrekarelik dev bir \u015fehir park\u0131 olan Do\u011fa [&hellip;]<\/p>\n","protected":false},"author":1,"featured_media":1651,"comment_status":"open","ping_status":"open","sticky":false,"template":"","format":"standard","meta":{"ngg_post_thumbnail":0},"categories":[221,1,26,219,220],"tags":[325,695,697,696,11121,707,698,459,11165,11166,11102,11267],"_links":{"self":[{"href":"https:\/\/emlaktuel.com\/index.php?rest_route=\/wp\/v2\/posts\/1650"}],"collection":[{"href":"https:\/\/emlaktuel.com\/index.php?rest_route=\/wp\/v2\/posts"}],"about":[{"href":"https:\/\/emlaktuel.com\/index.php?rest_route=\/wp\/v2\/types\/post"}],"author":[{"embeddable":true,"href":"https:\/\/emlaktuel.com\/index.php?rest_route=\/wp\/v2\/users\/1"}],"replies":[{"embeddable":true,"href":"https:\/\/emlaktuel.com\/index.php?rest_route=%2Fwp%2Fv2%2Fcomments&post=1650"}],"version-history":[{"count":2,"href":"https:\/\/emlaktuel.com\/index.php?rest_route=\/wp\/v2\/posts\/1650\/revisions"}],"predecessor-version":[{"id":1653,"href":"https:\/\/emlaktuel.com\/index.php?rest_route=\/wp\/v2\/posts\/1650\/revisions\/1653"}],"wp:featuredmedia":[{"embeddable":true,"href":"https:\/\/emlaktuel.com\/index.php?rest_route=\/wp\/v2\/media\/1651"}],"wp:attachment":[{"href":"https:\/\/emlaktuel.com\/index.php?rest_route=%2Fwp%2Fv2%2Fmedia&parent=1650"}],"wp:term":[{"taxonomy":"category","embeddable":true,"href":"https:\/\/emlaktuel.com\/index.php?rest_route=%2Fwp%2Fv2%2Fcategories&post=1650"},{"taxonomy":"post_tag","embeddable":true,"href":"https:\/\/emlaktuel.com\/index.php?rest_route=%2Fwp%2Fv2%2Ftags&post=1650"}],"curies":[{"name":"wp","href":"https:\/\/api.w.org\/{rel}","templated":true}]}}