{"id":16481,"date":"2017-08-09T13:30:49","date_gmt":"2017-08-09T10:30:49","guid":{"rendered":"http:\/\/emlaktuel.com\/?p=16481"},"modified":"2018-07-05T17:01:04","modified_gmt":"2018-07-05T14:01:04","slug":"16481","status":"publish","type":"post","link":"https:\/\/emlaktuel.com\/?p=16481","title":{"rendered":"Antplato&#8217;da ya\u015fam ba\u015flad\u0131"},"content":{"rendered":"<h4><img loading=\"lazy\" class=\"size-full wp-image-16482 aligncenter\" src=\"http:\/\/emlaktuel.com\/wp-content\/uploads\/2017\/08\/1502263860_Antplato_G__rsel_3.jpg\" alt=\"\" width=\"3236\" height=\"2158\" \/><\/h4>\n<h4><strong>Ant Yap\u0131\u2019n\u0131n Bas\u0131n Ekspres Yolu \u00fczerinde yer alan, \u00e7evre dostu olarak tasarlanan, T\u00fcrkiye\u2019deki ilk ofis projesi Antplato\u2019da kiralamalar son h\u0131zla devam ediyor\u2026<\/strong><\/h4>\n<h4>Yurt d\u0131\u015f\u0131nda bug\u00fcne kadar bir\u00e7ok ofis projesine imza atan Ant Yap\u0131\u2019n\u0131n teslimleri devam eden T\u00fcrkiye\u2019deki ilk ofis projesi Antplato\u2019da hayat ba\u015flad\u0131. Ant Yap\u0131\u2019n\u0131n kurdu\u011fu profesyonel ekiplerce y\u00f6netilen projede sosyal tesisler de hizmete girdi.<\/h4>\n<h3><img loading=\"lazy\" class=\"alignleft size-full wp-image-16483\" src=\"http:\/\/emlaktuel.com\/wp-content\/uploads\/2017\/08\/1502263862_Antplato_G__rsel_4.jpg\" alt=\"\" width=\"4493\" height=\"2996\" \/><\/h3>\n<h3><strong>Mod\u00fcler, konforlu ve \u201cye\u015fil\u201d ofisler<\/strong><\/h3>\n<h4>\u0130stanbul\u2019un \u201cyeni cazibe merkezi\u201d olarak de\u011ferlendirilen Bas\u0131n Ekspres yolu \u00fczerinde, toplam 35.000 metrekare in\u015faat alan\u0131nda konumlanan Antplato; 10.000 m<sup>2<\/sup> modern giydirme cam cephesi ile kesintisiz manzaraya ve ayd\u0131nl\u0131k i\u00e7 mekanlara sahip. Bunun yan\u0131nda ofis binas\u0131n\u0131n teknolojik alt yap\u0131s\u0131n\u0131 rezidans konforuyla bulu\u015fturuyor. Proje, 25 kattan ve 180 mod\u00fcler birimden olu\u015fuyor. Bu birimler, ki\u015fisel tercihlere g\u00f6re ister ofis ister \u201chome office\u201d olarak mod\u00fcler ve esnek kat planlamas\u0131 sayesinde 1032 m<sup>2<\/sup>\u2018ye kadar geni\u015fletilebiliyor.<\/h4>\n<h4>\u00c7evre dostu projelere imza atan Ant Yap\u0131, Antplato\u2019yu uluslararas\u0131 alanda sayg\u0131nl\u0131\u011f\u0131 en y\u00fcksek ye\u015fil bina \u00e7evresel etki de\u011ferlendirme metodolojilerinden, Amerika merkezli LEED kriterlerine uygun olarak ve Leed Gold aday\u0131 olarak tasarlad\u0131. Elektrikli ve hibrit ara\u00e7lar\u0131n \u015farj edilebilece\u011fi \u00f6zel alanlar sunan proje, \u201cye\u015fil kiralama modeli\u201d ile ofisin enerji tasarrufunu bireysel kullan\u0131c\u0131lar\u0131n kontrol\u00fcne vererek de s\u00fcrd\u00fcr\u00fclebilir bir ya\u015fam ve \u00e7al\u0131\u015fma alan\u0131 sa\u011fl\u0131yor.<\/h4>\n<h4>Ant Yap\u0131\u2019n\u0131n profesyonel ekipleri, istendi\u011fi takdirde ofis dekorasyonlar\u0131 ve yat\u0131r\u0131mc\u0131lar i\u00e7in kiralama hizmetleri deste\u011fi sunuyor.<\/h4>\n","protected":false},"excerpt":{"rendered":"<p>Ant Yap\u0131\u2019n\u0131n Bas\u0131n Ekspres Yolu \u00fczerinde yer alan, \u00e7evre dostu olarak tasarlanan, T\u00fcrkiye\u2019deki ilk ofis projesi Antplato\u2019da kiralamalar son h\u0131zla devam ediyor\u2026 Yurt d\u0131\u015f\u0131nda bug\u00fcne kadar bir\u00e7ok ofis projesine imza atan Ant Yap\u0131\u2019n\u0131n teslimleri devam eden T\u00fcrkiye\u2019deki ilk ofis projesi Antplato\u2019da hayat ba\u015flad\u0131. Ant Yap\u0131\u2019n\u0131n kurdu\u011fu profesyonel ekiplerce y\u00f6netilen projede sosyal tesisler de hizmete girdi. [&hellip;]<\/p>\n","protected":false},"author":1,"featured_media":16482,"comment_status":"open","ping_status":"open","sticky":false,"template":"","format":"standard","meta":{"ngg_post_thumbnail":0},"categories":[221,5217,97,5388],"tags":[11279,9056,9058,9057,4214,4701,11204,11456,106,316,75,751],"_links":{"self":[{"href":"https:\/\/emlaktuel.com\/index.php?rest_route=\/wp\/v2\/posts\/16481"}],"collection":[{"href":"https:\/\/emlaktuel.com\/index.php?rest_route=\/wp\/v2\/posts"}],"about":[{"href":"https:\/\/emlaktuel.com\/index.php?rest_route=\/wp\/v2\/types\/post"}],"author":[{"embeddable":true,"href":"https:\/\/emlaktuel.com\/index.php?rest_route=\/wp\/v2\/users\/1"}],"replies":[{"embeddable":true,"href":"https:\/\/emlaktuel.com\/index.php?rest_route=%2Fwp%2Fv2%2Fcomments&post=16481"}],"version-history":[{"count":2,"href":"https:\/\/emlaktuel.com\/index.php?rest_route=\/wp\/v2\/posts\/16481\/revisions"}],"predecessor-version":[{"id":16486,"href":"https:\/\/emlaktuel.com\/index.php?rest_route=\/wp\/v2\/posts\/16481\/revisions\/16486"}],"wp:featuredmedia":[{"embeddable":true,"href":"https:\/\/emlaktuel.com\/index.php?rest_route=\/wp\/v2\/media\/16482"}],"wp:attachment":[{"href":"https:\/\/emlaktuel.com\/index.php?rest_route=%2Fwp%2Fv2%2Fmedia&parent=16481"}],"wp:term":[{"taxonomy":"category","embeddable":true,"href":"https:\/\/emlaktuel.com\/index.php?rest_route=%2Fwp%2Fv2%2Fcategories&post=16481"},{"taxonomy":"post_tag","embeddable":true,"href":"https:\/\/emlaktuel.com\/index.php?rest_route=%2Fwp%2Fv2%2Ftags&post=16481"}],"curies":[{"name":"wp","href":"https:\/\/api.w.org\/{rel}","templated":true}]}}