{"id":16365,"date":"2017-08-03T15:20:12","date_gmt":"2017-08-03T12:20:12","guid":{"rendered":"http:\/\/emlaktuel.com\/?p=16365"},"modified":"2018-07-05T16:59:50","modified_gmt":"2018-07-05T13:59:50","slug":"avro-bolgesi-buyumede-yavaslama-sinyali-verdi","status":"publish","type":"post","link":"https:\/\/emlaktuel.com\/?p=16365","title":{"rendered":"Avro B\u00f6lgesi b\u00fcy\u00fcmede yava\u015flama sinyali verdi"},"content":{"rendered":"<div id=\"detail-widget\" class=\"big\">\n<h4><img loading=\"lazy\" class=\"size-full wp-image-16366 aligncenter\" src=\"http:\/\/emlaktuel.com\/wp-content\/uploads\/2017\/08\/manset327362-avro-bolgesi-nin-buyumesinde-yavaslama-sinyali.jpg\" alt=\"\" width=\"642\" height=\"355\" \/><\/h4>\n<h4>Avro B\u00f6lgesi\u00b4nde temmuz ay\u0131 PMI, art arda ikinci ay da azal\u0131rken, endeks, b\u00f6lgede \u00fc\u00e7\u00fcnc\u00fc \u00e7eyre\u011fin ba\u015f\u0131nda b\u00fcy\u00fcmenin yava\u015flad\u0131\u011f\u0131na i\u015faret etti.<\/h4>\n<h4 class=\"button\"><\/h4>\n<\/div>\n<div id=\"detail-text\">\n<h4>Avro B\u00f6lgesi\u2019nde temmuz ay\u0131 nihai bile\u015fik Sat\u0131nalma Y\u00f6neticileri Endeksi (PMI), 55,7 puanla 6 ay\u0131n en d\u00fc\u015f\u00fck seviyesine indi. Art arda ikinci ay azalan endeks, b\u00f6lgede \u00fc\u00e7\u00fcnc\u00fc \u00e7eyre\u011fin ba\u015f\u0131nda b\u00fcy\u00fcmenin yava\u015flad\u0131\u011f\u0131na i\u015faret etti.<\/h4>\n<h4>Ekonomi ara\u015ft\u0131rma kurulu\u015fu IHS Markit Economics&#8217;in nihai verilerine g\u00f6re, Avro B\u00f6lgesi bile\u015fik PMI haziranda 56,3 iken temmuzda 55,7 puana geriledi. Son 6 ay\u0131n en d\u00fc\u015f\u00fck seviyesini g\u00f6ren endeks, daha \u00f6ne a\u00e7\u0131klanan \u00f6nc\u00fc verideki 55,8 puandan a\u015fa\u011f\u0131 y\u00f6nl\u00fc revize edildi.<\/h4>\n<h4>Avro B\u00f6lgesi\u2019nde temmuz ay\u0131 nihai hizmet sekt\u00f6r\u00fc PMI ise \u00f6nceki aya g\u00f6re de\u011fi\u015fmeyerek 55,4 puan seviyesinde belirlendi.<\/h4>\n<h4>Avrupa\u2019n\u0131n en \u00f6nemli ekonomisi Almanya&#8217;da temmuz ay\u0131 nihai bile\u015fik PMI 56,4 puandan 54,7 puana ve hizmet sekt\u00f6r\u00fc PMI da 54 puandan 53,5 puandan 53,1 puana geriledi.<\/h4>\n<h4>Avrupa Merkez Bankas\u0131n\u0131n (ECB) da yak\u0131ndan takip etti\u011fi veriler, b\u00f6lgede b\u00fcy\u00fcmenin 3. \u00e7eyre\u011fin ba\u015f\u0131nda yava\u015flama sinyalleri verdi\u011fine i\u015faret etti.<\/h4>\n<h4><strong>&#8220;Anketler b\u00fcy\u00fcme h\u0131z\u0131nda yava\u015flama oldu\u011funu g\u00f6sterdi&#8221;<\/strong><\/h4>\n<h4>IHS Markit Economics Ba\u015fekonomisti Chris Williamson, konuya ili\u015fkin a\u00e7\u0131klamas\u0131nda, \u201cAnketler temmuz ay\u0131nda b\u00fcy\u00fcme h\u0131z\u0131nda ufak bir yava\u015flama oldu\u011funu g\u00f6sterdi, ancak bu yine de i\u015f ko\u015fullar\u0131n\u0131n te\u015fvik edici derecede iyimser bir resmini olu\u015fturuyor.\u201d de\u011ferlendirmesinde bulundu.<\/h4>\n<\/div>\n","protected":false},"excerpt":{"rendered":"<p>Avro B\u00f6lgesi\u00b4nde temmuz ay\u0131 PMI, art arda ikinci ay da azal\u0131rken, endeks, b\u00f6lgede \u00fc\u00e7\u00fcnc\u00fc \u00e7eyre\u011fin ba\u015f\u0131nda b\u00fcy\u00fcmenin yava\u015flad\u0131\u011f\u0131na i\u015faret etti. Avro B\u00f6lgesi\u2019nde temmuz ay\u0131 nihai bile\u015fik Sat\u0131nalma Y\u00f6neticileri Endeksi (PMI), 55,7 puanla 6 ay\u0131n en d\u00fc\u015f\u00fck seviyesine indi. Art arda ikinci ay azalan endeks, b\u00f6lgede \u00fc\u00e7\u00fcnc\u00fc \u00e7eyre\u011fin ba\u015f\u0131nda b\u00fcy\u00fcmenin yava\u015flad\u0131\u011f\u0131na i\u015faret etti. Ekonomi ara\u015ft\u0131rma kurulu\u015fu [&hellip;]<\/p>\n","protected":false},"author":1,"featured_media":16366,"comment_status":"open","ping_status":"open","sticky":false,"template":"","format":"standard","meta":{"ngg_post_thumbnail":0},"categories":[5213],"tags":[325,11364,11228,556,11213],"_links":{"self":[{"href":"https:\/\/emlaktuel.com\/index.php?rest_route=\/wp\/v2\/posts\/16365"}],"collection":[{"href":"https:\/\/emlaktuel.com\/index.php?rest_route=\/wp\/v2\/posts"}],"about":[{"href":"https:\/\/emlaktuel.com\/index.php?rest_route=\/wp\/v2\/types\/post"}],"author":[{"embeddable":true,"href":"https:\/\/emlaktuel.com\/index.php?rest_route=\/wp\/v2\/users\/1"}],"replies":[{"embeddable":true,"href":"https:\/\/emlaktuel.com\/index.php?rest_route=%2Fwp%2Fv2%2Fcomments&post=16365"}],"version-history":[{"count":1,"href":"https:\/\/emlaktuel.com\/index.php?rest_route=\/wp\/v2\/posts\/16365\/revisions"}],"predecessor-version":[{"id":16367,"href":"https:\/\/emlaktuel.com\/index.php?rest_route=\/wp\/v2\/posts\/16365\/revisions\/16367"}],"wp:featuredmedia":[{"embeddable":true,"href":"https:\/\/emlaktuel.com\/index.php?rest_route=\/wp\/v2\/media\/16366"}],"wp:attachment":[{"href":"https:\/\/emlaktuel.com\/index.php?rest_route=%2Fwp%2Fv2%2Fmedia&parent=16365"}],"wp:term":[{"taxonomy":"category","embeddable":true,"href":"https:\/\/emlaktuel.com\/index.php?rest_route=%2Fwp%2Fv2%2Fcategories&post=16365"},{"taxonomy":"post_tag","embeddable":true,"href":"https:\/\/emlaktuel.com\/index.php?rest_route=%2Fwp%2Fv2%2Ftags&post=16365"}],"curies":[{"name":"wp","href":"https:\/\/api.w.org\/{rel}","templated":true}]}}