{"id":16321,"date":"2017-08-03T12:06:39","date_gmt":"2017-08-03T09:06:39","guid":{"rendered":"http:\/\/emlaktuel.com\/?p=16321"},"modified":"2018-07-05T16:59:19","modified_gmt":"2018-07-05T13:59:19","slug":"istanbulda-ust-segment-ofis-kira-degerinde-artis-yasandi","status":"publish","type":"post","link":"https:\/\/emlaktuel.com\/?p=16321","title":{"rendered":"\u0130stanbul\u2019da \u00fcst segment ofis kira de\u011ferinde art\u0131\u015f"},"content":{"rendered":"<h4><img loading=\"lazy\" class=\"size-full wp-image-16322 aligncenter\" src=\"http:\/\/emlaktuel.com\/wp-content\/uploads\/2017\/08\/istanbulda-semt-semt-ofis-bolgeleri-ve-ozellikleri-h1445171526-0476c1.jpg\" alt=\"\" width=\"625\" height=\"313\" \/><\/h4>\n<h4>\u2018REIDIN OF\u0130S K\u0130RA ENDEKS\u0130 2017 \u0130K\u0130NC\u0130 \u00c7EYREK SONU\u00c7LARI\u2019 A\u00c7IKLANDI<\/h4>\n<h4><strong>Gayrimenkul veri ara\u015ft\u0131rma \u015firketi REIDIN\u2019in, \u0130stanbul, Ankara ve \u0130zmir\u2019i kapsayan \u2018REIDIN Ofis Kira Endeksi 2017 \u0130kinci \u00c7eyrek Sonu\u00e7lar\u0131\u2019 a\u00e7\u0131kland\u0131. REIDIN Ofis Kira Endeksi\u2019ne g\u00f6re, \u0130stanbul geneli ofis kira de\u011ferlerinde bir \u00f6nceki \u00e7eyrek d\u00f6nem verilerine g\u00f6re \u00fcst fiyat segmentinde y\u00fczde 0.22 art\u0131\u015f, alt fiyat segmentinde y\u00fczde 0.50 oran\u0131nda azal\u0131\u015f ya\u015fand\u0131.<\/strong><\/h4>\n<h4><strong>Ankara\u2019n\u0131n merkezi i\u015f alanlar\u0131ndaki \u00fcst segment ofis kira de\u011ferinde ise y\u00fczde 1.10 azal\u0131\u015f, alt segmentte y\u00fczde 0.19 oran\u0131nda art\u0131\u015f g\u00f6r\u00fcld\u00fc. \u0130zmir\u2019de de \u00fcst segment ofis kira de\u011ferinde y\u00fczde 0.28, alt segmentte y\u00fczde 0.58 oran\u0131nda art\u0131\u015f oldu.<\/strong><\/h4>\n<h4><strong>Anadolu Yakas\u0131\u2019n\u0131n kira de\u011feri en y\u00fcksek ofis b\u00f6lgesi Ata\u015fehir, en d\u00fc\u015f\u00fck Kurtk\u00f6y<\/strong><\/h4>\n<h4>Ofis binalar\u0131n\u0131n yo\u011funla\u015ft\u0131\u011f\u0131 <strong>14 b\u00f6lge <\/strong>i\u00e7in hesaplanan metrekare kira de\u011ferleri baz al\u0131nd\u0131\u011f\u0131nda, <strong>Anadolu Yakas\u0131<\/strong>\u2019nda \u00fcst fiyat segmentinde metrekare de\u011ferlerine g\u00f6re <strong>28.22 <\/strong>dolar, alt fiyat segmentinde ise <strong>18.86<\/strong> dolar ile en y\u00fcksek kira de\u011ferine sahip b\u00f6lge <strong>Ata\u015fehir Ofis B\u00f6lgesi <\/strong>oldu. En d\u00fc\u015f\u00fck kira gelirine sahip b\u00f6lgelerde ise, \u00fcst fiyat segmentinde <strong>11.96<\/strong> dolar, alt fiyat segmentinde ise <strong>4.26 <\/strong>dolar ile <strong>Kurtk\u00f6y Ofis B\u00f6lgesi <\/strong>\u00f6ne \u00e7\u0131kt\u0131.<\/h4>\n<h4><strong>Avrupa Yakas\u0131\u2019nda \u00fcst segment ofislerin metrekare de\u011feri 34.37 dolar oldu<\/strong><\/h4>\n<h4>Be\u015fikta\u015f, Ka\u011f\u0131thane, \u015ei\u015fli b\u00f6lgelerinin b\u00fcy\u00fck \u00e7o\u011funlu\u011funu i\u00e7eren ofis binalar\u0131n\u0131 kapsayan <strong>\u0130stanbul Merkezi \u0130\u015f Alan\u0131 (M\u0130A) <\/strong>\u00fcst fiyat segmenti metrekare de\u011feri <strong>34.37 <\/strong>dolar, alt fiyat segmenti ise <strong>18.73 dolar<\/strong> olarak \u00f6l\u00e7\u00fcld\u00fc. <strong>Avrupa Yakas\u0131<\/strong>\u2019nda M\u0130A d\u0131\u015f\u0131ndaki ofis b\u00f6lgelerine bak\u0131ld\u0131\u011f\u0131nda <strong>Maslak Ofis B\u00f6lgesi<\/strong>, \u00fcst fiyat segmentinde metrekare de\u011ferlerine g\u00f6re <strong>29.93<\/strong> dolar, alt fiyat segmentinde ise <strong>20.48 <\/strong>dolar ile en y\u00fcksek kira de\u011ferine sahip b\u00f6lge oldu.<\/h4>\n<h4><strong>Avrupa Yakas\u0131\u2019n\u0131n kira de\u011feri en d\u00fc\u015f\u00fck ofis b\u00f6lgesi Beylikd\u00fcz\u00fc-Esenyurt<\/strong><\/h4>\n<h4>En d\u00fc\u015f\u00fck kira gelirine sahip b\u00f6lge ise, \u00fcst fiyat segmentinde <strong>7.04<\/strong> dolar\u0131, alt fiyat segmentinde ise <strong>5.86 <\/strong>Amerikan dolar\u0131 ile <strong>Beylikd\u00fcz\u00fc-Esenyurt <\/strong>ofis b\u00f6lgesi oldu.<\/h4>\n<h4><strong>Be\u015fikta\u015f, Ka\u011f\u0131thane, \u015ei\u015fli b\u00f6lgelerinde doluluk oran\u0131 y\u00fczde 88.16<\/strong><\/h4>\n<h4><strong>Avrupa Yakas\u0131<\/strong>\u2019nda ofislerin yo\u011fun oldu\u011fu <strong>\u0130stanbul Merkezi \u0130\u015f Alan\u0131<\/strong> en y\u00fcksek kiralanabilir alana sahip b\u00f6lge oldu. Bu b\u00f6lgede kiralanabilir alan\u0131n <strong>y\u00fczde 88.16<\/strong>\u2019s\u0131n\u0131n dolu oldu\u011fu \u00f6l\u00e7\u00fcld\u00fc.<\/h4>\n<h4><strong>\u00dcmraniye Ofis B\u00f6lgesi\u2019nde y\u00fczde 96.35 doluluk var<\/strong><\/h4>\n<h4><strong>Anadolu Yakas\u0131<\/strong>\u2019nda ise en y\u00fcksek kiralanabilir alan <strong>\u00dcmraniye Ofis B\u00f6lgesi<\/strong> oldu. Bu b\u00f6lgedeki kiralanabilir alan\u0131n y\u00fczde <strong>96.35<\/strong>\u2019inin dolu oldu\u011fu saptand\u0131.<\/h4>\n<h4><strong>Ankara\u2019da ofis binalar\u0131n\u0131n doluluk oran\u0131 y\u00fczde 7,05 azalarak y\u00fczde 82.92 oldu<\/strong><\/h4>\n<h4>Eski\u015fehir Yolu, \u00d6ve\u00e7ler, \u00c7ankaya, Yenimahalle-Be\u015ftepe b\u00f6lgelerini i\u00e7eren <strong>Ankara Merkezi \u0130\u015f Alan\u0131 (Ankara &#8211; M\u0130A) <\/strong>ofis kira de\u011ferlerinde bir \u00f6nceki \u00e7eyrek d\u00f6nem verilerine g\u00f6re \u00fcst segmentte y\u00fczde <strong>1.10 <\/strong>azal\u0131\u015f, alt segmentte ise y\u00fczde <strong>0.19 <\/strong>oran\u0131nda art\u0131\u015f ya\u015fand\u0131. <strong>Ankara Merkezi \u0130\u015f Alan\u0131<\/strong> ofis binalar\u0131n\u0131n doluluk oran\u0131 bir \u00f6nceki \u00e7eyrek d\u00f6neme g\u00f6re y\u00fczde <strong>7.05 <\/strong>azalarak <strong>y\u00fczde 82.92<\/strong> oldu.<\/h4>\n<h4><strong>\u0130zmir Bayrakl\u0131 ve Bornova\u2019da doluluk y\u00fczde 80.84, Konak\u2019ta y\u00fczde 98.07 oldu<\/strong><\/h4>\n<h4>Bayrakl\u0131 ve Bornova b\u00f6lgelerini i\u00e7eren <strong>\u0130zmir Merkezi \u0130\u015f Alan\u0131 (\u0130zmir -M\u0130A) <\/strong>ofis kira de\u011ferlerinde bir \u00f6nceki \u00e7eyrek d\u00f6nem verilerine g\u00f6re \u00fcst segmentte <strong>y\u00fczde 0.28<\/strong> art\u0131\u015f, alt segmentte ise <strong>y\u00fczde 0.58<\/strong> oran\u0131nda azal\u0131\u015f ya\u015fand\u0131. <strong>\u0130zmir Merkezi \u0130\u015f Alan\u0131 <\/strong>ofis binalar\u0131n\u0131n doluluk oran\u0131 bir \u00f6nceki \u00e7eyrek d\u00f6neme g\u00f6re <strong>y\u00fczde 5.07<\/strong> artarak <strong>y\u00fczde 80.84<\/strong> oldu. <strong>\u0130zmir \u0130kincil Ofis B\u00f6lgesi<\/strong> olarak belirlenen <strong>Konak Ofis B\u00f6lgesi<\/strong>\u2019nde ise \u00fcst segmentte <strong>y\u00fczde 2.61 <\/strong>, alt segmente ise <strong>y\u00fczde 2.45 <\/strong>oran\u0131nda azal\u0131\u015f saptand\u0131. <strong>Konak Ofis B\u00f6lgesi<\/strong>\u2019nde ofis binalar\u0131n\u0131n doluluk oran\u0131 bir \u00f6nceki \u00e7eyrek d\u00f6neme g\u00f6re y\u00fczde <strong>3.42 <\/strong>artarak <strong>y\u00fczde 98.07<\/strong> oldu.<\/h4>\n","protected":false},"excerpt":{"rendered":"<p>\u2018REIDIN OF\u0130S K\u0130RA ENDEKS\u0130 2017 \u0130K\u0130NC\u0130 \u00c7EYREK SONU\u00c7LARI\u2019 A\u00c7IKLANDI Gayrimenkul veri ara\u015ft\u0131rma \u015firketi REIDIN\u2019in, \u0130stanbul, Ankara ve \u0130zmir\u2019i kapsayan \u2018REIDIN Ofis Kira Endeksi 2017 \u0130kinci \u00c7eyrek Sonu\u00e7lar\u0131\u2019 a\u00e7\u0131kland\u0131. REIDIN Ofis Kira Endeksi\u2019ne g\u00f6re, \u0130stanbul geneli ofis kira de\u011ferlerinde bir \u00f6nceki \u00e7eyrek d\u00f6nem verilerine g\u00f6re \u00fcst fiyat segmentinde y\u00fczde 0.22 art\u0131\u015f, alt fiyat segmentinde y\u00fczde 0.50 [&hellip;]<\/p>\n","protected":false},"author":1,"featured_media":0,"comment_status":"open","ping_status":"open","sticky":false,"template":"","format":"standard","meta":{"ngg_post_thumbnail":0},"categories":[221,26,5217,97,5388],"tags":[183,9005,4767,9007,11352,4423,73,9004,9002,2636,389,9003,9006],"_links":{"self":[{"href":"https:\/\/emlaktuel.com\/index.php?rest_route=\/wp\/v2\/posts\/16321"}],"collection":[{"href":"https:\/\/emlaktuel.com\/index.php?rest_route=\/wp\/v2\/posts"}],"about":[{"href":"https:\/\/emlaktuel.com\/index.php?rest_route=\/wp\/v2\/types\/post"}],"author":[{"embeddable":true,"href":"https:\/\/emlaktuel.com\/index.php?rest_route=\/wp\/v2\/users\/1"}],"replies":[{"embeddable":true,"href":"https:\/\/emlaktuel.com\/index.php?rest_route=%2Fwp%2Fv2%2Fcomments&post=16321"}],"version-history":[{"count":2,"href":"https:\/\/emlaktuel.com\/index.php?rest_route=\/wp\/v2\/posts\/16321\/revisions"}],"predecessor-version":[{"id":16324,"href":"https:\/\/emlaktuel.com\/index.php?rest_route=\/wp\/v2\/posts\/16321\/revisions\/16324"}],"wp:attachment":[{"href":"https:\/\/emlaktuel.com\/index.php?rest_route=%2Fwp%2Fv2%2Fmedia&parent=16321"}],"wp:term":[{"taxonomy":"category","embeddable":true,"href":"https:\/\/emlaktuel.com\/index.php?rest_route=%2Fwp%2Fv2%2Fcategories&post=16321"},{"taxonomy":"post_tag","embeddable":true,"href":"https:\/\/emlaktuel.com\/index.php?rest_route=%2Fwp%2Fv2%2Ftags&post=16321"}],"curies":[{"name":"wp","href":"https:\/\/api.w.org\/{rel}","templated":true}]}}