{"id":16291,"date":"2017-08-01T16:41:13","date_gmt":"2017-08-01T13:41:13","guid":{"rendered":"http:\/\/emlaktuel.com\/?p=16291"},"modified":"2018-07-05T16:58:57","modified_gmt":"2018-07-05T13:58:57","slug":"16291","status":"publish","type":"post","link":"https:\/\/emlaktuel.com\/?p=16291","title":{"rendered":"Avrupa Konutlar\u0131 Yamanevler projesi bas\u0131na tan\u0131t\u0131l\u0131yor"},"content":{"rendered":"<h4><img loading=\"lazy\" class=\"size-full wp-image-16292 aligncenter\" src=\"http:\/\/emlaktuel.com\/wp-content\/uploads\/2017\/08\/702febf6-04e0-4629-9517-a94fd486537b.jpg\" alt=\"\" width=\"700\" height=\"466\" \/><\/h4>\n<h4>Arta\u015f \u0130n\u015faat taraf\u0131ndan hayata ge\u00e7irilen Avrupa Konutlar\u0131 Yamanevler projesi 61 bin 765 metrekarelik arsa \u00fczerine kuruluyor. 14 bloktan olu\u015fan projede 1.672 konut, 289 ofis ve 35 ticari \u00fcnite yer alacak. Projenin toplam in\u015faat alan\u0131 476 bin 273 metrekare olan Avrupa Konutlar\u0131 Yamanevler&#8217;de 1+1, 2+1, 3+1 ve 4+1 daireler yer al\u0131yor.<\/h4>\n<h4>Arta\u015f \u0130n\u015faat, Avrupa Konutlar\u0131 Yamanevler projesinin detaylar\u0131n\u0131 Eyl\u00fcl ay\u0131nda Dubai\u2019de d\u00fczenlenecek lansman \u00f6ncesinde bas\u0131nla payla\u015f\u0131yor. \u00d6n sat\u0131\u015fa sunulan Avrupa Konutlar\u0131 Yamanevler projesini bas\u0131nla payla\u015facak..<\/h4>\n<h4><\/h4>\n<h4><strong><em>Program:<\/em><\/strong><\/h4>\n<h4><strong>Tarih: <\/strong>\u00a0 8 A\u011fustos Sal\u0131 2017<\/h4>\n<h4><strong>Saat:<\/strong>\u00a0\u00a0\u00a0 10:00 Kahvalt\u0131<\/h4>\n<h4><strong>\u00a0\u00a0\u00a0\u00a0\u00a0\u00a0\u00a0\u00a0\u00a0\u00a0\u00a0\u00a0\u00a0\u00a0<\/strong>10:30 Bas\u0131n Toplant\u0131s\u0131<\/h4>\n<h4><strong>Yer:\u00a0\u00a0\u00a0\u00a0\u00a0 Avrupa Konutlar\u0131 Yamanevler Sat\u0131\u015f Ofisi\u00a0\u00a0\u00a0\u00a0\u00a0\u00a0\u00a0\u00a0\u00a0\u00a0\u00a0\u00a0\u00a0\u00a0\u00a0\u00a0\u00a0\u00a0\u00a0\u00a0\u00a0\u00a0\u00a0\u00a0\u00a0\u00a0\u00a0\u00a0\u00a0\u00a0\u00a0\u00a0\u00a0\u00a0\u00a0\u00a0\u00a0\u00a0\u00a0\u00a0\u00a0\u00a0\u00a0\u00a0\u00a0\u00a0\u00a0\u00a0\u00a0\u00a0\u00a0\u00a0\u00a0\u00a0\u00a0\u00a0\u00a0\u00a0\u00a0\u00a0\u00a0\u00a0\u00a0\u00a0\u00a0\u00a0\u00a0\u00a0\u00a0\u00a0\u00a0\u00a0\u00a0\u00a0\u00a0\u00a0\u00a0\u00a0\u00a0\u00a0\u00a0\u00a0\u00a0\u00a0\u00a0<\/strong><\/h4>\n<h4><em>\u00a0\u00a0\u00a0\u00a0\u00a0\u00a0\u00a0\u00a0\u00a0\u00a0\u00a0\u00a0\u00a0\u00a0Yamanevler Mahallesi, Alemda\u011f Cad. No:173 \u00a034760 \u00dcmraniye\/\u0130stanbul<\/em><\/h4>\n","protected":false},"excerpt":{"rendered":"<p>Arta\u015f \u0130n\u015faat taraf\u0131ndan hayata ge\u00e7irilen Avrupa Konutlar\u0131 Yamanevler projesi 61 bin 765 metrekarelik arsa \u00fczerine kuruluyor. 14 bloktan olu\u015fan projede 1.672 konut, 289 ofis ve 35 ticari \u00fcnite yer alacak. Projenin toplam in\u015faat alan\u0131 476 bin 273 metrekare olan Avrupa Konutlar\u0131 Yamanevler&#8217;de 1+1, 2+1, 3+1 ve 4+1 daireler yer al\u0131yor. Arta\u015f \u0130n\u015faat, Avrupa Konutlar\u0131 Yamanevler [&hellip;]<\/p>\n","protected":false},"author":1,"featured_media":0,"comment_status":"open","ping_status":"open","sticky":false,"template":"","format":"standard","meta":{"ngg_post_thumbnail":0},"categories":[221,26,97,5388],"tags":[2664,5912,8996,8997,5913,325,130,8998,150,11561,80,106,11406,4446],"_links":{"self":[{"href":"https:\/\/emlaktuel.com\/index.php?rest_route=\/wp\/v2\/posts\/16291"}],"collection":[{"href":"https:\/\/emlaktuel.com\/index.php?rest_route=\/wp\/v2\/posts"}],"about":[{"href":"https:\/\/emlaktuel.com\/index.php?rest_route=\/wp\/v2\/types\/post"}],"author":[{"embeddable":true,"href":"https:\/\/emlaktuel.com\/index.php?rest_route=\/wp\/v2\/users\/1"}],"replies":[{"embeddable":true,"href":"https:\/\/emlaktuel.com\/index.php?rest_route=%2Fwp%2Fv2%2Fcomments&post=16291"}],"version-history":[{"count":2,"href":"https:\/\/emlaktuel.com\/index.php?rest_route=\/wp\/v2\/posts\/16291\/revisions"}],"predecessor-version":[{"id":16316,"href":"https:\/\/emlaktuel.com\/index.php?rest_route=\/wp\/v2\/posts\/16291\/revisions\/16316"}],"wp:attachment":[{"href":"https:\/\/emlaktuel.com\/index.php?rest_route=%2Fwp%2Fv2%2Fmedia&parent=16291"}],"wp:term":[{"taxonomy":"category","embeddable":true,"href":"https:\/\/emlaktuel.com\/index.php?rest_route=%2Fwp%2Fv2%2Fcategories&post=16291"},{"taxonomy":"post_tag","embeddable":true,"href":"https:\/\/emlaktuel.com\/index.php?rest_route=%2Fwp%2Fv2%2Ftags&post=16291"}],"curies":[{"name":"wp","href":"https:\/\/api.w.org\/{rel}","templated":true}]}}