{"id":1624,"date":"2016-06-16T12:48:39","date_gmt":"2016-06-16T09:48:39","guid":{"rendered":"http:\/\/emlaktuel.com\/?p=1624"},"modified":"2018-07-05T14:04:23","modified_gmt":"2018-07-05T11:04:23","slug":"greenox-urban-residencetan-babalar-gunune-yuzde-20-indirim","status":"publish","type":"post","link":"https:\/\/emlaktuel.com\/?p=1624","title":{"rendered":"Greenox Urban Residence\u2019tan Babalar G\u00fcn\u00fc\u2019ne y\u00fczde 20 indirim!"},"content":{"rendered":"<div class=\"HaberDetayTitle\">\n<h1><\/h1>\n<h2>T\u00fcrkiye\u2019de ilk ve tek dikey orman\u0131 bulunan proje Greenox Urban Residence\u2019ta, Babalar G\u00fcn\u00fc\u2019ne \u00e7ok \u00f6zel 19 Haziran Pazar g\u00fcn\u00fc mevcut indirimin \u00fczerine y\u00fczde 5\u2019lik bir indirim daha yap\u0131l\u0131yor.<\/h2>\n<h2>Aycan&amp;Feres \u0130\u015f Ortakl\u0131\u011f\u0131 taraf\u0131ndan B\u00fcy\u00fckdere Caddesi\u2019ne 400 metre uzakl\u0131kta hayat buluyor.<\/h2>\n<div id=\"fb-root\" class=\" fb_reset\">\n<div><\/div>\n<div><\/div>\n<\/div>\n<\/div>\n<div class=\"leftSide\">\n<div class=\"haberDetayPage\"><img loading=\"lazy\" class=\"alignnone  wp-image-1625\" src=\"http:\/\/emlaktuel.com\/wp-content\/uploads\/2016\/06\/greenox-urban-residence-1-259x300.jpg\" alt=\"greenox urban residence (1)\" width=\"336\" height=\"389\" \/><\/p>\n<p>13 bin metrekare alan \u00fczerinde in\u015fa edilen Greenox Urban Residence, 120 milyon TL yat\u0131r\u0131m de\u011feriyle in\u015fa ediliyor. 1100 metrekare sosyal tesis alan\u0131na sahip olan proje 2017 y\u0131l\u0131n\u0131n Eyl\u00fcl ay\u0131nda teslim edilmesi planlan\u0131yor. 17 katl\u0131 tek blokta 170 daireden meydana gelen Projede konutlar 50 ila 97 metrekare aras\u0131nda de\u011fi\u015fiyor. Konutlar 1+1 ve 2+1 \u015feklinde yer al\u0131yor.<\/p>\n<p>Projede <strong>babalar G\u00fcn\u00fc\u2019ne \u00f6zel y\u00fczde 20 indirim yap\u0131loyur<\/strong><\/p>\n<p>Mevcut fiyatlar \u00fczerinden y\u00fczde 15 indirimin uyguland\u0131\u011f\u0131 bu projede; 19 Haziran Babalar G\u00fcn\u00fc\u2019ne \u00f6zel art\u0131 y\u00fczde 5\u2019lik bir indirim daha yap\u0131l\u0131yor. Greenox Urban Residence\u2019\u0131n teras\u0131nda y\u00fczme havuzu, vitamin bar, g\u00fcne\u015flenme teras\u0131, seyir teras\u0131, barbek\u00fc alan\u0131, fitness salonu, sauna, buhar odas\u0131, \u015fok du\u015fu, soyunma odalar\u0131 bulunuyor. Giri\u015f kat\u0131nda ise resepsiyon, etkile\u015fim avlusu, kar\u015f\u0131lama avlusu, concierge, toplant\u0131 salonu, \u00e7al\u0131\u015fma odas\u0131, misafir suitleri, cafe, m\u00fczik ve oyun odalar\u0131, e\u011flence odas\u0131 ve cep sinemas\u0131 gibi sosyalle\u015fme alanlar\u0131 yer alacak.<br \/>\n<img loading=\"lazy\" class=\"alignnone  wp-image-1626\" src=\"http:\/\/emlaktuel.com\/wp-content\/uploads\/2016\/06\/Feres-Gayrimenkul-Yonetim-Kurulu-Es-Baskani-Murat-Yagan-300x150.jpg\" alt=\"Feres-Gayrimenkul-Yonetim-Kurulu-Es-Baskani-Murat-Yagan\" width=\"416\" height=\"208\" \/><\/div>\n<div class=\"haberDetayPage\"><img loading=\"lazy\" class=\"alignnone  wp-image-1627\" src=\"http:\/\/emlaktuel.com\/wp-content\/uploads\/2016\/06\/7c2596ce-e854-423f-b2cc-f1c5daacf2b3-300x200.jpg\" alt=\"7c2596ce-e854-423f-b2cc-f1c5daacf2b3\" width=\"416\" height=\"277\" \/><br \/>\n<strong>En iyi miras Greenox<\/strong><\/p>\n<p>Greenox konsepti, ilk olman\u0131n verdi\u011fi heyecanla, her biri farkl\u0131 \u015fekilde kendini ifade eden \u0131\u015f\u0131k, peyzaj ve sanat\u0131n bile\u015fimini ortaya koyuyor. Pozitif bir ye\u015fil d\u00f6n\u00fc\u015f\u00fcm\u00fcn par\u00e7as\u0131 olarak gelece\u011fe b\u0131rak\u0131labilecek, s\u00fcrd\u00fcr\u00fclebilir en iyi miras Greenox. Projenin dikey duvarlar\u0131nda 21 bin 200 adet bitki, cephelerde ise 900 adet a\u011fa\u00e7 ve a\u011fa\u00e7\u00e7\u0131k bulunacak. Greenox Urban Residence, Avrupa Yakas\u0131\u2019n\u0131n merkezinde, finans merkezlerinin, i\u015f yerlerinin ve al\u0131\u015fveri\u015f mekanlar\u0131n\u0131n konumland\u0131\u011f\u0131 B\u00fcy\u00fckdere Caddesi\u2019ne 5 dakika y\u00fcr\u00fcme mesafesinde yer al\u0131yor. 4.Levent metro dura\u011f\u0131na 5 dakika y\u00fcr\u00fcme mesafesinde; araba ile FSM K\u00f6pr\u00fcs\u00fc, Bo\u011fazi\u00e7i K\u00f6pr\u00fcs\u00fc\u2019ne 8 dakika uzakl\u0131kta olan proje; Be\u015fikta\u015f \u0130skelesi\u2019ne ise 15 dakikal\u0131k bir mesafede y\u00fckseliyor.<\/p>\n<p><strong>Avrupa\u2019n\u0131n ve T\u00fcrkiye&#8217;nin en y\u00fcksek ye\u015fil duvarlar\u0131 Green0x<\/strong><\/p>\n<p>\u0130stanbul\u2019da ve \u00fclkemizde, t\u00fcm projelerde kent peyzajlar\u0131n\u0131 etkileyecek bir d\u00f6n\u00fc\u015f\u00fcm\u00fc ba\u015flatacak olan T\u00fcrkiye\u2019nin ilk ve tek dikey orman\u0131 Greenox Urban Residence, yan cephelerinde 56 ve 53 metre y\u00fcksekli\u011findeki ye\u015fil duvar uygulamalar\u0131 ile Avrupa\u2019n\u0131n en y\u00fcksek dikey ye\u015fil duvarlar\u0131na da ev sahipli\u011fi yap\u0131yor.<\/p>\n<p>Giderek betonla\u015fan \u0130stanbul\u2019da, \u015fehir merkezinde ya\u015fayan insan\u0131n ye\u015file ve oksijene duydu\u011fu ihtiya\u00e7tan yola \u00e7\u0131karak hayat bulan Greenox Urban Residence projesi \u201cEnerji ve \u00c7evre Dostu Tasar\u0131mda Liderlik (LEED)\u201d Gold aday\u0131.<\/p><\/div>\n<div id=\"contentTag\"><\/div>\n<div class=\"commentContent\">\u00a0Murta DEM\u0130R<\/div>\n<\/div>\n","protected":false},"excerpt":{"rendered":"<p>T\u00fcrkiye\u2019de ilk ve tek dikey orman\u0131 bulunan proje Greenox Urban Residence\u2019ta, Babalar G\u00fcn\u00fc\u2019ne \u00e7ok \u00f6zel 19 Haziran Pazar g\u00fcn\u00fc mevcut indirimin \u00fczerine y\u00fczde 5\u2019lik bir indirim daha yap\u0131l\u0131yor. Aycan&amp;Feres \u0130\u015f Ortakl\u0131\u011f\u0131 taraf\u0131ndan B\u00fcy\u00fckdere Caddesi\u2019ne 400 metre uzakl\u0131kta hayat buluyor. 13 bin metrekare alan \u00fczerinde in\u015fa edilen Greenox Urban Residence, 120 milyon TL yat\u0131r\u0131m de\u011feriyle in\u015fa [&hellip;]<\/p>\n","protected":false},"author":1,"featured_media":1627,"comment_status":"open","ping_status":"open","sticky":false,"template":"","format":"standard","meta":{"ngg_post_thumbnail":0},"categories":[221,1,26,219,220,97],"tags":[663,666,661,668,662,665,62,11094,669,5274,660,11073,664,80,124,741,106,11156,4518,11260,11259,667,11261],"_links":{"self":[{"href":"https:\/\/emlaktuel.com\/index.php?rest_route=\/wp\/v2\/posts\/1624"}],"collection":[{"href":"https:\/\/emlaktuel.com\/index.php?rest_route=\/wp\/v2\/posts"}],"about":[{"href":"https:\/\/emlaktuel.com\/index.php?rest_route=\/wp\/v2\/types\/post"}],"author":[{"embeddable":true,"href":"https:\/\/emlaktuel.com\/index.php?rest_route=\/wp\/v2\/users\/1"}],"replies":[{"embeddable":true,"href":"https:\/\/emlaktuel.com\/index.php?rest_route=%2Fwp%2Fv2%2Fcomments&post=1624"}],"version-history":[{"count":1,"href":"https:\/\/emlaktuel.com\/index.php?rest_route=\/wp\/v2\/posts\/1624\/revisions"}],"predecessor-version":[{"id":1628,"href":"https:\/\/emlaktuel.com\/index.php?rest_route=\/wp\/v2\/posts\/1624\/revisions\/1628"}],"wp:featuredmedia":[{"embeddable":true,"href":"https:\/\/emlaktuel.com\/index.php?rest_route=\/wp\/v2\/media\/1627"}],"wp:attachment":[{"href":"https:\/\/emlaktuel.com\/index.php?rest_route=%2Fwp%2Fv2%2Fmedia&parent=1624"}],"wp:term":[{"taxonomy":"category","embeddable":true,"href":"https:\/\/emlaktuel.com\/index.php?rest_route=%2Fwp%2Fv2%2Fcategories&post=1624"},{"taxonomy":"post_tag","embeddable":true,"href":"https:\/\/emlaktuel.com\/index.php?rest_route=%2Fwp%2Fv2%2Ftags&post=1624"}],"curies":[{"name":"wp","href":"https:\/\/api.w.org\/{rel}","templated":true}]}}