{"id":16156,"date":"2017-07-13T15:20:12","date_gmt":"2017-07-13T12:20:12","guid":{"rendered":"http:\/\/emlaktuel.com\/?p=16156"},"modified":"2018-07-05T16:57:31","modified_gmt":"2018-07-05T13:57:31","slug":"kale-banyo-miro-ile-klasik-tarzi-modern-cizgilerle-banyonuza-tasiyor","status":"publish","type":"post","link":"https:\/\/emlaktuel.com\/?p=16156","title":{"rendered":"Kale Banyo, \u2018Miro\u2019 ile klasik tarz\u0131 modern \u00e7izgilerle banyonuza ta\u015f\u0131yor"},"content":{"rendered":"<h4><img loading=\"lazy\" class=\"size-full wp-image-16157 aligncenter\" src=\"http:\/\/emlaktuel.com\/wp-content\/uploads\/2017\/07\/1499946888_01.Kale_Banyo_Miro.jpg\" alt=\"\" width=\"5000\" height=\"3750\" \/><\/h4>\n<h4>Kale Banyo\u2019nun yeni koleksiyonu Miro, \u015f\u0131k ve farkl\u0131 tasar\u0131m\u0131 ile Roma d\u00f6neminin g\u00fc\u00e7l\u00fc hatlar\u0131n\u0131 modern \u00e7izgilerle banyonuza yans\u0131t\u0131yor.<\/h4>\n<h4>B\u00fct\u00fcnsel tasar\u0131m konseptiyle hayata ge\u00e7irdi\u011fi \u00fcr\u00fcnleri ile estetik ve i\u015flevsel banyolar yaratan <strong>Kale Banyo<\/strong>, <strong>Miro<\/strong> koleksiyonu ile banyolarda \u00f6zg\u00fcnl\u00fc\u011f\u00fcn\u00fc ortaya koyuyor. <strong>Miro <\/strong>mobilya koleksiyonunu, <strong>\u00c7anakkale Seramik<\/strong>\u2019in <strong>Etholie<\/strong>, <strong>Sanremo <\/strong>ve <strong>Calacatta <\/strong>seramikleri ile birlikte kullanarak Roma d\u00f6nemi keyfini siz de banyonuzda ya\u015fayabilirsiniz.<\/h4>\n<h4><strong>Miro Banyo Mobilyas\u0131<\/strong>\u2019na \u00f6zel olarak tasarlanan <strong>Artdeco<\/strong> lavabosu, farkl\u0131 ve estetik bir mekanda olman\u0131n ayr\u0131cal\u0131\u011f\u0131n\u0131 ya\u015fat\u0131yor. Dengeli boyutlar\u0131 ve tasar\u0131m \u00f6zellikleri ile stil sahibi bir banyo isteyenlere hitap eden <strong>Miro <\/strong>koleksiyonunda kullan\u0131lan \u00fcr\u00fcnlerin hepsi, banyo keyfini \u00e7\u0131karman\u0131z i\u00e7in sizi bekliyor.<\/h4>\n<h4>Sadece stili de\u011fil soft close \u00e7ift \u00e7ekmece sistemi ile rahat ve i\u015flevselli\u011fi y\u00fcksek olan koleksiyon, banyolarda istenen modern kullan\u0131m kolayl\u0131\u011f\u0131n\u0131 sunuyor. Uzun \u00f6m\u00fcr ve fonksiyonellik kat\u0131lan koleksiyonda, g\u00f6vde ve kapaklarda kullan\u0131lan <strong>Kale Banyo<\/strong>\u2019nun Durabad kaplamas\u0131 ile suya dayan\u0131kl\u0131 g\u00fcvenli kullan\u0131m sa\u011flan\u0131yor. Buzlu cam kullan\u0131lan boy dolab\u0131 da estetik ve i\u015flevsel tasar\u0131m\u0131yla dikkat \u00e7ekiyor.<\/h4>\n<h4><strong>Kale Banyo<\/strong>\u2019nun modern tasar\u0131m\u0131 <strong>Miro<\/strong>, \u2018mat beyaz\u2019, \u2018mat gri\u2019 ve \u2018mat krem\u2019 gibi renk se\u00e7eneklerine sahip mobilyalar\u0131yla banyolarda uyumlu bir atmosfer olu\u015fturuyor.<\/h4>\n","protected":false},"excerpt":{"rendered":"<p>Kale Banyo\u2019nun yeni koleksiyonu Miro, \u015f\u0131k ve farkl\u0131 tasar\u0131m\u0131 ile Roma d\u00f6neminin g\u00fc\u00e7l\u00fc hatlar\u0131n\u0131 modern \u00e7izgilerle banyonuza yans\u0131t\u0131yor. B\u00fct\u00fcnsel tasar\u0131m konseptiyle hayata ge\u00e7irdi\u011fi \u00fcr\u00fcnleri ile estetik ve i\u015flevsel banyolar yaratan Kale Banyo, Miro koleksiyonu ile banyolarda \u00f6zg\u00fcnl\u00fc\u011f\u00fcn\u00fc ortaya koyuyor. Miro mobilya koleksiyonunu, \u00c7anakkale Seramik\u2019in Etholie, Sanremo ve Calacatta seramikleri ile birlikte kullanarak Roma d\u00f6nemi keyfini [&hellip;]<\/p>\n","protected":false},"author":1,"featured_media":16157,"comment_status":"open","ping_status":"open","sticky":false,"template":"","format":"standard","meta":{"ngg_post_thumbnail":0},"categories":[223,26],"tags":[801,11645,11110,11212,11238,11102],"_links":{"self":[{"href":"https:\/\/emlaktuel.com\/index.php?rest_route=\/wp\/v2\/posts\/16156"}],"collection":[{"href":"https:\/\/emlaktuel.com\/index.php?rest_route=\/wp\/v2\/posts"}],"about":[{"href":"https:\/\/emlaktuel.com\/index.php?rest_route=\/wp\/v2\/types\/post"}],"author":[{"embeddable":true,"href":"https:\/\/emlaktuel.com\/index.php?rest_route=\/wp\/v2\/users\/1"}],"replies":[{"embeddable":true,"href":"https:\/\/emlaktuel.com\/index.php?rest_route=%2Fwp%2Fv2%2Fcomments&post=16156"}],"version-history":[{"count":1,"href":"https:\/\/emlaktuel.com\/index.php?rest_route=\/wp\/v2\/posts\/16156\/revisions"}],"predecessor-version":[{"id":16158,"href":"https:\/\/emlaktuel.com\/index.php?rest_route=\/wp\/v2\/posts\/16156\/revisions\/16158"}],"wp:featuredmedia":[{"embeddable":true,"href":"https:\/\/emlaktuel.com\/index.php?rest_route=\/wp\/v2\/media\/16157"}],"wp:attachment":[{"href":"https:\/\/emlaktuel.com\/index.php?rest_route=%2Fwp%2Fv2%2Fmedia&parent=16156"}],"wp:term":[{"taxonomy":"category","embeddable":true,"href":"https:\/\/emlaktuel.com\/index.php?rest_route=%2Fwp%2Fv2%2Fcategories&post=16156"},{"taxonomy":"post_tag","embeddable":true,"href":"https:\/\/emlaktuel.com\/index.php?rest_route=%2Fwp%2Fv2%2Ftags&post=16156"}],"curies":[{"name":"wp","href":"https:\/\/api.w.org\/{rel}","templated":true}]}}